    
{"id":83515,"date":"2025-04-14T16:28:05","date_gmt":"2025-04-14T14:28:05","guid":{"rendered":"https:\/\/www.praha7.cz\/?p=83515"},"modified":"2025-05-28T17:09:21","modified_gmt":"2025-05-28T15:09:21","slug":"zklidneni-skolnich-ulic-u-nadrazi-holesovice","status":"publish","type":"post","link":"https:\/\/www.praha7.cz\/zklidneni-skolnich-ulic-u-nadrazi-holesovice\/","title":{"rendered":"Zklidn\u011bn\u00ed \u0161koln\u00edch ulic u&nbsp;N\u00e1dra\u017e\u00ed Hole\u0161ovice"},"content":{"rendered":"<p>[perex]<\/p>\r\n<p>Technick\u00e1 spr\u00e1va komunikac\u00ed hl. m. Prahy zah\u00e1jila p\u0159\u00edpravn\u00e9 pr\u00e1ce na zklidn\u011bn\u00ed ulic Rajsk\u00e1 a&nbsp;Jablonsk\u00e9ho, resp. cel\u00e9 oblasti mezi ulicemi \u017delezni\u010d\u00e1\u0159\u016f a&nbsp;Plyn\u00e1rn\u00ed (v\u010detn\u011b). V\u00a0t\u00e9to oblasti kousek od N\u00e1dra\u017e\u00ed Hole\u0161ovice se nach\u00e1z\u00ed mate\u0159sk\u00e1, z\u00e1kladn\u00ed, st\u0159edn\u00ed i&nbsp;vy\u0161\u0161\u00ed odborn\u00e1 \u0161kola a&nbsp;pohybuje se zde velk\u00e9 mno\u017estv\u00ed d\u011bt\u00ed. Opat\u0159en\u00ed vych\u00e1z\u00ed z&nbsp;dlouhodob\u00fdch po\u017eadavk\u016f \u0161kol s\u00eddl\u00edc\u00edch v&nbsp;dot\u010den\u00fdch ulic\u00edch a&nbsp;navazuje na ji\u017e platnou \u00fapravu v&nbsp;ulici Plyn\u00e1rn\u00ed u&nbsp;N\u00e1dra\u017e\u00ed Hole\u0161ovice, kam je zak\u00e1z\u00e1n vjezd mimo MHD, IZS a&nbsp;vybranou dopravn\u00ed obsluhu.<\/p>\r\n<p>[\/perex]<\/p>\r\n<p>V r\u00e1mci nadch\u00e1zej\u00edc\u00edch \u00faprav bude zamezen pr\u016fjezd kolem n\u00e1stupn\u00edho ostr\u016fvku tramvaje ve sm\u011bru Ortenovo n\u00e1m\u011bst\u00ed. Spolu s\u00a0t\u00edm nebude mo\u017en\u00e9 vj\u00ed\u017ed\u011bt do ulic Rajsk\u00e1 a&nbsp;Jablonsk\u00e9ho z&nbsp;ulice Plyn\u00e1rn\u00ed. Ulice tak nebudou vyu\u017e\u00edv\u00e1ny pro pr\u016fjezdnou dopravu a&nbsp;budou bezpe\u010dn\u011bj\u0161\u00ed a&nbsp;p\u0159ehledn\u011bj\u0161\u00ed pro stovky d\u011bt\u00ed a&nbsp;student\u016f, kte\u0159\u00ed sem denn\u011b chod\u00ed do \u0161kol z&nbsp;MHD od N\u00e1dra\u017e\u00ed Hole\u0161ovice. Ob\u011b ulice budou pro z\u00e1sobov\u00e1n\u00ed a&nbsp;dal\u0161\u00ed c\u00edlovou dopravu p\u0159\u00edstupn\u00e9 z&nbsp;ul. \u017delezni\u010d\u00e1\u0159\u016f.<\/p>\r\n<p><img loading=\"lazy\" src=\"https:\/\/www.praha7.cz\/wp-content\/uploads\/2025\/04\/Rajska-1-1333x1000.jpg\" alt=\"\" width=\"640\" height=\"480\" class=\"alignnone size-large wp-image-83518\" srcset=\"https:\/\/www.praha7.cz\/wp-content\/uploads\/2025\/04\/Rajska-1-1333x1000.jpg 1333w, https:\/\/www.praha7.cz\/wp-content\/uploads\/2025\/04\/Rajska-1-533x400.jpg 533w, https:\/\/www.praha7.cz\/wp-content\/uploads\/2025\/04\/Rajska-1-768x576.jpg 768w, https:\/\/www.praha7.cz\/wp-content\/uploads\/2025\/04\/Rajska-1-1536x1152.jpg 1536w, https:\/\/www.praha7.cz\/wp-content\/uploads\/2025\/04\/Rajska-1-2048x1536.jpg 2048w\" sizes=\"(max-width: 640px) 100vw, 640px\" \/><\/p>\r\n<p>V\u00a0p\u0159\u00edprav\u011b jsou tak\u00e9 \u00fapravy, kter\u00e9 se t\u00fdkaj\u00ed pr\u016fjezdu vozidel mezi ulic\u00ed \u017delezni\u010d\u00e1\u0159\u016f a&nbsp;ulicemi U&nbsp;Pap\u00edrny a&nbsp;Za Pap\u00edrnou, kde denn\u011b doch\u00e1z\u00ed k&nbsp;neleg\u00e1ln\u00edmu a&nbsp;rizikov\u00e9mu pohybu automobil\u016f. Mnoz\u00ed \u0159idi\u010di si tudy zkracuj\u00ed cestu ve sm\u011brech j\u00edzdy, kter\u00e9 nejsou z&nbsp;d\u016fvodu \u0161patn\u00fdch rozhledov\u00fdch pom\u011br\u016f povoleny.<\/p>\r\n<p>V\u00a0cel\u00e9 oblasti budou realizov\u00e1na tzv. nestavebn\u00ed \u0159e\u0161en\u00ed pomoc\u00ed do\u010dasn\u00fdch prvk\u016f, celkov\u00e1 p\u0159estavba se uskute\u010dn\u00ed v\u00a0r\u00e1mci rozvoje VRU Bubny a&nbsp;navazuj\u00edc\u00edch projekt\u016f, kter\u00e9 p\u0159ipravuje magistr\u00e1t hl. m. Prahy.<\/p>\r\n<p>D\u011bkujeme za pochopen\u00ed.<\/p>\r\n<p><a href=\"https:\/\/www.praha7.cz\/wp-content\/uploads\/2025\/04\/jablonskeho-rajska.png\" target=\"_blank\" rel=\"noopener\"><img loading=\"lazy\" src=\"https:\/\/www.praha7.cz\/wp-content\/uploads\/2025\/04\/jablonskeho-rajska-1500x897.png\" alt=\"\" width=\"640\" height=\"383\" class=\"alignnone size-large wp-image-83519\" srcset=\"https:\/\/www.praha7.cz\/wp-content\/uploads\/2025\/04\/jablonskeho-rajska-1500x897.png 1500w, https:\/\/www.praha7.cz\/wp-content\/uploads\/2025\/04\/jablonskeho-rajska-600x359.png 600w, https:\/\/www.praha7.cz\/wp-content\/uploads\/2025\/04\/jablonskeho-rajska-768x459.png 768w, https:\/\/www.praha7.cz\/wp-content\/uploads\/2025\/04\/jablonskeho-rajska-1536x918.png 1536w, https:\/\/www.praha7.cz\/wp-content\/uploads\/2025\/04\/jablonskeho-rajska.png 1807w\" sizes=\"(max-width: 640px) 100vw, 640px\" \/><\/a><\/p>","protected":false},"excerpt":{"rendered":"[perex] Technick\u00e1 spr\u00e1va komunikac\u00ed hl. m. Prahy zah\u00e1jila p\u0159\u00edpravn\u00e9 pr\u00e1ce na zklidn\u011bn\u00ed ulic Rajsk\u00e1 a&nbsp;Jablonsk\u00e9ho, resp. cel\u00e9 oblasti mezi ulicemi \u017delezni\u010d\u00e1\u0159\u016f a&nbsp;Plyn\u00e1rn\u00ed (v\u010detn\u011b). V\u00a0t\u00e9to oblasti kousek od N\u00e1dra\u017e\u00ed Hole\u0161ovice se nach\u00e1z\u00ed mate\u0159sk\u00e1, z\u00e1kladn\u00ed, st\u0159edn\u00ed i&nbsp;vy\u0161\u0161\u00ed odborn\u00e1 \u0161kola a&nbsp;pohybuje se zde velk\u00e9 mno\u017estv\u00ed d\u011bt\u00ed. Opat\u0159en\u00ed vych\u00e1z\u00ed z&nbsp;dlouhodob\u00fdch po\u017eadavk\u016f \u0161kol s\u00eddl\u00edc\u00edch v&nbsp;dot\u010den\u00fdch ulic\u00edch a&nbsp;navazuje na ji\u017e platnou [&hellip;]","protected":false},"author":5,"featured_media":83517,"comment_status":"closed","ping_status":"open","sticky":false,"template":"","format":"standard","meta":[],"categories":[34],"tags":[57],"_links":{"self":[{"href":"https:\/\/www.praha7.cz\/api\/wp\/v2\/posts\/83515"}],"collection":[{"href":"https:\/\/www.praha7.cz\/api\/wp\/v2\/posts"}],"about":[{"href":"https:\/\/www.praha7.cz\/api\/wp\/v2\/types\/post"}],"author":[{"embeddable":true,"href":"https:\/\/www.praha7.cz\/api\/wp\/v2\/users\/5"}],"replies":[{"embeddable":true,"href":"https:\/\/www.praha7.cz\/api\/wp\/v2\/comments?post=83515"}],"version-history":[{"count":1,"href":"https:\/\/www.praha7.cz\/api\/wp\/v2\/posts\/83515\/revisions"}],"predecessor-version":[{"id":83520,"href":"https:\/\/www.praha7.cz\/api\/wp\/v2\/posts\/83515\/revisions\/83520"}],"wp:featuredmedia":[{"embeddable":true,"href":"https:\/\/www.praha7.cz\/api\/wp\/v2\/media\/83517"}],"wp:attachment":[{"href":"https:\/\/www.praha7.cz\/api\/wp\/v2\/media?parent=83515"}],"wp:term":[{"taxonomy":"category","embeddable":true,"href":"https:\/\/www.praha7.cz\/api\/wp\/v2\/categories?post=83515"},{"taxonomy":"post_tag","embeddable":true,"href":"https:\/\/www.praha7.cz\/api\/wp\/v2\/tags?post=83515"}],"curies":[{"name":"wp","href":"https:\/\/api.w.org\/{rel}","templated":true}]}}