    
{"id":83511,"date":"2025-04-14T16:53:46","date_gmt":"2025-04-14T14:53:46","guid":{"rendered":"https:\/\/www.praha7.cz\/?p=83511"},"modified":"2025-04-14T16:54:38","modified_gmt":"2025-04-14T14:54:38","slug":"cas-tvorit","status":"publish","type":"post","link":"https:\/\/www.praha7.cz\/cas-tvorit\/","title":{"rendered":"\u010cas tvo\u0159it"},"content":{"rendered":"<p>[perex]<\/p>\r\n<p>M\u00e1te chu\u0165 n\u011bco tvo\u0159it, nau\u010dit se n\u011bco nov\u00e9ho? Na Sedmi\u010dce najdete kurzy a&nbsp;sd\u00edlen\u00e9 d\u00edlny, kde si m\u016f\u017eete osahat hl\u00ednu, l\u00e1tky, pap\u00edr i&nbsp;d\u0159evo \u2013 a&nbsp;dom\u016f si odn\u00e9st vlastnoru\u010dn\u011b vyroben\u00fd kousek. A\u0165 u\u017e chcete zkusit n\u011bco nov\u00e9ho, nebo hled\u00e1te prostor pro vlastn\u00ed kreativitu, na Sedmi\u010dce najdete spoustu m\u00edst, kde se z&nbsp;n\u00e1padu st\u00e1v\u00e1 skute\u010dnost.<\/p>\r\n<p>[\/perex]<\/p>\r\n<p>Materialistic v&nbsp;Havansk\u00e9 ulici nen\u00ed jen obchod s&nbsp;l\u00e1tkami, \u0161ic\u00edmi pot\u0159ebami a&nbsp;kurzy, ale i&nbsp;m\u00edsto, kde se lid\u00e9 sch\u00e1zej\u00ed ve sd\u00edlen\u00e9 \u0161ic\u00ed d\u00edln\u011b, do n\u00ed\u017e m\u016f\u017ee ka\u017ed\u00fd zav\u00edtat. \u201eSd\u00edlenou \u0161ic\u00ed d\u00edlnu vn\u00edm\u00e1me sp\u00ed\u0161 jako slu\u017ebu lidem a&nbsp;jako prostor, kde mohou lid\u00e9 vyu\u017e\u00edt na\u0161e stroje a&nbsp;z\u00e1zem\u00ed, kter\u00e9 je k&nbsp;dispozici,\u201c \u0159\u00edk\u00e1 Jana Pel\u00e1nov\u00e1, zakladatelka. Materialistic nab\u00edz\u00ed n\u011bkolik kurz\u016f ve \u010dty\u0159ech kategori\u00edch: \u0161it\u00ed pro za\u010d\u00e1te\u010dn\u00edky, pokro\u010dil\u00e9, kurzy textiln\u00edch \u0159emesel a&nbsp;individu\u00e1ln\u00ed kurzy \u0161it\u00ed. Vedle toho ale v&nbsp;nab\u00eddce najdete tak\u00e9 ambici\u00f3zn\u011bj\u0161\u00ed kurz s&nbsp;n\u00e1zvem \u0160kola \u0161it\u00ed, kter\u00fd zahrnuje \u0161est setk\u00e1n\u00ed a&nbsp;b\u011bhem n\u011bj se v\u011bnujete i&nbsp;p\u0159\u00edmo od\u011bvn\u00ed tvorb\u011b. V&nbsp;kurzu m\u00e1te tak\u00e9 p\u0159\u00edstup k&nbsp;jejich \u0161ic\u00ed knihovn\u011b, je\u017e obsahuje eklektick\u00fd v\u00fdb\u011br \u0161ic\u00ed literatury. M\u016f\u017eete se p\u0159iu\u010dit i&nbsp;tkan\u00ed na kruhov\u00e9m r\u00e1mu, ru\u010dn\u00ed v\u00fd\u0161ivce nebo d\u00e1t dal\u0161\u00ed \u017eivot sv\u00e9mu oble\u010den\u00ed d\u00edky kurzu viditeln\u00e9ho z\u00e1platov\u00e1n\u00ed (tzv. visible mending).<\/p>\r\n<p>Na Sedmi\u010dce Materialistic s\u00eddl\u00ed od roku 2014 a&nbsp;od leto\u0161n\u00edho b\u0159ezna je najdete i&nbsp;v&nbsp;Karl\u00edn\u011b. \u201eLetn\u00e1 je na\u0161e z\u00e1kladna, ale kurzy m\u00e1me pln\u00e9, tak jsme si \u0159ekli, \u017ee p\u016fjdeme i&nbsp;jinam. Ka\u017ed\u00e9mu mysl\u00edm \u0161it\u00ed p\u0159inese to, co chce a&nbsp;co mu dovol\u00ed. Mn\u011b p\u0159in\u00e1\u0161\u00ed asi nejv\u00edc sm\u00ed\u0159en\u00ed s&nbsp;nedokonalost\u00ed p\u0159i m\u00e9m vlastn\u00edm \u0161it\u00ed, proto\u017ee ta je \u00fapln\u011b nevyhnuteln\u00e1. D\u00edky dobr\u00e9 l\u00e1tce pak vn\u00edm\u00e1m element\u00e1rn\u00ed \u00factu k&nbsp;materi\u00e1lu, kter\u00fd n\u011bjak vznikl. Zn\u00e1m ten proces a&nbsp;v\u00e1\u017e\u00edm si ho z&nbsp;hlediska poctiv\u00e9ho \u0159emesla. A&nbsp;n\u011bjak m\u011b to posiluje, kdy\u017e m\u00e1m na sob\u011b v\u011bci, kter\u00e9 jsem si u\u0161ila z&nbsp;l\u00e1tek, kter\u00fdm n\u011bkdo dal p\u00e9\u010di a&nbsp;j\u00e1 si je vybrala pro sebe,\u201c dod\u00e1v\u00e1 Jana.<br \/>\r\n<br \/>\r\n<\/p>\r\n<p><img loading=\"lazy\" src=\"https:\/\/www.praha7.cz\/wp-content\/uploads\/2025\/04\/cb-7-313x400.png\" alt=\"\" width=\"313\" height=\"400\" class=\"alignnone size-medium wp-image-83527\" srcset=\"https:\/\/www.praha7.cz\/wp-content\/uploads\/2025\/04\/cb-7-313x400.png 313w, https:\/\/www.praha7.cz\/wp-content\/uploads\/2025\/04\/cb-7.png 388w\" sizes=\"(max-width: 313px) 100vw, 313px\" \/><\/p>\r\n<p><strong><br \/>\r\nU\u0161ij si, co chce\u0161<br \/>\r\n<\/strong>Dal\u0161\u00edm m\u00edstem spojen\u00fdm se \u0161it\u00edm je Do\u0161ito v&nbsp;P\u0159\u00edstavn\u00ed ulici. Zam\u011b\u0159uj\u00ed se na semestr\u00e1ln\u00ed kurzy a&nbsp;jednor\u00e1zov\u00e9 workshopy, jejich\u017e c\u00edlem je u\u0161it\u00ed konkr\u00e9tn\u00edho kusu oble\u010den\u00ed \u2013 ledvinky, lehk\u00e9 bundy, \u0161at\u016f nebo sukn\u011b. \u201eN\u011bkdy n\u00e1s k&nbsp;vytvo\u0159en\u00ed konkr\u00e9tn\u00edch workshop\u016f inspiruje sezona a&nbsp;trendy, jindy si n\u011bco u\u0161ijeme samy a&nbsp;ostatn\u00ed to cht\u011bj\u00ed taky. Nap\u0159\u00edklad ledvinka vznikla jako zp\u016fsob, jak vyu\u017e\u00edt zbytky l\u00e1tek z&nbsp;bund. A&nbsp;proto\u017ee u\u017e m\u00e1me spoustu projekt\u016f, \u010dasto je spojujeme do kurzu U\u0161ij si, co chce\u0161, kde si ka\u017ed\u00fd vybere sv\u016fj vysn\u011bn\u00fd kousek,\u201c \u0159\u00edk\u00e1 Jana N\u011bmcov\u00e1, zakladatelka Do\u0161ito. Tento kurz je vhodn\u00fd pro takzvan\u00e9 za\u010d\u00e1te\u010dn\u00edky nebo m\u00edrn\u011b pokro\u010dil\u00e9 \u2013 tedy pro ty, kte\u0159\u00ed u\u017e maj\u00ed alespo\u0148 minim\u00e1ln\u00ed zku\u0161enost se \u0161ic\u00edm strojem. B\u011bhem lekc\u00ed v\u00e1m lektorka pom\u016f\u017ee vybrat vhodn\u00fd projekt pro va\u0161i \u00farove\u0148, porad\u00ed s&nbsp;ji\u017e rozpracovan\u00fdm v\u00fdrobkem nebo poskytne podporu, pokud nechcete \u0161\u00edt sami. Jana dod\u00e1v\u00e1, \u017ee atmosf\u00e9ra u&nbsp;nich je hlavn\u011b uvoln\u011bn\u00e1 a&nbsp;p\u0159\u00e1telsk\u00e1. \u201eChceme, aby se u&nbsp;n\u00e1s lid\u00e9 c\u00edtili dob\u0159e, neb\u00e1li se pt\u00e1t a&nbsp;odch\u00e1zeli s&nbsp;chut\u00ed \u0161\u00edt d\u00e1l. T\u011b\u0161\u00ed m\u011b, \u017ee je o&nbsp;\u0161it\u00ed po\u0159\u00e1d takov\u00fd z\u00e1jem. Nav\u00edc \u010d\u00edm d\u00e1l v\u00edc lid\u00ed zaj\u00edm\u00e1 udr\u017eitelnost \u2013 odkud l\u00e1tky poch\u00e1zej\u00ed, jakou maj\u00ed kvalitu a&nbsp;jak vyu\u017e\u00edt zbytky,\u201c \u0159\u00edk\u00e1 Jana.<\/p>\r\n<p>Krom\u011b tradi\u010dn\u00edch kurz\u016f \u0161it\u00ed pro za\u010d\u00e1te\u010dn\u00edky, pokro\u010dil\u00fdch kurz\u016f a&nbsp;individu\u00e1ln\u00edch lekc\u00ed se v&nbsp;Do\u0161ito m\u016f\u017eete pustit i&nbsp;do \u0161it\u00ed z&nbsp;\u00faplet\u016f na overlocku nebo do kurzu konstrukce st\u0159ih\u016f. V\u00fdjime\u010dn\u00fdm kurzem je krou\u017eek \u0161it\u00ed pro d\u011bti od 10 let. \u201eD\u011btsk\u00e9 kurzy jsme rozjely teprve letos, tak\u017ee je lad\u00edme a&nbsp;naplno za\u010dnou od nov\u00e9ho \u0161koln\u00edho roku. Nejt\u011b\u017e\u0161\u00ed b\u00fdv\u00e1 udr\u017eet pozornost d\u011bt\u00ed, tak\u017ee lekce mus\u00ed b\u00fdt hrav\u00e9 a&nbsp;pestr\u00e9. Rozhodn\u011b jsou ale d\u011bti p\u0159i \u0161it\u00ed odv\u00e1\u017en\u011bj\u0161\u00ed ne\u017e dosp\u011bl\u00ed \u2013 jdou do toho po hlav\u011b a&nbsp;hned pl\u00e1nuj\u00ed, co v\u0161echno a&nbsp;pro koho u\u0161ij\u00ed,\u201c dod\u00e1v\u00e1 Jana.<\/p>\r\n<p>Do\u0161ito pro sv\u00e9 kurzy vytv\u00e1\u0159\u00ed i&nbsp;vlastn\u00ed st\u0159ihy. \u201eSt\u0159ihy \u010dasto vznikaj\u00ed z&nbsp;pot\u0159eby \u2013 kdy\u017e n\u011bco chceme nosit a&nbsp;v&nbsp;obchodech to nen\u00ed. Inspirujeme se v\u0161ude kolem \u2013 u&nbsp;lid\u00ed na ulici, na Pinterestu, Instagramu nebo dokonce ve vlastn\u00ed sk\u0159\u00edni. Chci hlavn\u011b povzbudit v\u0161echny, kdo o&nbsp;\u0161it\u00ed uva\u017euj\u00ed \u2013 za\u010d\u00edt nen\u00ed v\u016fbec tak t\u011b\u017ek\u00e9, jak se m\u016f\u017ee zd\u00e1t!\u201c dod\u00e1v\u00e1 Jana.<br \/>\r\n<br \/>\r\n<\/p>\r\n<p><img loading=\"lazy\" src=\"https:\/\/www.praha7.cz\/wp-content\/uploads\/2025\/04\/cb-4-304x400.png\" alt=\"\" width=\"304\" height=\"400\" class=\"alignnone size-medium wp-image-83528\" srcset=\"https:\/\/www.praha7.cz\/wp-content\/uploads\/2025\/04\/cb-4-304x400.png 304w, https:\/\/www.praha7.cz\/wp-content\/uploads\/2025\/04\/cb-4.png 360w\" sizes=\"(max-width: 304px) 100vw, 304px\" \/><\/p>\r\n<p><strong><br \/>\r\nL\u00e1ska k\u00a0prastar\u00e9mu m\u00e9diu<\/strong><br \/>\r\nV&nbsp;listopadu se v&nbsp;ulici Janovsk\u00e9ho otev\u0159elo nev\u0161edn\u00ed pap\u00edrnictv\u00ed spojen\u00e9 s&nbsp;kav\u00e1rnou \u2013 Ka\u0161-mi-da\u0161. \u201eN\u00e1pad jsme v&nbsp;hlav\u011b nosili dlouho, je\u0161t\u011b z&nbsp;dob, kdy byl obchod v&nbsp;Praze 2. D\u00e1v\u00e1 n\u00e1m smysl, aby si \u010dlov\u011bk sedl s&nbsp;k\u00e1vou, vzal si se\u0161it nebo di\u00e1\u0159, sv\u00e9 obl\u00edben\u00e9 pero a&nbsp;n\u011bco si zapsal nebo nakreslil,\u201c \u0159\u00edkaj\u00ed majitel\u00e9 Zlata a&nbsp;Ondra.<\/p>\r\n<p>V jejich nab\u00eddce najdete r\u016fzn\u00e9 pap\u00edrensk\u00e9 pot\u0159eby, jako jsou z\u00e1pisn\u00edky, skic\u00e1ky, samolepky, dopisn\u00ed pap\u00edry, ale tak\u00e9 kaligrafick\u00e1 a&nbsp;plnic\u00ed pera \u010di inkousty. \u201eChceme z\u00e1kazn\u00edk\u016fm p\u0159in\u00e9st to, co tady chyb\u00ed a&nbsp;stoj\u00ed za to to objevit. P\u0159i v\u00fdb\u011bru je pro n\u00e1s krit\u00e9riem nejen design a&nbsp;p\u0159\u00edb\u011bh zna\u010dky, ale i&nbsp;jej\u00ed postoj k&nbsp;udr\u017eitelnosti. M\u00e1me inkousty z&nbsp;Japonska, Koreje, USA, Polska, ale i&nbsp;z&nbsp;\u010ceska. Ty \u010desk\u00e9 jsou na\u0161e, ned\u00e1vno jsme toti\u017e ve spolupr\u00e1ci s&nbsp;\u010desk\u00fdm v\u00fdrobcem vyvinuli vlastn\u00ed \u0159adu inkoust\u016f \u2013 m\u00e1me je v&nbsp;kalam\u00e1\u0159\u00edch i&nbsp;v&nbsp;praktick\u00fdch bombi\u010dk\u00e1ch. V&nbsp;prodejn\u011b je pak i&nbsp;InkBar, kde si m\u016f\u017eete nam\u00edchat vlastn\u00ed odst\u00edn inkoustu. Z\u00e1kladem jsou velmi kvalitn\u00ed, ru\u010dn\u011b m\u00edchan\u00e9 inkousty z&nbsp;Vyso\u010diny. M\u00edch\u00e1n\u00ed inkoust\u016f vych\u00e1z\u00ed z&nbsp;l\u00e1sky k&nbsp;tomuto prastar\u00e9mu m\u00e9diu. Zjistili jsme, \u017ee se toho z\u00e1kazn\u00edci \u010dasto zbyte\u010dn\u011b boj\u00ed a&nbsp;\u017ee to na n\u011b p\u016fsob\u00ed p\u0159\u00edli\u0161 n\u00e1ro\u010dn\u011b, proto jsme vytvo\u0159ili workshop na m\u00edch\u00e1n\u00ed inkoustu. Je to jednoduch\u00e9 a&nbsp;z\u00e1bavn\u00e9. Je\u0161t\u011b se n\u00e1m nestalo, \u017ee by se n\u011bkomu nepovedlo nam\u00edchat kr\u00e1sn\u00fd odst\u00edn,\u201c \u0159\u00edkaj\u00ed spole\u010dn\u011b.<\/p>\r\n<p>Vedle tohoto workshopu nab\u00edzej\u00ed tak\u00e9 kurz japonsk\u00e9 kni\u017en\u00ed vazby, kter\u00fd vede Paul Tuttas, absolvent Vysok\u00e9 \u0161koly um\u011blecko-pr\u016fmyslov\u00e9 a\u00a0um\u011blec p\u016fsob\u00edc\u00ed v\u00a0Praze 7. Na Mikul\u00e1\u0161e uspo\u0159\u00e1dali tvo\u0159ivou d\u00edlni\u010dku pro nejmen\u0161\u00ed n\u00e1v\u0161t\u011bvn\u00edky. Do budoucna pl\u00e1nuj\u00ed tak\u00e9 samostatn\u00fd workshop pro d\u011bti, stejn\u011b jako kurzy kaligrafie a\u00a0akvarelu. \u201eKouzlo pap\u00edru spo\u010d\u00edv\u00e1 v\u00a0soust\u0159ed\u011bn\u00ed a\u00a0zastaven\u00ed. Nem\u016f\u017eete jedn\u00edm tla\u010d\u00edtkem n\u011bco smazat nebo zm\u011bnit. P\u0159i pr\u00e1ci s\u00a0pap\u00edrem se \u010dlov\u011bk odpoj\u00ed od digit\u00e1ln\u00edho sv\u011bta \u2013 slou\u017e\u00ed tedy tak\u00e9 jako zp\u016fsob zpomalen\u00ed a\u00a0digit\u00e1ln\u00ed detox. Mysl\u00edme si, \u017ee pr\u00e1v\u011b to dnes lid\u00e9 hledaj\u00ed a\u00a0\u017ee to budou hledat je\u0161t\u011b v\u00edc. Pot\u0159ebujeme to skoro v\u0161ichni.\u201c<\/p>\r\n<p><strong>V\u00a0odpadu se najde kvalitn\u00ed a\u00a0\u010dist\u00fd materi\u00e1l<br \/>\r\n<\/strong>Kouzlo pap\u00edru je neodmysliteln\u011b spojeno i&nbsp;s&nbsp;Reform\u00e1tem, pap\u00edrnictv\u00edm z&nbsp;druh\u00e9 ruky. Reform\u00e1t vznikl v&nbsp;roce 2013 jako bakal\u00e1\u0159sk\u00e1 pr\u00e1ce na Fakult\u011b um\u011bn\u00ed a&nbsp;designu Univerzity Jana Evangelisty Purkyn\u011b v&nbsp;\u00dast\u00ed nad Labem. Zakladatelka projektu S\u00e1ra Bergmannov\u00e1, tehdej\u0161\u00ed studentka grafick\u00e9ho designu, si v\u0161imla, jak velk\u00e9 mno\u017estv\u00ed pap\u00edrensk\u00e9ho odpadu generuj\u00ed grafi\u010dt\u00ed design\u00e9\u0159i, tisk\u00e1rny a&nbsp;kniha\u0159sk\u00e9 d\u00edlny. A&nbsp;cht\u011bla naj\u00edt zp\u016fsob, jak tento materi\u00e1l kreativn\u011b a&nbsp;efektivn\u011b vyu\u017e\u00edt. Reform\u00e1t v&nbsp;ulici U&nbsp;Stud\u00e1nky nejen d\u00e1v\u00e1 pap\u00edru nov\u00fd \u017eivot, ale z\u00e1rove\u0148 podporuje ekologick\u00e9 my\u0161len\u00ed a&nbsp;\u0161\u00ed\u0159\u00ed pov\u011bdom\u00ed o&nbsp;udr\u017eitelnosti v&nbsp;designu. D\u016fle\u017eitou sou\u010d\u00e1st\u00ed cel\u00e9ho projektu je tak\u00e9 S\u00e1\u0159in spolu\u017e\u00e1k a&nbsp;kolega, grafick\u00fd design\u00e9r Tom\u00e1\u0161 Brychta, kter\u00fd se pod\u00edl\u00ed na funk\u010dn\u00ed str\u00e1nce projektu.<\/p>\r\n<p>Kl\u00ed\u010dovou sou\u010d\u00e1st\u00ed Reform\u00e1tu je hled\u00e1n\u00ed materi\u00e1l\u016f, kter\u00e9 z\u00edsk\u00e1vaj\u00ed v&nbsp;kontejnerech, tisk\u00e1rn\u00e1ch, sb\u011brn\u00fdch dvorech a&nbsp;dal\u0161\u00edch m\u00edstech. Tyto materi\u00e1ly t\u0159\u00edd\u00ed, zpracov\u00e1vaj\u00ed a&nbsp;n\u00e1sledn\u011b vyu\u017e\u00edvaj\u00ed p\u0159i v\u00fdrob\u011b vlastn\u00edch produkt\u016f a&nbsp;zak\u00e1zek, na workshopech a&nbsp;ve sd\u00edlen\u00e9 d\u00edln\u011b, v&nbsp;n\u00ed\u017e najdete kompletn\u00ed kniha\u0159sk\u00e9 vybaven\u00ed, n\u00e1stroje, stroje a&nbsp;pot\u0159ebn\u00e9 komponenty. Aktu\u00e1ln\u011b v&nbsp;nab\u00eddce Reform\u00e1tu najdete workshopy v\u00fdroby skic\u00e1k\u016f s&nbsp;vazbou na krou\u017eek, v\u00fdrobu fotoalba v&nbsp;japonsk\u00e9 vazb\u011b, se\u0161it\u016f s&nbsp;r\u016fzn\u00fdmi typy \u0161it\u00ed \u010di opravu star\u00e9 knihy do nov\u00e9ho kab\u00e1tu. \u201eR\u00e1di bychom, aby si lid\u00e9 od n\u00e1s neodnesli jen hotov\u00fd produkt, kter\u00fd si u&nbsp;n\u00e1s koup\u00ed nebo vyrob\u00ed, ale i&nbsp;v\u011bdom\u00ed, jak efektivn\u011b a&nbsp;kreativn\u011b lze zpracov\u00e1vat odpad. Chceme, aby to ovlivnilo jejich pohled na konzumn\u00ed zp\u016fsob \u017eivota a&nbsp;pot\u0159ebu neust\u00e1le kupovat n\u011bco nov\u00e9ho,\u201c \u0159\u00edk\u00e1 S\u00e1ra.<\/p>\r\n<p><strong>Hl\u00edna m\u00e1 svou pam\u011b\u0165<br \/>\r\n<\/strong>Na Sedmi\u010dce vl\u00e1dne keramika \u2013 pr\u00e1v\u011b tady toti\u017e najdete nejv\u00edc m\u00edst, kde si m\u016f\u017eete osahat hl\u00ednu a\u00a0n\u011bco si vyrobit. \u201eHl\u00edna je \u017eiv\u00fd materi\u00e1l, kter\u00fd reaguje na ruce, doteky a\u00a0pr\u00e1ci s\u00a0n\u00edm. Trp\u011blivost, kreativita a\u00a0ochota experimentovat jsou stejn\u011b d\u016fle\u017eit\u00e9 jako technick\u00e1 zru\u010dnost. \u010c\u00edm l\u00e9pe \u010dlov\u011bk ovl\u00e1dne techniku, t\u00edm m\u00e9n\u011b se pot\u00fdk\u00e1 s\u00a0p\u0159ek\u00e1\u017ekami, ale s\u00a0dostate\u010dn\u00fdm cvi\u010den\u00edm se m\u016f\u017ee zdokonalit ka\u017ed\u00fd. Nejpodstatn\u011bj\u0161\u00ed je radost z\u00a0tvorby,\u201c \u0159\u00edk\u00e1 lektorka Gulsah Suster z\u00a0Atelieru P7, kter\u00fd u\u017e \u010dty\u0159i roky s\u00eddl\u00ed v\u00a0ulici Dukelsk\u00fdch hrdin\u016f.<\/p>\r\n<p>Ve zdej\u0161\u00ed keramick\u00e9 d\u00edln\u011b m\u016f\u017eete nav\u0161t\u00edvit kurz keramiky pro dosp\u011bl\u00e9, vyzkou\u0161et to\u010den\u00ed na kruhu, z\u00fa\u010dastnit se jednor\u00e1zov\u00fdch workshop\u016f nebo vyu\u017e\u00edt sd\u00edlenou d\u00edlnu, kter\u00e1 nab\u00edz\u00ed mo\u017enost pracovat na v\u011bt\u0161\u00edch projektech. \u201eMnoho \u00fa\u010dastn\u00edk\u016f po krat\u0161\u00edm kurzu zjist\u00ed, \u017ee je proces tvorby bav\u00ed, cht\u011bj\u00ed vytvo\u0159it dal\u0161\u00ed produkty, c\u00edt\u00ed se ve studiu dob\u0159e a\u00a0rozhodnou se pokra\u010dovat. Sna\u017e\u00edme se v\u00a0ateli\u00e9ru vytvo\u0159it prostor, kde se lid\u00e9 mohou u\u010dit, experimentovat a\u00a0r\u016fst vlastn\u00edm tempem. Z\u00e1kladn\u00ed dovednosti a\u00a0techniky se studenti nau\u010d\u00ed ji\u017e b\u011bhem prvn\u00ed lekce, kde si vytvo\u0159\u00ed sv\u00e9 prvn\u00ed v\u00fdrobky. Ucelen\u00e9 ovl\u00e1dnut\u00ed r\u016fzn\u00fdch technik a\u00a0hlub\u0161\u00ed porozum\u011bn\u00ed keramick\u00e9 technologii je ale dlouhodob\u00fd proces. Mist\u0159i se u\u010d\u00ed cel\u00fd \u017eivot. Nejt\u011b\u017e\u0161\u00ed pro za\u010d\u00e1te\u010dn\u00edky b\u00fdv\u00e1 sm\u00ed\u0159it se s\u00a0t\u00edm, \u017ee hl\u00edna m\u00e1 svou pam\u011b\u0165 a\u00a0\u0159\u00edd\u00ed se fyzik\u00e1ln\u00edmi z\u00e1kony. Pr\u00e1ce s\u00a0hl\u00ednou je proces objevov\u00e1n\u00ed, ve kter\u00e9m ka\u017ed\u00fd \u00fa\u010dastn\u00edk postupn\u011b nach\u00e1z\u00ed vlastn\u00ed styl a\u00a0techniky,\u201c dod\u00e1v\u00e1 Gulsah. Nej\u010dast\u011bji si \u00fa\u010dastn\u00edci kurz\u016f vyr\u00e1b\u011bj\u00ed hrnky, v\u00e1zy \u010di misky. Mnoz\u00ed v\u0161ak p\u0159ich\u00e1zej\u00ed s\u00a0vlastn\u00edmi n\u00e1pady, a\u00a0tak v\u00a0ateli\u00e9ru vznikaj\u00ed i\u00a0origin\u00e1ln\u00ed lampy, figurky nebo dla\u017edice. Do budoucna studio pl\u00e1nuje otev\u0159\u00edt rann\u00ed kurzy pro maminky a\u00a0seniory.<br \/>\r\n<br \/>\r\n<\/p>\r\n<p><img loading=\"lazy\" src=\"https:\/\/www.praha7.cz\/wp-content\/uploads\/2025\/04\/cb-8-278x400.png\" alt=\"\" width=\"278\" height=\"400\" class=\"alignnone size-medium wp-image-83529\" srcset=\"https:\/\/www.praha7.cz\/wp-content\/uploads\/2025\/04\/cb-8-278x400.png 278w, https:\/\/www.praha7.cz\/wp-content\/uploads\/2025\/04\/cb-8.png 311w\" sizes=\"(max-width: 278px) 100vw, 278px\" \/><\/p>\r\n<p><strong><br \/>\r\nZastavte se, budeme r\u00e1di<\/strong><br \/>\r\nV&nbsp;n\u00e1zvu keramick\u00e9 d\u00edlny H13 Pottery je ukryto nejen \u010d\u00edslo haly, v&nbsp;n\u00ed\u017e d\u00edlnu v&nbsp;Hole\u0161ovick\u00e9 tr\u017enici najdete, ale tak\u00e9 H jako Hole\u0161ovice, jedna d\u00edlna a&nbsp;t\u0159i keramici \u2013 Luk\u00e1\u0161 Milota, Petr \u201eMonty\u201c Luk\u00e1\u0161 a&nbsp;Daria Miroshnychenko. D\u00edlna p\u016fvodn\u011b nebyla zam\u00fd\u0161lena jako sd\u00edlen\u00fd prostor, ale jako m\u00edsto, kde budou t\u0159i keramici tvo\u0159it a&nbsp;c\u00edtit se dob\u0159e. Hole\u0161ovick\u00e1 tr\u017enice v\u0161ak p\u0159irozen\u011b vyb\u00edz\u00ed k&nbsp;tomu, aby se prostor co nejv\u00edce otev\u0159el ve\u0159ejnosti.<\/p>\r\n<p>Dnes je d\u00edlna k&nbsp;dispozici n\u011bkolika lidem ke sd\u00edlen\u00ed a&nbsp;nab\u00edz\u00ed \u0159adu kurz\u016f: z\u00e1\u017eitkov\u00e9, individu\u00e1ln\u00ed i&nbsp;skupinov\u00e9. Dom\u00e1c\u00ed atmosf\u00e9ra se ale nevytratila. \u201eZastavuj\u00ed se u&nbsp;n\u00e1s keramici, kamar\u00e1di i&nbsp;lid\u00e9 z&nbsp;ulice. Ob\u010das se je v\u0161echny sna\u017e\u00edme p\u0159il\u00e1kat dohromady n\u011bjakou akc\u00ed. Na ja\u0159e nap\u0159\u00edklad chyst\u00e1me v\u00fdstavu keramiky, kterou jsme si p\u0159ivezli z&nbsp;na\u0161ich cest po Japonsku. Keramika vy\u017eaduje zvl\u00e1dnut\u00ed pom\u011brn\u011b slo\u017eit\u00e9ho technologick\u00e9ho procesu. Sna\u017e\u00edme se hl\u00edn\u011b porozum\u011bt, m\u00edch\u00e1me si vlastn\u00ed glazury, p\u00e1l\u00edme v&nbsp;peci na d\u0159evo, zat\u00edmco v&nbsp;kurzech vyu\u017e\u00edv\u00e1me pec elektrickou. Sna\u017e\u00edme se tyto znalosti sd\u00edlet a&nbsp;vytvo\u0159it inspirativn\u00ed prost\u0159ed\u00ed. V&nbsp;d\u00edln\u011b m\u00e1me i&nbsp;malou galerii na\u0161\u00ed keramiky,\u201c dod\u00e1v\u00e1 Luk\u00e1\u0161.<\/p>\r\n<p><strong>Nechat \u010das plynout<\/strong><br \/>\r\nKeramick\u00fd ateli\u00e9r Monkey Pot v\u00a0ulici Keramick\u00e1 je prostorem pro sd\u00edlen\u00ed tvo\u0159iv\u00e9 atmosf\u00e9ry. \u201eKeramice se v\u011bnuji cel\u00fd \u017eivot a\u00a0r\u00e1d se potk\u00e1v\u00e1m s\u00a0nov\u00fdmi lidmi a\u00a0d\u011bl\u00edm o\u00a0sv\u00e9 zku\u0161enosti. Mou dom\u00e9nou je hrn\u010d\u00ed\u0159sk\u00fd kruh a\u00a0v\u00a0ateli\u00e9ru jsou k\u00a0dispozici t\u0159i. Tak\u017ee kdo chce to\u010dit na kruhu, m\u011bl by se p\u0159ij\u00edt pod\u00edvat. Keramika je tak \u0161irok\u00e1 a\u00a0nevy\u010derpateln\u00e1 mo\u017enost vyj\u00e1d\u0159en\u00ed, \u017ee pr\u00e1v\u011b hled\u00e1n\u00ed nov\u00fdch cest je nejv\u00edc vzru\u0161uj\u00edc\u00ed. P\u0159itom sta\u010d\u00ed jen pono\u0159it ruce do hl\u00edny a\u00a0nechat \u010das plynout,\u201c \u0159\u00edk\u00e1 Martin Minks, kter\u00fd ateli\u00e9r zalo\u017eil p\u0159ed t\u0159emi lety. P\u0159edt\u00edm \u0161est let p\u016fsobil v\u00a0keramick\u00e9 d\u00edln\u011b Ema Mamisu (na Sedmi\u010dce byla od roku 2014 do roku 2023), kter\u00e1 se zam\u011b\u0159ovala na u\u017eitkovou keramiku. Tam Martin tak\u00e9 po\u0159\u00e1dal keramick\u00e9 workshopy. Na Sedmi\u010dce tedy s\u00a0keramick\u00fdmi kurzy p\u016fsob\u00ed celkem ji\u017e des\u00e1t\u00fdm rokem. Vedle keramick\u00fdch workshop\u016f se v\u011bnuje tak\u00e9 vlastn\u00ed tvorb\u011b keramiky a\u00a0porcel\u00e1nu.<\/p>\r\n<p>Keramick\u00e9 kurzy jsou ur\u010den\u00e9 pro malou skupinku o\u00a04\u20136 lidech. \u201eM\u00e1m tedy dostatek prostoru v\u011bnovat se ka\u017ed\u00e9mu individu\u00e1ln\u011b. D\u00e1v\u00e1m k\u00a0dispozici sv\u00e9 zku\u0161enosti, materi\u00e1l, pom\u016fcky a\u00a0v\u0161e pot\u0159ebn\u00e9 k\u00a0tomu, aby si ka\u017ed\u00fd na\u0161el to, co ho bav\u00ed a\u00a0co se mu l\u00edb\u00ed. Kladu d\u016fraz na funk\u010dnost, ale pokud si n\u011bkdo chce voln\u011b tvo\u0159it, jedin\u011b to v\u00edt\u00e1m,\u201c dod\u00e1v\u00e1 Martin. Standardn\u00ed form\u00e1t kurzu trv\u00e1 p\u011bt t\u00fddn\u016f a\u00a0prob\u00edh\u00e1 jednou t\u00fddn\u011b po t\u0159ech hodin\u00e1ch. B\u011bhem tohoto kurzu si lid\u00e9 vyzkou\u0161\u00ed to\u010den\u00ed na kruhu, modelov\u00e1n\u00ed, dekorov\u00e1n\u00ed, glazov\u00e1n\u00ed a\u00a0na z\u00e1v\u011br se v\u0161e vyp\u00e1l\u00ed. Pro ty, kdo nemohou kurz nav\u0161t\u011bvovat pravideln\u011b, nebo si keramiku cht\u011bj\u00ed jen vyzkou\u0161et, jsou v\u00a0nab\u00eddce i\u00a0jednor\u00e1zov\u00e9 lekce. Do budoucna Monkey Pot pl\u00e1nuje kurzy zam\u011b\u0159en\u00e9 na pr\u00e1ci se zlatem, v\u00fdpaly v\u00a0peci na d\u0159evo a\u00a0tematick\u00e9 ve\u010dery \u2013 keramika a\u00a0\u010daj, keramika a\u00a0v\u00edno.<br \/>\r\n<br \/>\r\n<\/p>\r\n<p><img loading=\"lazy\" src=\"https:\/\/www.praha7.cz\/wp-content\/uploads\/2025\/04\/cb-1-193x400.png\" alt=\"\" width=\"193\" height=\"400\" class=\"alignnone size-medium wp-image-83530\" srcset=\"https:\/\/www.praha7.cz\/wp-content\/uploads\/2025\/04\/cb-1-193x400.png 193w, https:\/\/www.praha7.cz\/wp-content\/uploads\/2025\/04\/cb-1.png 222w\" sizes=\"(max-width: 193px) 100vw, 193px\" \/><\/p>\r\n<p><strong><br \/>\r\nZ\u00a0hl\u00edny se d\u00e1 ud\u011blat \u00fapln\u011b cokoliv<br \/>\r\n<\/strong>N\u00e1pad na zalo\u017een\u00ed Hlinot\u00e9ky vznikl z\u00e1hy po zav\u0159en\u00ed \u0161kol v\u00a0dob\u011b pandemie koronaviru.\u00a0Johana Hn\u00edzdilov\u00e1 a\u00a0Karol\u00edna Ku\u010derov\u00e1, dv\u011b spolu\u017ea\u010dky z\u00a0ateli\u00e9ru keramiky a\u00a0porcel\u00e1nu na Umprum se tehdy daly dohromady s\u00a0keramikem Ji\u0159\u00edm \u017de\u017eulou, kter\u00fd se v\u00a0t\u00e9 dob\u011b zrovna vr\u00e1til z\u00a0pracovn\u00ed st\u00e1\u017ee v\u00a0keramick\u00e9m ateli\u00e9ru v\u00a0Berl\u00edn\u011b, a\u00a0domluvili se, \u017ee spole\u010dn\u011b zalo\u017e\u00ed prostor, kde budou moci nez\u00e1visle realizovat svou tvorbu. Po p\u016fl roce se t\u00fdm roz\u0161\u00ed\u0159il o\u00a0studenta fotografie na FAMU Borka Sma\u017einku. V\u00a0pr\u016fb\u011bhu \u010dasu se postupn\u011b odd\u011blili Ji\u0159\u00ed a\u00a0Karol\u00edna, kte\u0159\u00ed se v\u011bnuj\u00ed vlastn\u00ed tvorb\u011b. Sou\u010dasn\u011b tedy studio vede Johana s\u00a0Borkem.<\/p>\r\n<p>Hlinot\u00e9ka v&nbsp;ulici \u0160ternberkova nab\u00edz\u00ed kurzy to\u010den\u00ed na kruhu, kurzy modelov\u00e1n\u00ed z&nbsp;ruky, mo\u017enost v\u00fdpal\u016f v&nbsp;jejich elektrick\u00e9 peci a&nbsp;open studio ur\u010den\u00e9 pro individu\u00e1ln\u00ed tvorbu, kam se m\u016f\u017ee kdokoliv p\u0159ij\u00edt pod\u00edvat nebo si zarezervovat m\u00edsto k&nbsp;vlastn\u00ed pr\u00e1ci. \u201eMy v&nbsp;d\u00edln\u011b v\u011bt\u0161inou z\u00e1rove\u0148 d\u011bl\u00e1me vlastn\u00ed tvorbu, tak\u017ee se ostatn\u00ed m\u016f\u017eou inspirovat, p\u0159ed\u00e1v\u00e1me ale hlavn\u011b technick\u00e9 know-how, kter\u00e9 se d\u00e1 rovnou i&nbsp;demonstrovat. Cht\u011bli bychom, aby u&nbsp;n\u00e1s nevznikala \u00fapln\u011b oby\u010dejn\u00e1 keramika, sna\u017e\u00edme se podporovat kreativitu,\u201c \u0159\u00edk\u00e1 Borek Sma\u017einka a&nbsp;dod\u00e1v\u00e1, \u017ee v&nbsp;d\u00edln\u011b je v\u017edycky klid. \u201eJe to m\u00edsto, kam jdeme v\u017edy, kdy\u017e se nec\u00edt\u00edme dob\u0159e, popov\u00edd\u00e1me si s&nbsp;n\u011bk\u00fdm z&nbsp;ostatn\u00edch \u010dlen\u016f nebo si jen o&nbsp;samot\u011b tvo\u0159\u00edme a&nbsp;neduhy jsou hned pry\u010d. Tak\u00e9 je pro n\u00e1s d\u016fle\u017eit\u00fd svobodn\u00fd p\u0159\u00edstup k&nbsp;tvorb\u011b. Neradi n\u011bkomu \u0159\u00edk\u00e1me, jak se n\u011bco m\u00e1, nebo naopak nem\u00e1 d\u011blat. Sna\u017e\u00edme se, aby lid\u00e9 z&nbsp;d\u00edlny odch\u00e1zeli se stejn\u00fdm pocitem, jak\u00fd m\u00e1me my \u2013 \u017ee z&nbsp;hl\u00edny se d\u00e1 ud\u011blat \u00fapln\u011b cokoliv.\u201c<\/p>\r\n<p>V n\u00e1sleduj\u00edc\u00edch m\u011bs\u00edc\u00edch se v&nbsp;Hlinot\u00e9ce budou nov\u011b odehr\u00e1vat um\u011bleck\u00e9 rezidence. Ka\u017ed\u00fd m\u011bs\u00edc bude d\u00edlnu nav\u0161t\u011bvovat um\u011blec\/um\u011blkyn\u011b a&nbsp;vytvo\u0159\u00ed zde keramick\u00e9 d\u00edlo nebo s\u00e9rii, kter\u00e9 se bude v&nbsp;z\u00e1v\u011bru rezidence prezentovat formou vernis\u00e1\u017ee, p\u0159\u00edpadn\u011b workshopu. Je to dal\u0161\u00ed zp\u016fsob, j\u00edm\u017e chce Hlinot\u00e9ka n\u00e1v\u0161t\u011bvn\u00edky sv\u00e9 d\u00edlny inspirovat k&nbsp;tvorb\u011b, a&nbsp;propojovat tak um\u011bleckou komunitu s&nbsp;t\u011bmi, kte\u0159\u00ed by se cht\u011bli st\u00e1t jej\u00ed sou\u010d\u00e1st\u00ed. Dal\u0161\u00ed novinkou bude s\u00e9rie workshop\u016f pro seniory, je\u017e se op\u00edraj\u00ed o&nbsp;techniky arteterapie a&nbsp;na kter\u00fdch bude spolupracovat neziskov\u00e1 organizace Elpida.<\/p>\r\n<p><strong>Objevov\u00e1n\u00ed vlastn\u00ed kreativity<\/strong><br \/>\r\nStudio Neighbours v&nbsp;Ha\u0161kov\u011b ulici se postupn\u011b vyvinulo z&nbsp;p\u016fvodn\u00ed p\u0159edstavy ateli\u00e9ru v&nbsp;\u017eiv\u00fd multifunk\u010dn\u00ed prostor, kter\u00fd slou\u017e\u00ed nejen jeho tv\u016frc\u016fm, ale i&nbsp;m\u00edstn\u00edm soused\u016fm a&nbsp;n\u00e1v\u0161t\u011bvn\u00edk\u016fm. Funguje jako sd\u00edlen\u00fd ateli\u00e9r, showroom a&nbsp;prostor pro eventy \u2013 pop-upy, workshopy a&nbsp;kurzy. Aktu\u00e1ln\u011b zde m\u016f\u017eete nav\u0161t\u00edvit keramick\u00fd kurz. \u201eKlademe d\u016fraz na osobn\u00ed p\u0159\u00edstup a&nbsp;podporujeme \u00fa\u010dastn\u00edky v&nbsp;objevov\u00e1n\u00ed jejich vlastn\u00ed kreativity \u2013 ide\u00e1ln\u011b t\u00e9 nehodnot\u00edc\u00ed a&nbsp;nep\u0159\u00edli\u0161 kritick\u00e9. Chceme, aby se zde lid\u00e9 c\u00edtili uvoln\u011bn\u011b a&nbsp;spokojen\u011b v&nbsp;neform\u00e1ln\u00ed atmosf\u00e9\u0159e. Pr\u00e1ce s&nbsp;hl\u00ednou, manu\u00e1ln\u00ed \u010dinnost a&nbsp;p\u0159\u00e1telsk\u00fd kolektiv jsou podle m\u011b mnohostrann\u011b terapeutick\u00e9. Pocit uspokojen\u00ed m\u00e1me nejen ze sd\u00edlen\u00e9ho prostoru pro tvo\u0159en\u00ed, ale i&nbsp;z&nbsp;toho, \u017ee zde vznikla mnoh\u00e1 nov\u00e1 p\u0159\u00e1telstv\u00ed,\u201c \u0159\u00edk\u00e1 Marie \u0160pa\u010dkov\u00e1.<\/p>\r\n<p>Do budoucna pl\u00e1nuj\u00ed kurz ru\u010dn\u00ed v\u00fdroby \u0161perk\u016f technikou ztracen\u00e9ho vosku, p\u0159i n\u00ed\u017e bude v\u00fdsledn\u00fd \u0161perk odlit do st\u0159\u00edbra. \u00da\u010dastn\u00edci se nau\u010d\u00ed z\u00e1kladn\u00ed techniky, jako je modelov\u00e1n\u00ed vosku, p\u00e1jen\u00ed, \u0159ez\u00e1n\u00ed a&nbsp;le\u0161t\u011bn\u00ed. \u201eOp\u011bt bychom kurzy r\u00e1di vedli v&nbsp;osobn\u011bj\u0161\u00edm duchu. \u0160perk je velmi intimn\u00ed p\u0159edm\u011bt, do kter\u00e9ho lze vlo\u017eit mnoho v\u00fdznam\u016f. P\u0159edstavuji si, \u017ee si lid\u00e9 vytvo\u0159\u00ed jedine\u010dn\u00fd, neopakovateln\u00fd kus \u2013 a\u0165 u\u017e pro sebe, nebo sv\u00e9 bl\u00edzk\u00e9. Na ja\u0159e n\u00e1s \u010dek\u00e1 p\u00e1r testovac\u00edch kurz\u016f s&nbsp;p\u0159\u00e1teli, a&nbsp;jakmile v\u0161e dolad\u00edme, kurz otev\u0159eme v\u0161em,\u201c up\u0159es\u0148uje Marie.<\/p>\r\n<p><strong>Vo\u0148av\u00e1 alchymie<\/strong><br \/>\r\nLi\u0161ka Mazan\u00e1 ve Veverkov\u011b ulici po\u0159\u00e1d\u00e1 kurzy v\u00fdroby p\u0159\u00edrodn\u00ed kosmetiky, na nich\u017e si m\u016f\u017eete vyzkou\u0161et nap\u0159\u00edklad tvorbu rt\u011bnek, ple\u0165ov\u00fdch kr\u00e9m\u016f nebo p\u0159\u00edrodn\u00edch parf\u00e9m\u016f ze 100% esenci\u00e1ln\u00edch olej\u016f. Workshopy umo\u017e\u0148uj\u00ed lidem objevovat v\u016fn\u011b, textury i&nbsp;nov\u00e9 ingredience. \u00da\u010dastn\u00edci si z&nbsp;nich odn\u00e1\u0161ej\u00ed nejen vlastnoru\u010dn\u011b vyroben\u00e9 produkty, ale i&nbsp;inspiraci a&nbsp;chu\u0165 zkoumat p\u0159\u00edrodn\u00ed kosmetiku d\u00e1l.<\/p>\r\n<p>Projekt vznikl z&nbsp;osobn\u00ed pot\u0159eby zakladatelek Petry Herzov\u00e9 a&nbsp;Terezy M\u00e1\u010delov\u00e9 naj\u00edt \u0161etrnou p\u00e9\u010di pro citlivou ple\u0165 a&nbsp;ekz\u00e9my. Postupn\u011b se z&nbsp;experimentov\u00e1n\u00ed s&nbsp;recepturami a&nbsp;hled\u00e1n\u00ed kvalitn\u00edch surovin vyvinul koncept jejich p\u0159\u00edrodn\u00ed kosmetiky, kterou za\u010daly sd\u00edlet s&nbsp;ostatn\u00edmi. Dnes vedou kurzy nejen pro ve\u0159ejnost, ale i&nbsp;pro firmy nebo na soukrom\u00fdch oslav\u00e1ch.<\/p>\r\n<p>D\u0159\u00edve provozovaly i&nbsp;obchod s&nbsp;p\u0159\u00edrodn\u00ed kosmetikou, ale nakonec se rozhodly soust\u0159edit v\u00fdhradn\u011b na kurzy a&nbsp;DIY sady pro dom\u00e1c\u00ed v\u00fdrobu kosmetiky a&nbsp;s\u00f3jov\u00fdch sv\u00ed\u010dek. \u201eKosmetiku si koup\u00edte i&nbsp;jinde, ale na\u0161e kurzy a&nbsp;sady jsou jedine\u010dn\u00fd z\u00e1\u017eitek,\u201c \u0159\u00edkaj\u00ed. Krom\u011b samotn\u00e9 v\u00fdroby p\u0159ed\u00e1vaj\u00ed i&nbsp;filozofii p\u0159em\u00fd\u0161len\u00ed nad slo\u017een\u00edm, kvalitou surovin a&nbsp;op\u011btovn\u00fdm vyu\u017eit\u00edm obal\u016f.<br \/>\r\n<br \/>\r\n<\/p>\r\n<p><img loading=\"lazy\" src=\"https:\/\/www.praha7.cz\/wp-content\/uploads\/2025\/04\/cb-6-272x400.png\" alt=\"\" width=\"272\" height=\"400\" class=\"alignnone size-medium wp-image-83531\" srcset=\"https:\/\/www.praha7.cz\/wp-content\/uploads\/2025\/04\/cb-6-272x400.png 272w, https:\/\/www.praha7.cz\/wp-content\/uploads\/2025\/04\/cb-6.png 306w\" sizes=\"(max-width: 272px) 100vw, 272px\" \/><\/p>\r\n<p><strong><br \/>\r\nDeta\u0161ovan\u00e1 gar\u00e1\u017e Pra\u017e\u00e1k\u016f<\/strong><br \/>\r\nPONK v&nbsp;P\u0159\u00edstavn\u00ed ulici je sd\u00edlen\u00e1 d\u00edlna otev\u0159en\u00e1 v\u0161em, kdo cht\u011bj\u00ed tvo\u0159it vlastn\u00edma rukama. Nab\u00edz\u00ed dob\u0159e vybaven\u00fd prostor pro truhl\u00e1\u0159sk\u00e9, kovov\u00e9 i&nbsp;dal\u0161\u00ed \u0159emesln\u00e9 projekty \u2013 od jednoduch\u00fdch oprav po slo\u017eit\u00e9 konstrukce. \u201eR\u00e1d Ponk naz\u00fdv\u00e1m deta\u0161ovanou gar\u00e1\u017e\u00ed Pra\u017e\u00e1k\u016f nebo p\u00edskovi\u0161t\u011bm pro aj\u0165\u00e1ky. Jednoho dne v\u00e1s napadne, \u017ee chcete zkr\u00e1tit st\u016fl nebo pracovn\u00ed desku, ale nikdy jste to ned\u011blali, a&nbsp;ocen\u00edte, kdy\u017e v\u00e1m to n\u011bkdo uk\u00e1\u017ee. U&nbsp;n\u00e1s je pak velk\u00e1 \u0161ance, \u017ee budeme m\u00edt spr\u00e1vn\u00fd stroj \u010di n\u00e1stroj a&nbsp;\u0159ekneme v\u00e1m, jak ho spr\u00e1vn\u011b pou\u017e\u00edt. Tak\u00e9 se m\u016f\u017ee st\u00e1t, \u017ee v\u00e1m uk\u00e1\u017eeme lep\u0161\u00ed postup. Pro n\u011bkter\u00e9 je to za\u010d\u00e1tek nov\u00e9ho kon\u00ed\u010dku, pro mnoh\u00e9 i&nbsp;n\u00e1vrat do reality, kdy\u017e zjist\u00ed, \u017ee to, co vid\u00ed na internetu, je jen vrchol ledovce. Je zaj\u00edmav\u00e9 pozorovat, jak se lidem m\u011bn\u00ed pohled na \u0159emesln\u00e9 v\u00fdrobky nebo jak p\u0159estanou ch\u00e1pat ceny v&nbsp;obchodn\u00edch \u0159et\u011bzc\u00edch,\u201c \u0159\u00edk\u00e1 Martin Pulec, kter\u00fd spole\u010dn\u011b s&nbsp;Michalem Kotkem stoj\u00ed za vznikem Ponku.<\/p>\r\n<p>PONK tak\u00e9 po\u0159\u00e1d\u00e1 kurzy, nap\u0159\u00edklad na v\u00fdrobu no\u017ee, pr\u00e1ci se d\u0159evem, sva\u0159ov\u00e1n\u00ed nebo kurz \u201ehodinov\u00e9ho man\u017eela\u201c, ve kter\u00e9m se dozv\u00edte n\u011bco o&nbsp;elekt\u0159in\u011b, odpadu a&nbsp;topen\u00ed, a&nbsp;dokonce i&nbsp;to, jak vym\u011bnit z\u00e1mek ve dve\u0159\u00edch. Za\u010d\u00e1te\u010dn\u00edk\u016fm jsou v&nbsp;d\u00edln\u011b k&nbsp;dispozici zku\u0161en\u00ed mist\u0159i, kte\u0159\u00ed pomohou s&nbsp;v\u00fdb\u011brem spr\u00e1vn\u00e9ho stroje, porad\u00ed, jak s&nbsp;n\u00edm bezpe\u010dn\u011b pracovat, a&nbsp;doporu\u010d\u00ed i&nbsp;Youtube kan\u00e1ly, kter\u00e9 stoj\u00ed za sledov\u00e1n\u00ed. \u201eProf\u00edk\u016fm nab\u00edz\u00edme slu\u0161n\u011b vybavenou d\u00edlnu. Ne v\u0161ichni maj\u00ed v\u0161echno, a&nbsp;my se sna\u017e\u00edme m\u00edt v\u0161echno, co se k&nbsp;n\u00e1m vejde. Lid\u00e9 se u\u010d\u00ed, \u017ee tu komunitn\u00ed d\u00edlny existuj\u00ed, a&nbsp;pokud bude tento trend pokra\u010dovat, budeme se muset roz\u0161\u00ed\u0159it. Pokud n\u011bkdo v\u00ed o&nbsp;vhodn\u00e9m prostoru, budeme r\u00e1di za informaci,\u201c dod\u00e1v\u00e1 Martin.<\/p>\r\n<hr \/>\r\n<p><a href=\"http:\/\/www.materialistic.cz\" target=\"_blank\" rel=\"noopener\">www.materialistic.cz<\/a><br \/>\r\n<a href=\"http:\/\/www.dosito.cz\" target=\"_blank\" rel=\"noopener\">www.dosito.cz<\/a><br \/>\r\n<a href=\"http:\/\/www.kasmidas.cz\" target=\"_blank\" rel=\"noopener\">www.kasmidas.cz<\/a><br \/>\r\n<a href=\"http:\/\/www.reformat.cz\" target=\"_blank\" rel=\"noopener\">www.reformat.cz<\/a><br \/>\r\n<a href=\"http:\/\/www.atelierp7.cz\" target=\"_blank\" rel=\"noopener\">www.atelierp7.cz<\/a><br \/>\r\n<a href=\"http:\/\/www.h13pottery.com\" target=\"_blank\" rel=\"noopener\">www.h13pottery.com<\/a><br \/>\r\n<a href=\"http:\/\/www.instagram.com\/monkeypotatelier\" target=\"_blank\" rel=\"noopener\">www.instagram.com\/monkeypotatelier<\/a><br \/>\r\n<a href=\"http:\/\/www.hlinoteka.cz\" target=\"_blank\" rel=\"noopener\">www.hlinoteka.cz<\/a><br \/>\r\n<a href=\"http:\/\/www.instagram.com\/neighbours_letna\" target=\"_blank\" rel=\"noopener\">www.instagram.com\/neighbours_letna<\/a><br \/>\r\n<a href=\"http:\/\/www.liskamazana.cz\" target=\"_blank\" rel=\"noopener\">www.liskamazana.cz<\/a><br \/>\r\n<a href=\"http:\/\/www.ponk.space\" target=\"_blank\" rel=\"noopener\">www.ponk.space<\/a><\/p>\r\n<hr \/>\r\n<p><em>Tento \u010dl\u00e1nek jist\u011b nepokr\u00fdv\u00e1 celou nab\u00eddku m\u00edst a&nbsp;p\u0159\u00edle\u017eitost\u00ed vyrobit si na Sedmi\u010dce n\u011bco vlastn\u00edma rukama. Jeho snahou bylo sp\u00ed\u0161e pouk\u00e1zat na pestrou nab\u00eddku tvo\u0159ivosti.<\/em><\/p>","protected":false},"excerpt":{"rendered":"[perex] M\u00e1te chu\u0165 n\u011bco tvo\u0159it, nau\u010dit se n\u011bco nov\u00e9ho? Na Sedmi\u010dce najdete kurzy a&nbsp;sd\u00edlen\u00e9 d\u00edlny, kde si m\u016f\u017eete osahat hl\u00ednu, l\u00e1tky, pap\u00edr i&nbsp;d\u0159evo \u2013 a&nbsp;dom\u016f si odn\u00e9st vlastnoru\u010dn\u011b vyroben\u00fd kousek. A\u0165 u\u017e chcete zkusit n\u011bco nov\u00e9ho, nebo hled\u00e1te prostor pro vlastn\u00ed kreativitu, na Sedmi\u010dce najdete spoustu m\u00edst, kde se z&nbsp;n\u00e1padu st\u00e1v\u00e1 skute\u010dnost. [\/perex] Materialistic v&nbsp;Havansk\u00e9 [&hellip;]","protected":false},"author":292,"featured_media":83526,"comment_status":"closed","ping_status":"open","sticky":false,"template":"","format":"standard","meta":[],"categories":[37],"tags":[],"_links":{"self":[{"href":"https:\/\/www.praha7.cz\/api\/wp\/v2\/posts\/83511"}],"collection":[{"href":"https:\/\/www.praha7.cz\/api\/wp\/v2\/posts"}],"about":[{"href":"https:\/\/www.praha7.cz\/api\/wp\/v2\/types\/post"}],"author":[{"embeddable":true,"href":"https:\/\/www.praha7.cz\/api\/wp\/v2\/users\/292"}],"replies":[{"embeddable":true,"href":"https:\/\/www.praha7.cz\/api\/wp\/v2\/comments?post=83511"}],"version-history":[{"count":2,"href":"https:\/\/www.praha7.cz\/api\/wp\/v2\/posts\/83511\/revisions"}],"predecessor-version":[{"id":83533,"href":"https:\/\/www.praha7.cz\/api\/wp\/v2\/posts\/83511\/revisions\/83533"}],"wp:featuredmedia":[{"embeddable":true,"href":"https:\/\/www.praha7.cz\/api\/wp\/v2\/media\/83526"}],"wp:attachment":[{"href":"https:\/\/www.praha7.cz\/api\/wp\/v2\/media?parent=83511"}],"wp:term":[{"taxonomy":"category","embeddable":true,"href":"https:\/\/www.praha7.cz\/api\/wp\/v2\/categories?post=83511"},{"taxonomy":"post_tag","embeddable":true,"href":"https:\/\/www.praha7.cz\/api\/wp\/v2\/tags?post=83511"}],"curies":[{"name":"wp","href":"https:\/\/api.w.org\/{rel}","templated":true}]}}