    
{"id":83472,"date":"2025-04-11T14:25:15","date_gmt":"2025-04-11T12:25:15","guid":{"rendered":"https:\/\/www.praha7.cz\/?p=83472"},"modified":"2025-04-14T19:12:07","modified_gmt":"2025-04-14T17:12:07","slug":"rekonstrukce-vodovodu-v-tusarove","status":"publish","type":"post","link":"https:\/\/www.praha7.cz\/rekonstrukce-vodovodu-v-tusarove\/","title":{"rendered":"Rekonstrukce vodovodu v&nbsp;Tusarov\u011b"},"content":{"rendered":"<p>[perex]<\/p>\r\n<p>Od 14.&nbsp;dubna do 31.&nbsp;kv\u011btna 2025 prob\u011bhne v&nbsp;ulici Tusarova v&nbsp;\u00faseku Komunard\u016f \u2013 Na Manin\u00e1ch rekonstrukce vodovodn\u00edho \u0159adu. V\u00a0dot\u010den\u00e9m \u00faseku bude omezeno parkov\u00e1n\u00ed, sledujte pros\u00edm dopravn\u00ed zna\u010den\u00ed. D\u011bkujeme za pochopen\u00ed.<\/p>\r\n<p>[\/perex]<\/p>","protected":false},"excerpt":{"rendered":"[perex] Od 14.&nbsp;dubna do 31.&nbsp;kv\u011btna 2025 prob\u011bhne v&nbsp;ulici Tusarova v&nbsp;\u00faseku Komunard\u016f \u2013 Na Manin\u00e1ch rekonstrukce vodovodn\u00edho \u0159adu. V\u00a0dot\u010den\u00e9m \u00faseku bude omezeno parkov\u00e1n\u00ed, sledujte pros\u00edm dopravn\u00ed zna\u010den\u00ed. D\u011bkujeme za pochopen\u00ed. [\/perex]","protected":false},"author":251,"featured_media":83480,"comment_status":"closed","ping_status":"open","sticky":false,"template":"","format":"standard","meta":[],"categories":[34],"tags":[],"_links":{"self":[{"href":"https:\/\/www.praha7.cz\/api\/wp\/v2\/posts\/83472"}],"collection":[{"href":"https:\/\/www.praha7.cz\/api\/wp\/v2\/posts"}],"about":[{"href":"https:\/\/www.praha7.cz\/api\/wp\/v2\/types\/post"}],"author":[{"embeddable":true,"href":"https:\/\/www.praha7.cz\/api\/wp\/v2\/users\/251"}],"replies":[{"embeddable":true,"href":"https:\/\/www.praha7.cz\/api\/wp\/v2\/comments?post=83472"}],"version-history":[{"count":2,"href":"https:\/\/www.praha7.cz\/api\/wp\/v2\/posts\/83472\/revisions"}],"predecessor-version":[{"id":83546,"href":"https:\/\/www.praha7.cz\/api\/wp\/v2\/posts\/83472\/revisions\/83546"}],"wp:featuredmedia":[{"embeddable":true,"href":"https:\/\/www.praha7.cz\/api\/wp\/v2\/media\/83480"}],"wp:attachment":[{"href":"https:\/\/www.praha7.cz\/api\/wp\/v2\/media?parent=83472"}],"wp:term":[{"taxonomy":"category","embeddable":true,"href":"https:\/\/www.praha7.cz\/api\/wp\/v2\/categories?post=83472"},{"taxonomy":"post_tag","embeddable":true,"href":"https:\/\/www.praha7.cz\/api\/wp\/v2\/tags?post=83472"}],"curies":[{"name":"wp","href":"https:\/\/api.w.org\/{rel}","templated":true}]}}