    
{"id":83446,"date":"2025-04-28T13:09:49","date_gmt":"2025-04-28T11:09:49","guid":{"rendered":"https:\/\/www.praha7.cz\/?p=83446"},"modified":"2025-05-15T11:50:40","modified_gmt":"2025-05-15T09:50:40","slug":"filharmonie-kveten-25","status":"publish","type":"post","link":"https:\/\/www.praha7.cz\/filharmonie-kveten-25\/","title":{"rendered":"P\u0159edstaven\u00ed Vltavsk\u00e9 filharmonie obyvatel\u016fm Prahy&nbsp;7"},"content":{"rendered":"<p>[perex]<\/p>\r\n<p>Jak se prom\u011bn\u00ed okol\u00ed metra Vltavsk\u00e1? Co konkr\u00e9tn\u011b p\u0159inese stavba nov\u00e9 filharmonie lidem, kte\u0159\u00ed tu bydl\u00ed, pracuj\u00ed nebo denn\u011b proch\u00e1zej\u00ed? Zveme v\u00e1s na ve\u0159ejn\u00e9 p\u0159edstaven\u00ed Vltavsk\u00e9 filharmonie, kter\u00e9 se kon\u00e1 ve st\u0159edu 14.&nbsp;kv\u011btna v&nbsp;18.00 v&nbsp;s\u00e1lu radnice (U&nbsp;Pr\u016fhonu 38). M\u00edstem, kde bude budova filharmonie st\u00e1t, se m\u016f\u017eete proj\u00edt v&nbsp;sobotu 17.&nbsp;kv\u011btna, sraz ve 14.00 u&nbsp;hlavn\u00edho vstupu do metra Vltavsk\u00e1, <a href=\"https:\/\/smartsprague.cz\/vltavska-filharmonie\/\" target=\"_blank\" rel=\"noopener\">rezervace nutn\u00e1<\/a>. Prezentace i&nbsp;proch\u00e1zka se konaj\u00ed ve spolupr\u00e1ci s&nbsp;t\u00fdmem Vltavsk\u00e9 filharmonie.\u00a0<\/p>\r\n<p>[\/perex]<\/p>\r\n<h3>P\u0159edstaven\u00ed Vltavsk\u00e9 filharmonie<\/h3>\r\n<p>Ve st\u0159edu 14.&nbsp;kv\u011btna 2025 se budeme v\u011bnovat d\u016fle\u017eit\u00e9mu t\u00e9matu: jak bude projekt fungovat v&nbsp;b\u011b\u017en\u00e9m m\u011bstsk\u00e9m provozu. Martin Krupauer (vedouc\u00ed projektov\u00e9ho t\u00fdmu) a&nbsp;Jan Magasanik ze studia BIG budou hovo\u0159it o&nbsp;doprav\u011b, v\u00fdstavb\u011b i&nbsp;ve\u0159ejn\u00e9m prostoru, kter\u00fd se m\u00e1 st\u00e1t sou\u010d\u00e1st\u00ed ka\u017edodenn\u00edho \u017eivota ve \u010dtvrti. P\u0159ij\u010fte se zeptat!<\/p>\r\n<p>Setk\u00e1n\u00ed bude p\u0159en\u00e1\u0161eno tak\u00e9 na na\u0161em <a href=\"https:\/\/youtube.com\/live\/PMRTFwkdS8c?feature=share\" target=\"_blank\" rel=\"noopener\">youtubov\u00e9m kan\u00e1lu<\/a>, pod\u00edvat se m\u016f\u017eete i&nbsp;zp\u011btn\u011b.<\/p>\r\n<p><a href=\"https:\/\/www.facebook.com\/events\/1324023142016776\" target=\"_blank\" rel=\"noopener\">FB ud\u00e1lost<\/a><\/p>\r\n<hr \/>\r\n<h3>Komentovan\u00e1 proch\u00e1zka m\u00edstem budouc\u00ed Vltavsk\u00e9 filharmonie<\/h3>\r\n<p>Jak bude vypadat nov\u00e9 n\u00e1rodn\u00ed hudebn\u00ed centrum? Kde p\u0159esn\u011b bude Vltavsk\u00e1 filharmonie st\u00e1t, jak zapadne do m\u011bstsk\u00e9ho prostoru a&nbsp;co v\u0161e se v&nbsp;okol\u00ed zm\u011bn\u00ed? P\u0159ij\u010fte se pod\u00edvat p\u0159\u00edmo na m\u00edsto budouc\u00ed stavby Vltavsk\u00e9 filharmonie a&nbsp;proj\u00edt se s&nbsp;architektem Janem Magasanikem ze studia BIG, kter\u00fd v\u00e1s provede viz\u00ed budoucnosti. Proch\u00e1zka se kon\u00e1 v&nbsp;sobotu 17.&nbsp;kv\u011btna 2025 ve 14.00, sraz u&nbsp;hlavn\u00edho vstupu do metra Vltavsk\u00e1.<\/p>\r\n<p>vstup zdarma, <a href=\"https:\/\/smartsprague.cz\/vltavska-filharmonie\/\" target=\"_blank\" rel=\"noopener\">rezervace t\u0159eba<\/a><br \/>\r\nsluch\u00e1tka s&nbsp;ozvu\u010den\u00edm budou k&nbsp;zap\u016fj\u010den\u00ed na m\u00edst\u011b \u2013 p\u0159ij\u010fte pros\u00edm s&nbsp;p\u0159edstihem<br \/>\r\nd\u00e9lka proch\u00e1zky p\u0159ibli\u017en\u011b dv\u011b hodiny<\/p>\r\n<p><a href=\"https:\/\/www.facebook.com\/events\/2066728030460351\" target=\"_blank\" rel=\"noopener\">FB ud\u00e1lost<\/a><\/p>","protected":false},"excerpt":{"rendered":"[perex] Jak se prom\u011bn\u00ed okol\u00ed metra Vltavsk\u00e1? Co konkr\u00e9tn\u011b p\u0159inese stavba nov\u00e9 filharmonie lidem, kte\u0159\u00ed tu bydl\u00ed, pracuj\u00ed nebo denn\u011b proch\u00e1zej\u00ed? Zveme v\u00e1s na ve\u0159ejn\u00e9 p\u0159edstaven\u00ed Vltavsk\u00e9 filharmonie, kter\u00e9 se kon\u00e1 ve st\u0159edu 14.&nbsp;kv\u011btna v&nbsp;18.00 v&nbsp;s\u00e1lu radnice (U&nbsp;Pr\u016fhonu 38). M\u00edstem, kde bude budova filharmonie st\u00e1t, se m\u016f\u017eete proj\u00edt v&nbsp;sobotu 17.&nbsp;kv\u011btna, sraz ve 14.00 u&nbsp;hlavn\u00edho vstupu [&hellip;]","protected":false},"author":251,"featured_media":83778,"comment_status":"closed","ping_status":"open","sticky":false,"template":"","format":"standard","meta":[],"categories":[34],"tags":[119,106,110],"_links":{"self":[{"href":"https:\/\/www.praha7.cz\/api\/wp\/v2\/posts\/83446"}],"collection":[{"href":"https:\/\/www.praha7.cz\/api\/wp\/v2\/posts"}],"about":[{"href":"https:\/\/www.praha7.cz\/api\/wp\/v2\/types\/post"}],"author":[{"embeddable":true,"href":"https:\/\/www.praha7.cz\/api\/wp\/v2\/users\/251"}],"replies":[{"embeddable":true,"href":"https:\/\/www.praha7.cz\/api\/wp\/v2\/comments?post=83446"}],"version-history":[{"count":5,"href":"https:\/\/www.praha7.cz\/api\/wp\/v2\/posts\/83446\/revisions"}],"predecessor-version":[{"id":84133,"href":"https:\/\/www.praha7.cz\/api\/wp\/v2\/posts\/83446\/revisions\/84133"}],"wp:featuredmedia":[{"embeddable":true,"href":"https:\/\/www.praha7.cz\/api\/wp\/v2\/media\/83778"}],"wp:attachment":[{"href":"https:\/\/www.praha7.cz\/api\/wp\/v2\/media?parent=83446"}],"wp:term":[{"taxonomy":"category","embeddable":true,"href":"https:\/\/www.praha7.cz\/api\/wp\/v2\/categories?post=83446"},{"taxonomy":"post_tag","embeddable":true,"href":"https:\/\/www.praha7.cz\/api\/wp\/v2\/tags?post=83446"}],"curies":[{"name":"wp","href":"https:\/\/api.w.org\/{rel}","templated":true}]}}