    
{"id":83436,"date":"2025-04-10T11:41:53","date_gmt":"2025-04-10T09:41:53","guid":{"rendered":"https:\/\/www.praha7.cz\/?p=83436"},"modified":"2025-05-14T16:58:19","modified_gmt":"2025-05-14T14:58:19","slug":"80let","status":"publish","type":"post","link":"https:\/\/www.praha7.cz\/80let\/","title":{"rendered":"P\u0159ipom\u00edn\u00e1me si 80 let od konce druh\u00e9 sv\u011btov\u00e9 v\u00e1lky"},"content":{"rendered":"<p>[perex]<\/p>\r\n<p>Srde\u010dn\u011b v\u00e1s zveme na n\u011bkolik kulturn\u00edch ud\u00e1lost\u00ed, p\u0159i nich\u017e si p\u0159ipomeneme ud\u00e1losti kv\u011btna 1945 \u2013 80 let od konce druh\u00e9 sv\u011btov\u00e9 v\u00e1lky. Vstup zdarma. T\u011b\u0161\u00edme se na v\u00e1s.\u00a0\u00a0<\/p>\r\n<p>[\/perex]<\/p>\r\n<h3>od 21.&nbsp;dubna do poloviny kv\u011btna | v\u00fdstava NEZAPOME\u0147ME 80<\/h3>\r\n<p>Ve spolupr\u00e1ci s&nbsp;organizac\u00ed Post Bellum je na Strossmayerov\u011b n\u00e1m\u011bst\u00ed ke zhl\u00e9dnut\u00ed v\u00fdstava <a href=\"https:\/\/www.nezapomenme80.cz\/\" target=\"_blank\" rel=\"noopener\">NEZAPOME\u0147ME 80<\/a>. V\u00fdstavn\u00ed panely p\u0159in\u00e1\u0161ej\u00ed v\u00fdpov\u011bdi pam\u011btn\u00edk\u016f konce v\u00e1lky z&nbsp;cel\u00e9 republiky, Prahy i&nbsp;Prahy&nbsp;7.<\/p>\r\n<p><img loading=\"lazy\" src=\"https:\/\/www.praha7.cz\/wp-content\/uploads\/2025\/04\/vystava-80-1500x890.jpeg\" alt=\"\" width=\"640\" height=\"380\" class=\"alignnone size-large wp-image-83668\" srcset=\"https:\/\/www.praha7.cz\/wp-content\/uploads\/2025\/04\/vystava-80-1500x890.jpeg 1500w, https:\/\/www.praha7.cz\/wp-content\/uploads\/2025\/04\/vystava-80-600x356.jpeg 600w, https:\/\/www.praha7.cz\/wp-content\/uploads\/2025\/04\/vystava-80-768x456.jpeg 768w, https:\/\/www.praha7.cz\/wp-content\/uploads\/2025\/04\/vystava-80-1536x911.jpeg 1536w, https:\/\/www.praha7.cz\/wp-content\/uploads\/2025\/04\/vystava-80-2048x1215.jpeg 2048w\" sizes=\"(max-width: 640px) 100vw, 640px\" \/><\/p>\r\n<p>&nbsp;<\/p>\r\n<h3>5.&nbsp;kv\u011btna v&nbsp;10&nbsp;h | pietn\u00ed akt<\/h3>\r\n<p>Pietn\u00ed akt u&nbsp;p\u0159\u00edle\u017eitosti Dne v\u00edt\u011bzstv\u00ed a&nbsp;Kv\u011btnov\u00e9ho povst\u00e1n\u00ed \u010desk\u00e9ho lidu prob\u011bhne u&nbsp;pomn\u00edku Ob\u011btem povst\u00e1n\u00ed v&nbsp;kv\u011btnu 1945 u&nbsp;mostu Barik\u00e1dn\u00edk\u016f. <a href=\"https:\/\/www.praha7.cz\/pietni-akt-u-pomniku-obetem-povstani-v-kvetnu-1945\/\">V\u00edce zde<\/a>.<\/p>\r\n<p>&nbsp;<\/p>\r\n<h3>7.&nbsp;kv\u011btna v&nbsp;19.30 | koncert klasick\u00e9 hudby<\/h3>\r\n<p>Koncert u&nbsp;p\u0159\u00edle\u017eitosti p\u0159ipom\u00ednky 80.&nbsp;v\u00fdro\u010d\u00ed konce druh\u00e9 sv\u011btov\u00e9 v\u00e1lky se bude konat v&nbsp;kostele sv. Anton\u00edna na Strossmayerov\u011b n\u00e1m\u011bst\u00ed. \u00da\u010dinkuje \u017des\u0165ov\u00fd kvintet Hudby Hradn\u00ed str\u00e1\u017ee a&nbsp;Policie \u010cR a&nbsp;varhanice Linda S\u00edtkov\u00e1. Zazn\u00ed skladby Johanna Sebastiana Bacha, Felixe Mendelssohna-Bartholdyho, Wolfganga Amadea Mozarta a&nbsp;dal\u0161\u00edch autor\u016f. <a href=\"https:\/\/www.praha7.cz\/koncert-u-prilezitosti-80-vyroci-konce-druhe-svetove-valky\/\">V\u00edce o&nbsp;koncertu.<\/a><\/p>\r\n<p>&nbsp;<\/p>\r\n<h3>27.&nbsp;kv\u011btna v&nbsp;17&nbsp;h | komentovan\u00e1 proch\u00e1zka<\/h3>\r\n<p>Jak se \u017eilo v&nbsp;Praze 7 b\u011bhem n\u011bmeck\u00e9 vl\u00e1dy nad Prahou? Kde \u017eil vrchn\u00ed n\u011bmeck\u00fd cenzor? Kde a&nbsp;pro\u010d padly posledn\u00ed v\u00fdst\u0159ely na barik\u00e1d\u00e1ch? To a&nbsp;mnoho dal\u0161\u00edch zaj\u00edmavost\u00ed se dozv\u00edte na tematick\u00e9 proch\u00e1zce Praha&nbsp;7 v&nbsp;protektor\u00e1tu. Sraz u&nbsp;bo\u010dn\u00edho vchodu ministerstva vnitra, M. Hor\u00e1kov\u00e9 1498\/85. Registrace nutn\u00e1 e-mailem <a href=\"mailto:vaclavovics@praha7.cz\">vaclavovics@praha7.cz<\/a> nebo na tel. 604&nbsp;435&nbsp;268.\u00a0\u00a0\u00a0\u00a0\u00a0\u00a0<\/p>","protected":false},"excerpt":{"rendered":"[perex] Srde\u010dn\u011b v\u00e1s zveme na n\u011bkolik kulturn\u00edch ud\u00e1lost\u00ed, p\u0159i nich\u017e si p\u0159ipomeneme ud\u00e1losti kv\u011btna 1945 \u2013 80 let od konce druh\u00e9 sv\u011btov\u00e9 v\u00e1lky. Vstup zdarma. T\u011b\u0161\u00edme se na v\u00e1s.\u00a0\u00a0 [\/perex] od 21.&nbsp;dubna do poloviny kv\u011btna | v\u00fdstava NEZAPOME\u0147ME 80 Ve spolupr\u00e1ci s&nbsp;organizac\u00ed Post Bellum je na Strossmayerov\u011b n\u00e1m\u011bst\u00ed ke zhl\u00e9dnut\u00ed v\u00fdstava NEZAPOME\u0147ME 80. V\u00fdstavn\u00ed panely [&hellip;]","protected":false},"author":251,"featured_media":83400,"comment_status":"closed","ping_status":"open","sticky":false,"template":"","format":"standard","meta":[],"categories":[34],"tags":[106],"_links":{"self":[{"href":"https:\/\/www.praha7.cz\/api\/wp\/v2\/posts\/83436"}],"collection":[{"href":"https:\/\/www.praha7.cz\/api\/wp\/v2\/posts"}],"about":[{"href":"https:\/\/www.praha7.cz\/api\/wp\/v2\/types\/post"}],"author":[{"embeddable":true,"href":"https:\/\/www.praha7.cz\/api\/wp\/v2\/users\/251"}],"replies":[{"embeddable":true,"href":"https:\/\/www.praha7.cz\/api\/wp\/v2\/comments?post=83436"}],"version-history":[{"count":10,"href":"https:\/\/www.praha7.cz\/api\/wp\/v2\/posts\/83436\/revisions"}],"predecessor-version":[{"id":84149,"href":"https:\/\/www.praha7.cz\/api\/wp\/v2\/posts\/83436\/revisions\/84149"}],"wp:featuredmedia":[{"embeddable":true,"href":"https:\/\/www.praha7.cz\/api\/wp\/v2\/media\/83400"}],"wp:attachment":[{"href":"https:\/\/www.praha7.cz\/api\/wp\/v2\/media?parent=83436"}],"wp:term":[{"taxonomy":"category","embeddable":true,"href":"https:\/\/www.praha7.cz\/api\/wp\/v2\/categories?post=83436"},{"taxonomy":"post_tag","embeddable":true,"href":"https:\/\/www.praha7.cz\/api\/wp\/v2\/tags?post=83436"}],"curies":[{"name":"wp","href":"https:\/\/api.w.org\/{rel}","templated":true}]}}