    
{"id":83426,"date":"2025-04-10T10:59:31","date_gmt":"2025-04-10T08:59:31","guid":{"rendered":"https:\/\/www.praha7.cz\/?p=83426"},"modified":"2025-04-14T10:31:23","modified_gmt":"2025-04-14T08:31:23","slug":"tram-12-13-4","status":"publish","type":"post","link":"https:\/\/www.praha7.cz\/tram-12-13-4\/","title":{"rendered":"V\u00fdluka tramvaj\u00ed na Bubensk\u00e9m n\u00e1b\u0159e\u017e\u00ed a&nbsp;dal\u0161\u00ed zm\u011bny v&nbsp;doprav\u011b o&nbsp;v\u00edkendu 12.&nbsp;a&nbsp;13.&nbsp;dubna"},"content":{"rendered":"<p>[perex]<\/p>\r\n<p>V souvislosti s&nbsp;modernizac\u00ed \u017eeleznice a&nbsp;pracemi na \u017eelezni\u010dn\u00edm most\u011b doch\u00e1z\u00ed od soboty 12.&nbsp;dubna (od 4.15 hodin) do ned\u011ble 13.&nbsp;dubna 2025 (p\u0159ibli\u017en\u011b do 24.00 hodin) k&nbsp;obousm\u011brn\u00e9mu p\u0159eru\u0161en\u00ed provozu tramvaj\u00ed v&nbsp;\u00faseku Vltavsk\u00e1 \u2013 D\u011blnick\u00e1 \u2013 N\u00e1dra\u017e\u00ed Hole\u0161ovice \u2013 Ke St\u00edrce. Dot\u010den\u00e9 linky: 1, 3, 14, 25, 93. Zavedena\/prodlou\u017eena je n\u00e1hradn\u00ed autobusov\u00e1 doprava X1, X25 a&nbsp;no\u010dn\u00ed X93. Detaily najdete <a href=\"https:\/\/www.dpp.cz\/omezeni-a-mimoradne-udalosti\/detail\/26779\" target=\"_blank\" rel=\"noopener\">zde<\/a>.<\/p>\r\n<p>Omezen\u00ed se dot\u00fdk\u00e1 i&nbsp;automobilov\u00e9 dopravy. V&nbsp;t\u00e9to \u010d\u00e1sti v\u00fdluk bude uzav\u0159en j\u00edzdn\u00ed p\u00e1s v&nbsp;ulici Za Viaduktem ve sm\u011bru j\u00edzdy na n\u00e1b\u0159e\u017e\u00ed Edvarda Bene\u0161e. Doprava bude vedena ulicemi U&nbsp;Top\u00edren, Argentinsk\u00e1, Bubensk\u00e9 n\u00e1b\u0159e\u017e\u00ed, n\u00e1b\u0159e\u017e\u00ed Kapit\u00e1na Jaro\u0161e. Sledujte pros\u00edm m\u00edstn\u00ed dopravn\u00ed zna\u010den\u00ed, podrobn\u00e9 informace najdete na str\u00e1nce <a href=\"https:\/\/opravujeme.to\/action\/2052\/\" target=\"_blank\" rel=\"noopener\">opravujeme.to<\/a>.<\/p>\r\n<p>[\/perex]<\/p>\r\n<p><a href=\"https:\/\/www.praha7.cz\/wp-content\/uploads\/2025\/04\/Schema_provozu_Negrelliho_viadukt_III.png\"><img loading=\"lazy\" src=\"https:\/\/www.praha7.cz\/wp-content\/uploads\/2025\/04\/Schema_provozu_Negrelliho_viadukt_III-1328x1000.png\" alt=\"\" width=\"640\" height=\"482\" class=\"alignnone size-large wp-image-83427\" srcset=\"https:\/\/www.praha7.cz\/wp-content\/uploads\/2025\/04\/Schema_provozu_Negrelliho_viadukt_III-1328x1000.png 1328w, https:\/\/www.praha7.cz\/wp-content\/uploads\/2025\/04\/Schema_provozu_Negrelliho_viadukt_III-531x400.png 531w, https:\/\/www.praha7.cz\/wp-content\/uploads\/2025\/04\/Schema_provozu_Negrelliho_viadukt_III-768x578.png 768w, https:\/\/www.praha7.cz\/wp-content\/uploads\/2025\/04\/Schema_provozu_Negrelliho_viadukt_III-1536x1157.png 1536w\" sizes=\"(max-width: 640px) 100vw, 640px\" \/><\/a><\/p>\r\n<p>&nbsp;<\/p>\r\n<p><strong>V\u0161e k&nbsp;dopravn\u00edm omezen\u00edm spojen\u00fdm s&nbsp;pracemi na \u017eelezni\u010dn\u00edm most\u011b a&nbsp;maratonem 4.&nbsp;kv\u011btna se do\u010dtete <a href=\"https:\/\/www.praha7.cz\/most-25\/\">ZDE<\/a>.<\/strong><\/p>\r\n<p>&nbsp;<\/p>","protected":false},"excerpt":{"rendered":"[perex] V&nbsp;souvislosti s&nbsp;modernizac\u00ed \u017eeleznice a&nbsp;pracemi na \u017eelezni\u010dn\u00edm most\u011b doch\u00e1z\u00ed od soboty 12.&nbsp;dubna (od 4.15 hodin) do ned\u011ble 13.&nbsp;dubna 2025 (p\u0159ibli\u017en\u011b do 24.00 hodin) k&nbsp;obousm\u011brn\u00e9mu p\u0159eru\u0161en\u00ed provozu tramvaj\u00ed v&nbsp;\u00faseku Vltavsk\u00e1 \u2013 D\u011blnick\u00e1 \u2013 N\u00e1dra\u017e\u00ed Hole\u0161ovice \u2013 Ke St\u00edrce. Dot\u010den\u00e9 linky: 1, 3, 14, 25, 93. Zavedena\/prodlou\u017eena je n\u00e1hradn\u00ed autobusov\u00e1 doprava X1, X25 a&nbsp;no\u010dn\u00ed X93. Detaily [&hellip;]","protected":false},"author":251,"featured_media":83279,"comment_status":"closed","ping_status":"open","sticky":false,"template":"","format":"standard","meta":[],"categories":[34],"tags":[57],"_links":{"self":[{"href":"https:\/\/www.praha7.cz\/api\/wp\/v2\/posts\/83426"}],"collection":[{"href":"https:\/\/www.praha7.cz\/api\/wp\/v2\/posts"}],"about":[{"href":"https:\/\/www.praha7.cz\/api\/wp\/v2\/types\/post"}],"author":[{"embeddable":true,"href":"https:\/\/www.praha7.cz\/api\/wp\/v2\/users\/251"}],"replies":[{"embeddable":true,"href":"https:\/\/www.praha7.cz\/api\/wp\/v2\/comments?post=83426"}],"version-history":[{"count":7,"href":"https:\/\/www.praha7.cz\/api\/wp\/v2\/posts\/83426\/revisions"}],"predecessor-version":[{"id":83445,"href":"https:\/\/www.praha7.cz\/api\/wp\/v2\/posts\/83426\/revisions\/83445"}],"wp:featuredmedia":[{"embeddable":true,"href":"https:\/\/www.praha7.cz\/api\/wp\/v2\/media\/83279"}],"wp:attachment":[{"href":"https:\/\/www.praha7.cz\/api\/wp\/v2\/media?parent=83426"}],"wp:term":[{"taxonomy":"category","embeddable":true,"href":"https:\/\/www.praha7.cz\/api\/wp\/v2\/categories?post=83426"},{"taxonomy":"post_tag","embeddable":true,"href":"https:\/\/www.praha7.cz\/api\/wp\/v2\/tags?post=83426"}],"curies":[{"name":"wp","href":"https:\/\/api.w.org\/{rel}","templated":true}]}}