    
{"id":83398,"date":"2025-04-08T15:18:50","date_gmt":"2025-04-08T13:18:50","guid":{"rendered":"https:\/\/www.praha7.cz\/?p=83398"},"modified":"2025-04-24T09:56:33","modified_gmt":"2025-04-24T07:56:33","slug":"se-starostou-u-stolu-23-dubna-v-restauraci-ctyrka","status":"publish","type":"post","link":"https:\/\/www.praha7.cz\/se-starostou-u-stolu-23-dubna-v-restauraci-ctyrka\/","title":{"rendered":"Se starostou u&nbsp;stolu: 23.&nbsp;dubna v&nbsp;restauraci \u010cty\u0159ka"},"content":{"rendered":"<p>[perex]<\/p>\r\n<p>Dal\u0161\u00ed neform\u00e1ln\u00ed setk\u00e1n\u00ed Se starostou u&nbsp;stolu se uskute\u010dn\u00ed ve st\u0159edu 23.&nbsp;dubna 2025 od 18 do 20 hodin v&nbsp;restauraci <a href=\"https:\/\/www.ctyr-ka.cz\/kontakt\/\" target=\"_blank\" rel=\"noopener\">\u010cty\u0159ka<\/a>, Komunard\u016f 30. P\u0159ij\u010fte a&nbsp;ptejte se starosty Jana \u010ci\u017einsk\u00e9ho, m\u00edstostarosty Kamila Vav\u0159ince Mare\u0161e s&nbsp;gesc\u00ed majetek, radn\u00edho Martina Tom\u00e1nka, kter\u00fd m\u00e1 na starost finance, a&nbsp;p\u0159edsedkyn\u011b V\u00fdboru pro vzd\u011bl\u00e1v\u00e1n\u00ed, soci\u00e1ln\u00ed politiku a&nbsp;zdravotnictv\u00ed Sylvy Svobodov\u00e9. T\u011b\u0161\u00edme se na v\u00e1s.<\/p>\r\n<p>[\/perex]<\/p>","protected":false},"excerpt":{"rendered":"[perex] Dal\u0161\u00ed neform\u00e1ln\u00ed setk\u00e1n\u00ed Se starostou u&nbsp;stolu se uskute\u010dn\u00ed ve st\u0159edu 23.&nbsp;dubna 2025 od 18 do 20 hodin v&nbsp;restauraci \u010cty\u0159ka, Komunard\u016f 30. P\u0159ij\u010fte a&nbsp;ptejte se starosty Jana \u010ci\u017einsk\u00e9ho, m\u00edstostarosty Kamila Vav\u0159ince Mare\u0161e s&nbsp;gesc\u00ed majetek, radn\u00edho Martina Tom\u00e1nka, kter\u00fd m\u00e1 na starost finance, a&nbsp;p\u0159edsedkyn\u011b V\u00fdboru pro vzd\u011bl\u00e1v\u00e1n\u00ed, soci\u00e1ln\u00ed politiku a&nbsp;zdravotnictv\u00ed Sylvy Svobodov\u00e9. T\u011b\u0161\u00edme se na v\u00e1s. [&hellip;]","protected":false},"author":251,"featured_media":72829,"comment_status":"closed","ping_status":"open","sticky":false,"template":"","format":"standard","meta":[],"categories":[34],"tags":[84,110],"_links":{"self":[{"href":"https:\/\/www.praha7.cz\/api\/wp\/v2\/posts\/83398"}],"collection":[{"href":"https:\/\/www.praha7.cz\/api\/wp\/v2\/posts"}],"about":[{"href":"https:\/\/www.praha7.cz\/api\/wp\/v2\/types\/post"}],"author":[{"embeddable":true,"href":"https:\/\/www.praha7.cz\/api\/wp\/v2\/users\/251"}],"replies":[{"embeddable":true,"href":"https:\/\/www.praha7.cz\/api\/wp\/v2\/comments?post=83398"}],"version-history":[{"count":3,"href":"https:\/\/www.praha7.cz\/api\/wp\/v2\/posts\/83398\/revisions"}],"predecessor-version":[{"id":83684,"href":"https:\/\/www.praha7.cz\/api\/wp\/v2\/posts\/83398\/revisions\/83684"}],"wp:featuredmedia":[{"embeddable":true,"href":"https:\/\/www.praha7.cz\/api\/wp\/v2\/media\/72829"}],"wp:attachment":[{"href":"https:\/\/www.praha7.cz\/api\/wp\/v2\/media?parent=83398"}],"wp:term":[{"taxonomy":"category","embeddable":true,"href":"https:\/\/www.praha7.cz\/api\/wp\/v2\/categories?post=83398"},{"taxonomy":"post_tag","embeddable":true,"href":"https:\/\/www.praha7.cz\/api\/wp\/v2\/tags?post=83398"}],"curies":[{"name":"wp","href":"https:\/\/api.w.org\/{rel}","templated":true}]}}