    
{"id":83317,"date":"2025-04-04T11:01:24","date_gmt":"2025-04-04T09:01:24","guid":{"rendered":"https:\/\/www.praha7.cz\/?p=83317"},"modified":"2025-04-08T12:02:45","modified_gmt":"2025-04-08T10:02:45","slug":"bona-zve-na-den-otevrenych-dveri-7-dubna","status":"publish","type":"post","link":"https:\/\/www.praha7.cz\/bona-zve-na-den-otevrenych-dveri-7-dubna\/","title":{"rendered":"BONA zve na den otev\u0159en\u00fdch dve\u0159\u00ed 7.&nbsp;dubna"},"content":{"rendered":"<p>[perex]<\/p>\r\n<p>Organizace <a href=\"https:\/\/www.bona-ops.cz\/\" target=\"_blank\" rel=\"noopener\">BONA<\/a>, kter\u00e1 s\u00eddl\u00ed na Ortenov\u011b n\u00e1m\u011bst\u00ed 15a, v\u00e1s srde\u010dn\u011b zve na den otev\u0159en\u00fdch dve\u0159\u00ed, kter\u00fd prob\u011bhne v&nbsp;pond\u011bl\u00ed 7.&nbsp;dubna 2025 od 9 do 18 hodin. \u010cekaj\u00ed v\u00e1s inspirativn\u00ed p\u0159edn\u00e1\u0161ky a&nbsp;semin\u00e1\u0159e, b\u011bhem nich\u017e zjist\u00edte, jak m\u016f\u017eete podpo\u0159it sv\u00e9 du\u0161evn\u00ed zdrav\u00ed. Proto\u017ee kdy\u017e jste v&nbsp;pohod\u011b, m\u016f\u017eete \u0161\u00ed\u0159it \u0161t\u011bst\u00ed d\u00e1l! V\u00edce v&nbsp;textu n\u00ed\u017ee a&nbsp;ve <a href=\"https:\/\/www.facebook.com\/events\/977851041103847\/\" target=\"_blank\" rel=\"noopener\">facebookov\u00e9 ud\u00e1losti<\/a>.<\/p>\r\n<p>[\/perex]<\/p>\r\n<h3><strong>Co v\u00e1s b\u011bhem dne otev\u0159en\u00fdch dve\u0159\u00ed \u010dek\u00e1?<\/strong><\/h3>\r\n<h4>P\u0159edstaven\u00ed organizace BONA<\/h4>\r\n<p>N\u00e1v\u0161t\u011bvn\u00edci se sezn\u00e1m\u00ed s&nbsp;t\u00edm, kdo je BONA, o.p.s., jak vznikla, jak\u00e9 m\u00e1 posl\u00e1n\u00ed, co se zm\u011bnilo v&nbsp;prost\u0159ed\u00ed poskytovan\u00fdch soci\u00e1ln\u00edch slu\u017eeb za dobu existence BONY\u00a0 a&nbsp;kam sm\u011b\u0159uje nyn\u00ed.<\/p>\r\n<h4><br \/>\r\nSlu\u017eby BONA<\/h4>\r\n<p>Slu\u017eby, kter\u00e9 organizace poskytuje, p\u0159edstav\u00ed v&nbsp;\u0161ir\u0161\u00edch souvislostech, interaktivn\u011b a&nbsp;s&nbsp;mo\u017enost\u00ed sezn\u00e1mit se s&nbsp;modelov\u00fdmi situacemi z&nbsp;re\u00e1ln\u00e9 praxe. Soci\u00e1ln\u00ed pr\u00e1ce a&nbsp;jej\u00ed komunitn\u00ed sm\u011b\u0159ov\u00e1n\u00ed maj\u00ed kl\u00ed\u010dov\u00fd v\u00fdznam p\u0159i n\u00e1vratu lid\u00ed se zku\u0161enost\u00ed s&nbsp;du\u0161evn\u00edm onemocn\u011bn\u00edm do jejich p\u0159irozen\u00e9ho prost\u0159ed\u00ed. Aby byl tento proces \u00fasp\u011b\u0161n\u00fd, nab\u00edz\u00ed BONA \u0161irokou \u0161k\u00e1lu slu\u017eeb, kter\u00e9 pokr\u00fdvaj\u00ed r\u016fzn\u00e9 f\u00e1ze zotaven\u00ed. Mezi n\u011b pat\u0159\u00ed ter\u00e9nn\u00ed t\u00fdmy, chr\u00e1n\u011bn\u00e9 bydlen\u00ed, slu\u017eba zam\u011bstn\u00e1v\u00e1n\u00ed na chr\u00e1n\u011bn\u00fdch pracovn\u00edch m\u00edstech, zam\u011bstn\u00e1v\u00e1n\u00ed metodou IPS na otev\u0159en\u00e9m trhu pr\u00e1ce a&nbsp;nov\u00fd n\u00edzkoprahov\u00fd projekt Housing First. Ka\u017ed\u00e1 slu\u017eba m\u00e1 sv\u00e1 specifika a&nbsp;jedine\u010dn\u00e9 p\u0159\u00edb\u011bhy lid\u00ed, s&nbsp;nimi\u017e se budete moci sezn\u00e1mit.<\/p>\r\n<p>&nbsp;<\/p>\r\n<h4>Centrum zotaven\u00ed<\/h4>\r\n<p>Centrum zotaven\u00ed je m\u00edstem, ve kter\u00e9m se mohou lid\u00e9 setk\u00e1vat a&nbsp;aktivn\u011b tr\u00e1vit \u010das. V&nbsp;den otev\u0159en\u00fdch dve\u0159\u00ed m\u016f\u017eete zjistit, jak takov\u00fd program prob\u00edh\u00e1, co znamen\u00e1 p\u0159\u00edstup Zotaven\u00ed a\u00a0\u00a0metoda CARe. Tato t\u00e9mata se net\u00fdkaj\u00ed pouze lid\u00ed se zku\u0161enost\u00ed s&nbsp;du\u0161evn\u00edm onemocn\u011bn\u00edm, ale mohou pomoci ka\u017ed\u00e9mu mapovat svou \u017eivotn\u00ed situaci a&nbsp;z\u00edskat n\u00e1stroje pro pr\u00e1ci s&nbsp;r\u016fzn\u00fdmi riziky.<\/p>\r\n<p>&nbsp;<\/p>\r\n<h4>Workshopy v&nbsp;d\u00edln\u00e1ch<\/h4>\r\n<p>B\u011bhem praktick\u00fdch workshop\u016f si n\u00e1v\u0161t\u011bvn\u00edci mohou vyzkou\u0161et pr\u00e1ci v&nbsp;textiln\u00ed a&nbsp;skl\u00e1\u0159sk\u00e9 d\u00edln\u011b. Chr\u00e1n\u011bn\u00e1 pracovi\u0161t\u011b jsou jednou z&nbsp;forem, kter\u00e1 lidem se zku\u0161enost\u00ed s&nbsp;du\u0161evn\u00edm onemocn\u011bn\u00edm pom\u00e1haj\u00ed na cest\u011b Zotaven\u00ed. Z\u00edsk\u00e1n\u00ed pracovn\u00edch n\u00e1vyk\u016f je jedn\u00edm z&nbsp;kl\u00ed\u010dov\u00fdch krok\u016f k&nbsp;tomu, aby mohli \u017e\u00edt d\u016fstojn\u00fdm a&nbsp;samostatn\u00fdm \u017eivotem.<\/p>\r\n<p>&nbsp;<\/p>\r\n<h4>Obchod JEDNA BEDNA<\/h4>\r\n<p>Obchod JEDNA BEDNA, kter\u00fd BONA provozuje v&nbsp;\u017ditn\u00e9 ulici, pro tento den p\u0159enese i&nbsp;na Ortenovo n\u00e1m\u011bst\u00ed a&nbsp;poskytne k&nbsp;zakoupen\u00ed produkty, kter\u00e9 vznikaly i&nbsp;v&nbsp;jejich d\u00edln\u00e1ch. Mo\u017en\u00e1 mnoh\u00e9 p\u0159ekvap\u00ed, jak kr\u00e1sn\u00e9 a&nbsp;praktick\u00e9 p\u0159edm\u011bty mohou lid\u00e9 se znev\u00fdhodn\u011bn\u00edm na voln\u00e9m pracovn\u00edm trhu vyr\u00e1b\u011bt. Brand JEDNA BEDNA v&nbsp;tomto roce slav\u00ed 10let\u00e9 v\u00fdro\u010d\u00ed a&nbsp;je i&nbsp;skv\u011bl\u00fdm m\u00edstem pro n\u00e1kup d\u00e1rk\u016f, kter\u00e9 jsou nejen designov\u00e9, jedine\u010dn\u00e9, praktick\u00e9, ale p\u0159in\u00e1\u0161\u00ed i&nbsp;hlub\u0161\u00ed smysl.<\/p>\r\n<p>&nbsp;<\/p>\r\n<h4>Semin\u00e1\u0159e na aktu\u00e1ln\u00ed t\u00e9mata<\/h4>\r\n<p>B\u011bhem dne budou prob\u00edhat semin\u00e1\u0159e zam\u011b\u0159en\u00e9 na kl\u00ed\u010dov\u00e1 t\u00e9mata v&nbsp;oblasti du\u0161evn\u00edho zdrav\u00ed, p\u0159i\u010dem\u017e ka\u017ed\u00fd z&nbsp;nich prob\u011bhne n\u011bkolikr\u00e1t b\u011bhem dne, aby si je mohlo vyslechnout co nejv\u00edce n\u00e1v\u0161t\u011bvn\u00edk\u016f.<br \/>\r\n<strong>\u2013 Prevence vyho\u0159en\u00ed a&nbsp;psychohygiena<\/strong><br \/>\r\nJak p\u0159edch\u00e1zet syndromu vyho\u0159en\u00ed a&nbsp;jak si udr\u017eet psychickou pohodu v&nbsp;n\u00e1ro\u010dn\u00fdch profesn\u00edch i&nbsp;osobn\u00edch obdob\u00edch.<br \/>\r\n<strong>\u2013 Syst\u00e9m p\u00e9\u010de o&nbsp;du\u0161evn\u00ed zdrav\u00ed a&nbsp;transformace<\/strong><br \/>\r\nSou\u010dasn\u00fd syst\u00e9m p\u00e9\u010de o&nbsp;du\u0161evn\u00ed zdrav\u00ed v&nbsp;\u010cesk\u00e9 republice a&nbsp;jak se vyv\u00edj\u00ed v&nbsp;posledn\u00edch letech.<br \/>\r\n<strong>\u2013 Stigmatizace, destigmatizace a&nbsp;sebestigmatizace<\/strong><br \/>\r\nSemin\u00e1\u0159 se zam\u011b\u0159\u00ed na problematiku stigmatizace a&nbsp;sebestigmatizace, kter\u00e1 je st\u00e1le siln\u011b p\u0159\u00edtomn\u00e1 ve spole\u010dnosti, a&nbsp;to nejen v&nbsp;kontextu du\u0161evn\u00edho zdrav\u00ed. C\u00edlem je pomoci lidem pochopit, jak stigmatizace vznik\u00e1, jak se projevuje, ale tak\u00e9 jak je mo\u017en\u00e9 se s&nbsp;p\u0159edsudky vypo\u0159\u00e1dat.<\/p>","protected":false},"excerpt":{"rendered":"[perex] Organizace BONA, kter\u00e1 s\u00eddl\u00ed na Ortenov\u011b n\u00e1m\u011bst\u00ed 15a, v\u00e1s srde\u010dn\u011b zve na den otev\u0159en\u00fdch dve\u0159\u00ed, kter\u00fd prob\u011bhne v&nbsp;pond\u011bl\u00ed 7.&nbsp;dubna 2025 od 9 do 18 hodin. \u010cekaj\u00ed v\u00e1s inspirativn\u00ed p\u0159edn\u00e1\u0161ky a&nbsp;semin\u00e1\u0159e, b\u011bhem nich\u017e zjist\u00edte, jak m\u016f\u017eete podpo\u0159it sv\u00e9 du\u0161evn\u00ed zdrav\u00ed. Proto\u017ee kdy\u017e jste v&nbsp;pohod\u011b, m\u016f\u017eete \u0161\u00ed\u0159it \u0161t\u011bst\u00ed d\u00e1l! V\u00edce v&nbsp;textu n\u00ed\u017ee a&nbsp;ve facebookov\u00e9 ud\u00e1losti. [\/perex] [&hellip;]","protected":false},"author":251,"featured_media":83320,"comment_status":"closed","ping_status":"open","sticky":false,"template":"","format":"standard","meta":[],"categories":[34],"tags":[110],"_links":{"self":[{"href":"https:\/\/www.praha7.cz\/api\/wp\/v2\/posts\/83317"}],"collection":[{"href":"https:\/\/www.praha7.cz\/api\/wp\/v2\/posts"}],"about":[{"href":"https:\/\/www.praha7.cz\/api\/wp\/v2\/types\/post"}],"author":[{"embeddable":true,"href":"https:\/\/www.praha7.cz\/api\/wp\/v2\/users\/251"}],"replies":[{"embeddable":true,"href":"https:\/\/www.praha7.cz\/api\/wp\/v2\/comments?post=83317"}],"version-history":[{"count":1,"href":"https:\/\/www.praha7.cz\/api\/wp\/v2\/posts\/83317\/revisions"}],"predecessor-version":[{"id":83321,"href":"https:\/\/www.praha7.cz\/api\/wp\/v2\/posts\/83317\/revisions\/83321"}],"wp:featuredmedia":[{"embeddable":true,"href":"https:\/\/www.praha7.cz\/api\/wp\/v2\/media\/83320"}],"wp:attachment":[{"href":"https:\/\/www.praha7.cz\/api\/wp\/v2\/media?parent=83317"}],"wp:term":[{"taxonomy":"category","embeddable":true,"href":"https:\/\/www.praha7.cz\/api\/wp\/v2\/categories?post=83317"},{"taxonomy":"post_tag","embeddable":true,"href":"https:\/\/www.praha7.cz\/api\/wp\/v2\/tags?post=83317"}],"curies":[{"name":"wp","href":"https:\/\/api.w.org\/{rel}","templated":true}]}}