    
{"id":83283,"date":"2025-04-02T17:29:33","date_gmt":"2025-04-02T15:29:33","guid":{"rendered":"https:\/\/www.praha7.cz\/?p=83283"},"modified":"2025-04-06T22:14:18","modified_gmt":"2025-04-06T20:14:18","slug":"havarie-inzenyrskych-siti-na-milade-preruseni-tramvajoveho-provozu-3-a-4-dubna","status":"publish","type":"post","link":"https:\/\/www.praha7.cz\/havarie-inzenyrskych-siti-na-milade-preruseni-tramvajoveho-provozu-3-a-4-dubna\/","title":{"rendered":"Provoz tramvaj\u00ed Hrad\u010dansk\u00e1 &#8211; Strossmayerovo n\u00e1m. obnoven"},"content":{"rendered":"<p>[perex]<\/p>\r\n<p><span style=\"color: #ff0000;\"><strong>Aktualizace 4.&nbsp;4.: Provoz tramvaj\u00ed na trase Hrad\u010dansk\u00e1 &#8211; Strossmayerovo n\u00e1m\u011bst\u00ed obnoven. <\/strong><\/span><\/p>\r\n<p>Z d\u016fvodu hav\u00e1rie in\u017een\u00fdrsk\u00fdch s\u00edt\u00ed v&nbsp;ulici Milady Hor\u00e1kov\u00e9 budou od \u010dtvrtka 3.&nbsp;dubna 8.00 do odvol\u00e1n\u00ed (p\u0159edpoklad 4.&nbsp;dubna odpoledne) odklon\u011bny tramvajov\u00e9 linky 1, 8, 12, 25, 26 a&nbsp;no\u010dn\u00ed linky 91, 96. Zavedena bude n\u00e1hradn\u00ed autobusov\u00e1 doprava X8 a&nbsp;no\u010dn\u00ed X91.\u00a0<\/p>\r\n<p>[\/perex]<\/p>\r\n<p><strong>OBOUSM\u011aRN\u00dd ODKLON TRAMVAJOV\u00ddCH\u00a0LINEK:<\/strong><\/p>\r\n<p><span><strong>1<\/strong><\/span>\u00a0a<span>\u00a0<\/span><span><strong>25<\/strong><\/span><span>\u00a0<\/span>\u00a0\u2026Hrad\u010dansk\u00e1<span>\u00a0<\/span><strong><em>\u2013 Chotkovy sady \u2013 Malostransk\u00e1<span>\u00a0<\/span><\/em><\/strong><strong><em>(n\u00e1b\u0159.\u00a0E. Bene\u0161e)<\/em><\/strong><strong><em><span>\u00a0<\/span>\u2013 \u010cech\u016fv most \u2013<\/em><\/strong><span>\u00a0<\/span>Strossmayerovo n\u00e1m\u011bst\u00ed\u2026<\/p>\r\n<p><span><strong>8<\/strong><\/span>,<strong>\u00a0<span>26<\/span><\/strong>,<strong>\u00a0<span>91<\/span><\/strong><span>\u00a0<\/span>a<span>\u00a0<\/span><strong><span>96<\/span><\/strong>\u00a0\u2026Hrad\u010dansk\u00e1<span>\u00a0<\/span><strong><em>\u2013 Chotkovy sady \u2013 Malostransk\u00e1<span>\u00a0<\/span><\/em><\/strong><strong><em>(n\u00e1b\u0159.\u00a0E. Bene\u0161e)<\/em><\/strong><strong><em><span>\u00a0<\/span>\u2013 \u010cech\u016fv most \u2013<\/em><\/strong><span>\u00a0<\/span>Dlouh\u00e1 t\u0159\u00edda\u2026<\/p>\r\n<p><span><strong>12<\/strong><\/span><span>\u00a0<\/span>\u00a0\u2026Malostransk\u00e1<span>\u00a0<\/span><strong><em>\u2013 Malostransk\u00e1<span>\u00a0<\/span><\/em><\/strong><strong><em>(n\u00e1b\u0159.\u00a0E. Bene\u0161e)<\/em><\/strong><strong><em><span>\u00a0<\/span>\u2013 \u010cech\u016fv most \u2013<\/em><\/strong><span>\u00a0<\/span>Strossmayerovo n\u00e1m\u011bst\u00ed\u2026<\/p>\r\n<p>&nbsp;<\/p>\r\n<p><strong><em>N\u00c1HRADN\u00cd AUTOBUSOV\u00c1 DOPRAVA:<\/em><\/strong><\/p>\r\n<ul>\r\n\t<li>v\u00a0denn\u00edm provozu linka<span>\u00a0<\/span><span><strong>X8<\/strong><\/span><span>\u00a0<\/span>v\u00a0trase Hrad\u010dansk\u00e1 \u2013 Strossmayerovo n\u00e1m\u011bst\u00ed<\/li>\r\n\t<li>v no\u010dn\u00edm provozu linka<span>\u00a0<\/span><span><strong>X91<\/strong><\/span><span>\u00a0<\/span>v\u00a0trase Hrad\u010dansk\u00e1 \u2013 N\u00e1m\u011bst\u00ed Republiky (s&nbsp;n\u00e1vaznost\u00ed na linky TRAM<span>\u00a0<strong>91<\/strong><\/span><span>\u00a0<\/span>a<span>\u00a0<\/span><span><strong>96<\/strong><\/span>)<\/li>\r\n<\/ul>\r\n<p><em>zast\u00e1vky denn\u00ed n\u00e1hradn\u00ed autobusov\u00e9 dopravy linky\u00a0<span><strong>X8<\/strong><\/span>:<\/em><\/p>\r\n<p>sm\u011br\u00a0<strong>Strossmayerovo n\u00e1m\u011bst\u00ed:<\/strong>\u00a0\u00a0\u00a0\u00a0\u00a0\u00a0\u00a0\u00a0\u00a0\u00a0\u00a0\u00a0\u00a0\u00a0\u00a0\u00a0\u00a0\u00a0\u00a0\u00a0\u00a0\u00a0\u00a0\u00a0\u00a0\u00a0\u00a0\u00a0\u00a0\u00a0\u00a0\u00a0\u00a0\u00a0\u00a0\u00a0\u00a0\u00a0\u00a0\u00a0\u00a0\u00a0\u00a0\u00a0\u00a0\u00a0\u00a0\u00a0\u00a0\u00a0\u00a0\u00a0\u00a0\u00a0\u00a0\u00a0\u00a0\u00a0\u00a0<\/p>\r\n<ul>\r\n\t<li><strong>HRAD\u010cANSK\u00c1<span>\u00a0<\/span><\/strong><em>v\u00a0zast\u00e1vce linky BUS 909<\/em><span>\u00a0<\/span>\u00a0\u00a0\u00a0\u00a0\u00a0\u00a0\u00a0\u00a0\u00a0\u00a0\u00a0\u00a0\u00a0\u00a0\u00a0\u00a0\u00a0\u00a0\u00a0\u00a0\u00a0<\/li>\r\n\t<li><strong>SPARTA<\/strong><span>\u00a0<\/span><em>v\u00a0zast\u00e1vce linky BUS 909<\/em><\/li>\r\n\t<li><span><strong>LETENSK\u00c9 N\u00c1M\u011aST\u00cd<\/strong>\u00a0<em>v zast\u00e1vce TRAM\u00a0\u00a0<\/em>\u00a0\u00a0<\/span>\u00a0\u00a0\u00a0\u00a0\u00a0 \u00a0\u00a0\u00a0\u00a0\u00a0\u00a0\u00a0\u00a0\u00a0\u00a0\u00a0\u00a0\u00a0\u00a0\u00a0\u00a0\u00a0\u00a0\u00a0\u00a0\u00a0\u00a0\u00a0\u00a0\u00a0\u00a0\u00a0<\/li>\r\n\t<li><strong>KAMENICK\u00c1<\/strong><span>\u00a0<\/span><em>v\u00a0zast\u00e1vce TRAM<\/em><span>\u00a0<\/span>\u00a0\u00a0\u00a0\u00a0\u00a0\u00a0\u00a0\u00a0\u00a0\u00a0\u00a0\u00a0\u00a0\u00a0\u00a0\u00a0\u00a0\u00a0\u00a0\u00a0\u00a0\u00a0\u00a0\u00a0\u00a0\u00a0\u00a0\u00a0\u00a0\u00a0\u00a0\u00a0\u00a0\u00a0\u00a0\u00a0<\/li>\r\n\t<li><strong>STROSSMAYEROVO N\u00c1M\u011aST\u00cd<\/strong><span>\u00a0<\/span><em>v\u00a0zast\u00e1vce TRAM (od Kamenick\u00e9)\u00a0 \u00a0\u00a0\u00a0\u00a0\u00a0<\/em><\/li>\r\n<\/ul>\r\n<p>sm\u011br\u00a0<strong>Hrad\u010dansk\u00e1:<\/strong>\u00a0<\/p>\r\n<ul>\r\n\t<li><strong>STROSSMAYEROVO N\u00c1M\u011aST\u00cd<\/strong><span>\u00a0<\/span><em>v\u00a0zast\u00e1vce TRAM<\/em><em><span>\u00a0<\/span>(od n\u00e1b\u0159e\u017e\u00ed)<\/em><\/li>\r\n\t<li><strong>KAMENICK\u00c1<\/strong><span>\u00a0<\/span><em>v\u00a0zast\u00e1vce TRAM<\/em><\/li>\r\n\t<li><strong>LETENSK\u00c9 N\u00c1M\u011aST\u00cd<\/strong><span>\u00a0<\/span><em>v zast\u00e1vce TRAM\u00a0<span>\u00a0<\/span><\/em><span>\u00a0<\/span><\/li>\r\n\t<li><strong>SPARTA<\/strong><span>\u00a0<\/span><em>vst\u0159\u00edcn\u011b zast\u00e1vce TRAM v\u00a0zast\u00e1vce pro n\u00e1hradn\u00ed dopravu<\/em><\/li>\r\n\t<li><strong>HRAD\u010cANSK\u00c1<span>\u00a0<\/span><\/strong><em>v\u00a0zadn\u00ed \u010d\u00e1sti zast\u00e1vky linky BUS 909 sm\u011br centrum<\/em><\/li>\r\n<\/ul>\r\n<p><em>zast\u00e1vky no\u010dn\u00ed n\u00e1hradn\u00ed autobusov\u00e9 dopravy linky\u00a0<span><strong>X91<\/strong><\/span>:<\/em><\/p>\r\n<p>sm\u011br\u00a0<strong>N\u00e1m\u011bst\u00ed Republiky:<\/strong>\u00a0\u00a0\u00a0\u00a0\u00a0\u00a0\u00a0\u00a0\u00a0\u00a0\u00a0\u00a0\u00a0\u00a0\u00a0\u00a0\u00a0\u00a0\u00a0\u00a0\u00a0\u00a0\u00a0\u00a0\u00a0\u00a0\u00a0\u00a0\u00a0\u00a0\u00a0\u00a0\u00a0\u00a0\u00a0\u00a0\u00a0\u00a0\u00a0\u00a0\u00a0\u00a0\u00a0\u00a0\u00a0\u00a0\u00a0\u00a0\u00a0\u00a0\u00a0\u00a0\u00a0\u00a0\u00a0\u00a0\u00a0\u00a0\u00a0<\/p>\r\n<ul>\r\n\t<li><strong>HRAD\u010cANSK\u00c1<span>\u00a0<\/span><\/strong><em>v\u00a0zast\u00e1vce linky BUS 909<\/em>\u00a0<em>(p\u0159estup<span>\u00a0<\/span><strong>TRAM<span>\u00a0<\/span><span>91<\/span><span>,<\/span><span>96<\/span>\/BUS<span>\u00a0<\/span><span>X91<\/span><\/strong>)\u00a0 \u00a0 \u00a0<\/em><span>\u00a0<\/span>\u00a0 \u00a0 \u00a0 \u00a0 \u00a0 \u00a0 \u00a0 \u00a0<\/li>\r\n\t<li><strong>SPARTA<\/strong><span>\u00a0<\/span><em>v\u00a0zast\u00e1vce linky BUS 909<\/em><span>\u00a0<\/span><\/li>\r\n\t<li><strong>LETENSK\u00c9 N\u00c1M\u011aST\u00cd<\/strong><span>\u00a0<\/span><em>v zast\u00e1vce TRAM\u00a0<span>\u00a0<\/span><\/em><span>\u00a0<\/span>\u00a0\u00a0\u00a0\u00a0\u00a0 \u00a0\u00a0\u00a0\u00a0\u00a0\u00a0\u00a0\u00a0\u00a0\u00a0\u00a0\u00a0\u00a0\u00a0\u00a0\u00a0\u00a0\u00a0\u00a0\u00a0\u00a0\u00a0\u00a0\u00a0\u00a0\u00a0\u00a0<\/li>\r\n\t<li><strong>KAMENICK\u00c1<\/strong><span>\u00a0<\/span><em>v\u00a0zast\u00e1vce TRAM<\/em><span>\u00a0<\/span>\u00a0\u00a0\u00a0\u00a0\u00a0\u00a0\u00a0\u00a0\u00a0\u00a0\u00a0\u00a0\u00a0\u00a0\u00a0\u00a0\u00a0\u00a0\u00a0\u00a0\u00a0\u00a0\u00a0\u00a0\u00a0\u00a0\u00a0\u00a0\u00a0\u00a0\u00a0\u00a0\u00a0\u00a0\u00a0\u00a0<\/li>\r\n\t<li><strong>STROSSMAYEROVO N\u00c1M\u011aST\u00cd<\/strong><span>\u00a0<\/span><em>v\u00a0zast\u00e1vce TRAM (od Kamenick\u00e9)\u00a0<\/em><\/li>\r\n\t<li><strong>N\u00c1B\u0158E\u017d\u00cd KAPIT\u00c1NA JARO\u0160E\u00a0<\/strong><em>v\u00a0zast\u00e1vce TRAM<\/em><\/li>\r\n\t<li><strong>DLOUH\u00c1 T\u0158\u00cdDA\u00a0<\/strong><em>v\u00a0zast\u00e1vce TRAM<\/em><strong>\u00a0<\/strong><\/li>\r\n\t<li><strong>N\u00c1M\u011aST\u00cd REPUBLIKY\u00a0<\/strong><em>v\u00a0zast\u00e1vce TRAM (p\u0159estup<span>\u00a0<\/span><strong>BUS<span>\u00a0<\/span><span>X91<\/span><span>\/<\/span><\/strong><strong>TRAM<span>\u00a0<\/span><span>91<\/span>,<span>96<\/span><\/strong>)<\/em><\/li>\r\n<\/ul>\r\n<p>sm\u011br\u00a0<strong>Hrad\u010dansk\u00e1:<\/strong>\u00a0<\/p>\r\n<ul>\r\n\t<li><strong>N\u00c1M\u011aST\u00cd REPUBLIKY\u00a0<\/strong><em>v\u00a0zast\u00e1vce TRAM\u00a0(p\u0159estup<span>\u00a0<\/span><strong>TRAM<span>\u00a0<\/span><span>91<\/span><span>,<\/span><span>96<\/span>\/BUS<span>\u00a0<\/span><span>X91<\/span><\/strong>)<\/em><\/li>\r\n\t<li><strong>DLOUH\u00c1 T\u0158\u00cdDA\u00a0<\/strong><em>v\u00a0zast\u00e1vce TRAM<\/em><strong>\u00a0<\/strong><\/li>\r\n\t<li><strong>STROSSMAYEROVO N\u00c1M\u011aST\u00cd<\/strong><span>\u00a0<\/span><em>v\u00a0zast\u00e1vce TRAM<\/em><em><span>\u00a0<\/span>(od n\u00e1b\u0159e\u017e\u00ed)<\/em><\/li>\r\n\t<li><strong>KAMENICK\u00c1<\/strong><span>\u00a0<\/span><em>v\u00a0zast\u00e1vce TRAM<\/em><\/li>\r\n\t<li><strong>LETENSK\u00c9 N\u00c1M\u011aST\u00cd<\/strong><span>\u00a0<\/span><em>v zast\u00e1vce TRAM\u00a0<span>\u00a0<\/span><\/em><span>\u00a0<\/span><\/li>\r\n\t<li><strong>SPARTA<\/strong><span>\u00a0<\/span><em>vst\u0159\u00edcn\u011b zast\u00e1vce TRAM v\u00a0zast\u00e1vce pro n\u00e1hradn\u00ed dopravu<\/em><\/li>\r\n\t<li><strong>HRAD\u010cANSK\u00c1<span>\u00a0<\/span><\/strong><em>v\u00a0zadn\u00ed \u010d\u00e1sti zast\u00e1vky linky BUS 909 sm\u011br centrum\u00a0(p\u0159estup<span>\u00a0<\/span><strong>BUS<span>\u00a0<\/span><span>X91<\/span><span>\/<\/span><\/strong><strong>TRAM<span>\u00a0<\/span><span>91<\/span>,<span>96<\/span><\/strong>)<\/em><\/li>\r\n<\/ul>\r\n<p><em>Zast\u00e1vka<span>\u00a0<\/span><strong>KORUNOVA\u010cN\u00cd<\/strong><span>\u00a0<\/span>je po dobu opat\u0159en\u00ed zru\u0161ena (vyu\u017eijte pros\u00edm zast\u00e1vky<span>\u00a0<\/span><strong>Letensk\u00e9 n\u00e1m\u011bst\u00ed<\/strong>\u00a0nebo<span>\u00a0<\/span><strong>Sparta<\/strong>)!<\/em><\/p>\r\n<p><span><strong><em>P\u0159edpokl\u00e1dan\u00e9 obnoven\u00ed provozu je v&nbsp;p\u00e1tek 4.&nbsp;dubna 2025 v&nbsp;odpoledn\u00edch hodin\u00e1ch.<\/em><\/strong><\/span><\/p>\r\n<p class=\"Text--brown u-mt--15\">Omlouv\u00e1me se za p\u0159\u00edpadn\u00e9 nep\u0159\u00edjemnosti a&nbsp;d\u011bkujeme za pochopen\u00ed.<\/p>\r\n<hr \/>\r\n<p class=\"Text--brown u-mt--15\">Dal\u0161\u00ed informace o&nbsp;mimo\u0159\u00e1dn\u00e9 ud\u00e1losti poskytne telefonick\u00e1 infolinka dopravn\u00edho podniku na \u010d\u00edsle 296&nbsp;19&nbsp;18&nbsp;17. Aktu\u00e1ln\u00ed informace na <a href=\"https:\/\/www.dpp.cz\/omezeni-a-mimoradne-udalosti\/detail\/26866\" target=\"_blank\" rel=\"noopener\">str\u00e1nk\u00e1ch DPP<\/a>.\u00a0<\/p>","protected":false},"excerpt":{"rendered":"[perex] Aktualizace 4.&nbsp;4.: Provoz tramvaj\u00ed na trase Hrad\u010dansk\u00e1 &#8211; Strossmayerovo n\u00e1m\u011bst\u00ed obnoven. Z&nbsp;d\u016fvodu hav\u00e1rie in\u017een\u00fdrsk\u00fdch s\u00edt\u00ed v&nbsp;ulici Milady Hor\u00e1kov\u00e9 budou od \u010dtvrtka 3.&nbsp;dubna 8.00 do odvol\u00e1n\u00ed (p\u0159edpoklad 4.&nbsp;dubna odpoledne) odklon\u011bny tramvajov\u00e9 linky 1, 8, 12, 25, 26 a&nbsp;no\u010dn\u00ed linky 91, 96. Zavedena bude n\u00e1hradn\u00ed autobusov\u00e1 doprava X8 a&nbsp;no\u010dn\u00ed X91.\u00a0 [\/perex] OBOUSM\u011aRN\u00dd ODKLON TRAMVAJOV\u00ddCH\u00a0LINEK: 1\u00a0a\u00a025\u00a0\u00a0\u2026Hrad\u010dansk\u00e1\u00a0\u2013 [&hellip;]","protected":false},"author":251,"featured_media":20550,"comment_status":"closed","ping_status":"open","sticky":false,"template":"","format":"standard","meta":[],"categories":[34],"tags":[57,126],"_links":{"self":[{"href":"https:\/\/www.praha7.cz\/api\/wp\/v2\/posts\/83283"}],"collection":[{"href":"https:\/\/www.praha7.cz\/api\/wp\/v2\/posts"}],"about":[{"href":"https:\/\/www.praha7.cz\/api\/wp\/v2\/types\/post"}],"author":[{"embeddable":true,"href":"https:\/\/www.praha7.cz\/api\/wp\/v2\/users\/251"}],"replies":[{"embeddable":true,"href":"https:\/\/www.praha7.cz\/api\/wp\/v2\/comments?post=83283"}],"version-history":[{"count":5,"href":"https:\/\/www.praha7.cz\/api\/wp\/v2\/posts\/83283\/revisions"}],"predecessor-version":[{"id":83329,"href":"https:\/\/www.praha7.cz\/api\/wp\/v2\/posts\/83283\/revisions\/83329"}],"wp:featuredmedia":[{"embeddable":true,"href":"https:\/\/www.praha7.cz\/api\/wp\/v2\/media\/20550"}],"wp:attachment":[{"href":"https:\/\/www.praha7.cz\/api\/wp\/v2\/media?parent=83283"}],"wp:term":[{"taxonomy":"category","embeddable":true,"href":"https:\/\/www.praha7.cz\/api\/wp\/v2\/categories?post=83283"},{"taxonomy":"post_tag","embeddable":true,"href":"https:\/\/www.praha7.cz\/api\/wp\/v2\/tags?post=83283"}],"curies":[{"name":"wp","href":"https:\/\/api.w.org\/{rel}","templated":true}]}}