    
{"id":83116,"date":"2025-03-27T13:54:17","date_gmt":"2025-03-27T12:54:17","guid":{"rendered":"https:\/\/www.praha7.cz\/?p=83116"},"modified":"2025-03-27T13:58:21","modified_gmt":"2025-03-27T12:58:21","slug":"otevrit-se-fantazii","status":"publish","type":"post","link":"https:\/\/www.praha7.cz\/otevrit-se-fantazii\/","title":{"rendered":"Otev\u0159\u00edt se fantazii"},"content":{"rendered":"<p>V kin\u011b se Tom\u00e1\u0161 Drahor\u00e1d c\u00edt\u00ed jako doma. Filmov\u00e1 studia v&nbsp;Olomouci zakon\u010dil diplomkou o&nbsp;v\u00fdvoji a&nbsp;digitalizaci tamn\u00edho slavn\u00e9ho kina Metropol, pak jej osud zav\u00e1l do Prahy, kde si na\u0161el pr\u00e1ci v&nbsp;jin\u00e9m kin\u011b \u2013 P\u0159\u00edtomnost, prvn\u00edm butikov\u00e9m kin\u011b u&nbsp;n\u00e1s. Pandemie ov\u0161em zam\u00edchala kartami, kina nucen\u011b zav\u0159ela a&nbsp;cinefil Tom\u00e1\u0161 se rozhodl svou profesn\u00ed budoucnost spojit s&nbsp;organizac\u00ed pro rozvoj kultury <a href=\"https:\/\/www.kreativnipraha.eu\/cs\" target=\"_blank\" rel=\"noopener\">Kreativn\u00ed Praha<\/a>. \u201eV tandemu s&nbsp;Ondrou Hor\u00e1kem jsme nejd\u0159\u00edv m\u011bli rozv\u00edjet Pra\u017esk\u00e9 kreativn\u00ed centrum, ale te\u010f se v\u00edc zam\u011b\u0159ujeme na ve\u0159ejn\u00fd prostor.\u201c V&nbsp;projektu Pra\u017esk\u00e9 pl\u00e1cky o\u017eivuj\u00ed ve\u0159ejn\u00e1 prostranstv\u00ed kulturn\u00edmi a&nbsp;komunitn\u00edmi akcemi. Testuj\u00ed a&nbsp;navrhuj\u00ed \u00fapravy a&nbsp;mo\u017en\u00e9 nov\u00e9 funkce m\u00edst, kter\u00e1 mohou slou\u017eit sv\u00e9mu \u00fa\u010delu l\u00e9pe ne\u017e doposud.<\/p>\r\n<p>Nen\u00ed n\u00e1hodou, \u017ee si s&nbsp;Tom\u00e1\u0161em pov\u00edd\u00e1me ve st\u00ednu Vod\u00e1rensk\u00e9 v\u011b\u017ee na Letn\u00e9. Pr\u00e1v\u011b zde se v&nbsp;sobotu 12.&nbsp;dubna uskute\u010dn\u00ed <a href=\"https:\/\/umeleckestrevo.cz\/festival-vytvarka\/\" target=\"_blank\" rel=\"noopener\">festival V\u00fdtvarka!!!<\/a>. \u201eK n\u011bmu jsem se dostal v\u00edcem\u00e9n\u011b n\u00e1hodou. Ondra Hor\u00e1k je krom\u011b jin\u00e9ho zakladatelem platformy <a href=\"https:\/\/umeleckestrevo.cz\/\" target=\"_blank\" rel=\"noopener\">M\u00e1\u0161 um\u011bleck\u00e9 st\u0159evo?<\/a>, kter\u00e1 festival po\u0159\u00e1d\u00e1. Letos to bude ji\u017e posedm\u00e9. Slovo dalo slovo a&nbsp;j\u00e1 se stal sou\u010d\u00e1st\u00ed kolektivu St\u0159eva.\u201c V&nbsp;n\u011bm se sna\u017e\u00ed popularizovat v\u00fdtvarku a&nbsp;celkov\u011b um\u011bn\u00ed na z\u00e1kladn\u00edch a&nbsp;st\u0159edn\u00edch \u0161kol\u00e1ch. \u201eNa\u0161\u00edm c\u00edlem je uk\u00e1zat, \u017ee v\u00fdtvarn\u00e1 v\u00fdchova nemus\u00ed b\u00fdt pouze p\u0159edm\u011btem na vedlej\u0161\u00ed koleji, jak ji mnoz\u00ed z&nbsp;n\u00e1s znaj\u00ed ze sv\u00e9ho d\u011btstv\u00ed.\u201c<\/p>\r\n<p>Mo\u017en\u00e1 jste sly\u0161eli o&nbsp;p\u0159ehl\u00eddce M\u00e1\u0161 um\u011bleck\u00e9 st\u0159evo? nebo o&nbsp;projektu Um\u011blci po \u0161kole, v&nbsp;r\u00e1mci n\u011bj\u017e tv\u016frci doch\u00e1zej\u00ed na hodiny v\u00fdtvarn\u00e9 v\u00fdchovy do \u0161kol a&nbsp;spole\u010dn\u011b s&nbsp;d\u011btmi zpracov\u00e1vaj\u00ed zadan\u00e9 t\u00e9ma. V\u00fdsledkem je pak spole\u010dn\u00e1 v\u00fdstava, ale St\u0159evu jde p\u0159edev\u0161\u00edm o&nbsp;propojov\u00e1n\u00ed um\u011blc\u016f s&nbsp;vyu\u010duj\u00edc\u00edmi a&nbsp;jejich \u017e\u00e1ky, vz\u00e1jemnou inspiraci a&nbsp;radost z&nbsp;tvorby. \u201eChceme uk\u00e1zat, \u017ee v\u00fdtvarka m\u016f\u017ee b\u00fdt super kreativn\u00ed p\u0159edm\u011bt, kter\u00fd v&nbsp;d\u011btech rozvine nejenom v\u00fdtvarn\u00e9 dovednosti.\u201c Nejde v\u017edy o&nbsp;malov\u00e1n\u00ed a&nbsp;kreslen\u00ed, ale i&nbsp;o&nbsp;nav\u0161t\u011bvov\u00e1n\u00ed galeri\u00ed nebo rozv\u00edjen\u00ed kreativity pomoc\u00ed pohybu a&nbsp;vz\u00e1jemn\u00e9ho dialogu.<\/p>\r\n<p>Nov\u00fd pohled na v\u00fdtvarku d\u00e1v\u00e1 pr\u00e1v\u011b festival, kter\u00fd Tom\u00e1\u0161 organizuje. Jeho sou\u010d\u00e1st\u00ed jsou d\u00edlny, mo\u017enost poznat pr\u00e1ci v\u00fdtvarn\u00edk\u016f a&nbsp;nab\u00eddka kreativn\u00edch workshop\u016f. Letos zat\u00edm \u00fa\u010dast potvrdily DOX, dom\u00e1c\u00ed DDM, Kunsthalle Praha, ZU\u0160 Scioart nebo keramick\u00e1 d\u00edlna Monkey Pot. A&nbsp;festival nen\u00ed jenom o&nbsp;tvo\u0159en\u00ed pro d\u011bti, i&nbsp;kdy\u017e na n\u011b c\u00edl\u00ed nejv\u00edce. P\u0159ij\u00edt m\u016f\u017ee kdokoli. T\u0159eba pro u\u010ditele m\u016f\u017ee b\u00fdt minim\u00e1ln\u011b inspirativn\u00edm odpolednem. Kdo tvo\u0159it nechce nebo nem\u016f\u017ee, alespo\u0148 nasaje tv\u016fr\u010d\u00ed atmosf\u00e9ru. \u201eJe\u0161t\u011b neprozrad\u00edm, co v\u00e1s letos \u010dek\u00e1. V&nbsp;lo\u0148sk\u00e9m roce prob\u00edhaly d\u00edlny filmov\u00e9 animace, byl tady hrn\u010d\u00ed\u0159sk\u00fd kruh nebo se hodn\u011b pracovalo se spreji a&nbsp;\u0161ablonami.\u201c V\u00fdtvarka dnes m\u016f\u017ee m\u00edt mnoho podob.<\/p>\r\n<p>Zapojov\u00e1n\u00ed um\u011bleck\u00fdch p\u0159edm\u011bt\u016f do v\u00fduky rozv\u00edj\u00ed u&nbsp;d\u011bt\u00ed kreativitu. \u201eCh\u00e1pu, \u017ee to nen\u00ed pro ka\u017ed\u00e9ho. Ne v\u0161echny d\u011bt\u00ed mus\u00ed cht\u00edt malovat. V\u011b\u0159\u00edm, \u017ee jsou i&nbsp;technicky zalo\u017een\u00e9 d\u011bti, kter\u00e9 bav\u00ed zase n\u011bco \u00fapln\u011b jin\u00e9ho. Minim\u00e1ln\u011b by ale m\u011bly m\u00edt mo\u017enost p\u0159i\u010dichnout ke kreativn\u011bj\u0161\u00edm p\u0159edm\u011bt\u016fm.\u201c<\/p>","protected":false},"excerpt":{"rendered":"V kin\u011b se Tom\u00e1\u0161 Drahor\u00e1d c\u00edt\u00ed jako doma. Filmov\u00e1 studia v&nbsp;Olomouci zakon\u010dil diplomkou o&nbsp;v\u00fdvoji a&nbsp;digitalizaci tamn\u00edho slavn\u00e9ho kina Metropol, pak jej osud zav\u00e1l do Prahy, kde si na\u0161el pr\u00e1ci v&nbsp;jin\u00e9m kin\u011b \u2013 P\u0159\u00edtomnost, prvn\u00edm butikov\u00e9m kin\u011b u&nbsp;n\u00e1s. Pandemie ov\u0161em zam\u00edchala kartami, kina nucen\u011b zav\u0159ela a&nbsp;cinefil Tom\u00e1\u0161 se rozhodl svou profesn\u00ed budoucnost spojit s&nbsp;organizac\u00ed pro rozvoj [&hellip;]","protected":false},"author":292,"featured_media":83117,"comment_status":"closed","ping_status":"open","sticky":false,"template":"","format":"standard","meta":[],"categories":[37],"tags":[],"_links":{"self":[{"href":"https:\/\/www.praha7.cz\/api\/wp\/v2\/posts\/83116"}],"collection":[{"href":"https:\/\/www.praha7.cz\/api\/wp\/v2\/posts"}],"about":[{"href":"https:\/\/www.praha7.cz\/api\/wp\/v2\/types\/post"}],"author":[{"embeddable":true,"href":"https:\/\/www.praha7.cz\/api\/wp\/v2\/users\/292"}],"replies":[{"embeddable":true,"href":"https:\/\/www.praha7.cz\/api\/wp\/v2\/comments?post=83116"}],"version-history":[{"count":3,"href":"https:\/\/www.praha7.cz\/api\/wp\/v2\/posts\/83116\/revisions"}],"predecessor-version":[{"id":83120,"href":"https:\/\/www.praha7.cz\/api\/wp\/v2\/posts\/83116\/revisions\/83120"}],"wp:featuredmedia":[{"embeddable":true,"href":"https:\/\/www.praha7.cz\/api\/wp\/v2\/media\/83117"}],"wp:attachment":[{"href":"https:\/\/www.praha7.cz\/api\/wp\/v2\/media?parent=83116"}],"wp:term":[{"taxonomy":"category","embeddable":true,"href":"https:\/\/www.praha7.cz\/api\/wp\/v2\/categories?post=83116"},{"taxonomy":"post_tag","embeddable":true,"href":"https:\/\/www.praha7.cz\/api\/wp\/v2\/tags?post=83116"}],"curies":[{"name":"wp","href":"https:\/\/api.w.org\/{rel}","templated":true}]}}