    
{"id":82977,"date":"2025-03-21T14:13:54","date_gmt":"2025-03-21T13:13:54","guid":{"rendered":"https:\/\/www.praha7.cz\/?p=82977"},"modified":"2025-04-02T11:55:09","modified_gmt":"2025-04-02T09:55:09","slug":"pomahaji-nam","status":"publish","type":"post","link":"https:\/\/www.praha7.cz\/pomahaji-nam\/","title":{"rendered":"Pom\u00e1haj\u00ed n\u00e1m velc\u00ed i&nbsp;mal\u00ed, d\u011bkujeme!"},"content":{"rendered":"<p>[perex]<\/p>\r\n<p>Odbor soci\u00e1ln\u00edho za\u010dle\u0148ov\u00e1n\u00ed \u00da\u0159adu M\u010c Praha&nbsp;7 a&nbsp;Odbor soci\u00e1ln\u00edch v\u011bc\u00ed \u00da\u0159adu M\u010c Praha&nbsp;7 jsou p\u0159i pr\u00e1ci s&nbsp;pot\u0159ebn\u00fdmi velice vd\u011b\u010dn\u00e9 za pomoc od velk\u00fdch i&nbsp;mal\u00fdch instituc\u00ed. Dnes d\u011bkujeme dv\u011bma sedmi\u010dkov\u00fdm spole\u010dnostem: internetov\u00e9mu obchodu <a href=\"https:\/\/www.alza.cz\/\" target=\"_blank\" rel=\"noopener\">Alza.cz<\/a>, kter\u00fd neprod\u00e1v\u00e1 jen elektroniku, a&nbsp;firm\u011b <a href=\"https:\/\/www.papirna.cz\/\" target=\"_blank\" rel=\"noopener\">Pap\u00edrna<\/a> se s\u00eddlem v&nbsp;Drut\u011bv\u011b, kter\u00e1 vyr\u00e1b\u00ed lok\u00e1ln\u00ed a&nbsp;ekologicky \u0161etrn\u00e9 di\u00e1\u0159e, se\u0161ity, desky a&nbsp;dal\u0161\u00ed pap\u00edrensk\u00e9 zbo\u017e\u00ed ve vysok\u00e9 kvalit\u011b. Za dary ob\u011bma spole\u010dnostem srde\u010dn\u011b d\u011bkujeme, jsou distribuov\u00e1ny rodin\u00e1m i&nbsp;jednotlivc\u016fm.\u00a0<\/p>\r\n<p>[\/perex]<\/p>\r\n<p><a href=\"https:\/\/www.alza.cz\/\" target=\"_blank\" rel=\"noopener\">Alza<\/a> v\u011bnovala vysava\u010de, pra\u010dky a&nbsp;lednice a&nbsp;drogistick\u00e9 zbo\u017e\u00ed. <em>\u201ePodpora lid\u00ed v&nbsp;nouzi je kl\u00ed\u010dovou sou\u010d\u00e1st\u00ed na\u0161\u00ed strategie. Jsme r\u00e1di, \u017ee m\u016f\u017eeme p\u0159isp\u011bt ke zlep\u0161en\u00ed \u017eivotn\u00edch podm\u00ednek t\u011bch, kte\u0159\u00ed to pot\u0159ebuj\u00ed, a&nbsp;o&nbsp;to v\u00edce n\u00e1s t\u011b\u0161\u00ed, \u017ee m\u016f\u017eeme spolupracovat pr\u00e1v\u011b s&nbsp;M\u010c Praha&nbsp;7, kde m\u00e1 Alza tak\u00e9 sv\u00e9 s\u00eddlo. M\u016f\u017eeme tak vracet podporu komunit\u011b, kter\u00e1 je n\u00e1m bl\u00edzk\u00e1,\u201c<\/em> uv\u00e1d\u00ed Eli\u0161ka \u010ce\u0159ovsk\u00e1, PR mana\u017eerka Alza.cz.<\/p>\r\n<p>&nbsp;<\/p>\r\n<p><a href=\"https:\/\/www.papirna.cz\/eshop\/\" target=\"_blank\" rel=\"noopener\">Pap\u00edrna<\/a> v\u011bnovala d\u00e1rkov\u00e9 balen\u00ed di\u00e1\u0159\u016f s&nbsp;tu\u017ekou a&nbsp;pru\u017eenkou opat\u0159enou poutkem, v\u0161e vyr\u00e1b\u011bn\u00e9 v&nbsp;\u010cesku.<\/p>\r\n<p>\u00a0<img loading=\"lazy\" src=\"https:\/\/www.praha7.cz\/wp-content\/uploads\/2025\/03\/dary-Papirna-1500x919.jpg\" alt=\"\" width=\"640\" height=\"392\" class=\"alignnone size-large wp-image-82982\" srcset=\"https:\/\/www.praha7.cz\/wp-content\/uploads\/2025\/03\/dary-Papirna-1500x919.jpg 1500w, https:\/\/www.praha7.cz\/wp-content\/uploads\/2025\/03\/dary-Papirna-600x368.jpg 600w, https:\/\/www.praha7.cz\/wp-content\/uploads\/2025\/03\/dary-Papirna-768x470.jpg 768w, https:\/\/www.praha7.cz\/wp-content\/uploads\/2025\/03\/dary-Papirna-1536x941.jpg 1536w, https:\/\/www.praha7.cz\/wp-content\/uploads\/2025\/03\/dary-Papirna-2048x1255.jpg 2048w\" sizes=\"(max-width: 640px) 100vw, 640px\" \/><\/p>\r\n<hr \/>\r\n<p><strong>Pomoci m\u016f\u017eete i&nbsp;vy, \u017e\u00e1dn\u00fd p\u0159\u00edsp\u011bvek nen\u00ed mal\u00fd. <\/strong><\/p>\r\n<p><a href=\"https:\/\/www.praha7.cz\/temata\/pomahame\/verejne-sbirky\/sosp7\/\">Solidarita od soused\u016f<\/a><\/p>\r\n<p><a href=\"https:\/\/www.praha7.cz\/temata\/pomahame\/verejne-sbirky\/obedove-konto\/\">Ob\u011bdov\u00e9 konto<\/a><\/p>\r\n<p><strong>D\u011bkujeme!<\/strong><\/p>","protected":false},"excerpt":{"rendered":"[perex] Odbor soci\u00e1ln\u00edho za\u010dle\u0148ov\u00e1n\u00ed \u00da\u0159adu M\u010c Praha&nbsp;7 a&nbsp;Odbor soci\u00e1ln\u00edch v\u011bc\u00ed \u00da\u0159adu M\u010c Praha&nbsp;7 jsou p\u0159i pr\u00e1ci s&nbsp;pot\u0159ebn\u00fdmi velice vd\u011b\u010dn\u00e9 za pomoc od velk\u00fdch i&nbsp;mal\u00fdch instituc\u00ed. Dnes d\u011bkujeme dv\u011bma sedmi\u010dkov\u00fdm spole\u010dnostem: internetov\u00e9mu obchodu Alza.cz, kter\u00fd neprod\u00e1v\u00e1 jen elektroniku, a&nbsp;firm\u011b Pap\u00edrna se s\u00eddlem v&nbsp;Drut\u011bv\u011b, kter\u00e1 vyr\u00e1b\u00ed lok\u00e1ln\u00ed a&nbsp;ekologicky \u0161etrn\u00e9 di\u00e1\u0159e, se\u0161ity, desky a&nbsp;dal\u0161\u00ed pap\u00edrensk\u00e9 zbo\u017e\u00ed ve vysok\u00e9 [&hellip;]","protected":false},"author":251,"featured_media":82981,"comment_status":"closed","ping_status":"open","sticky":false,"template":"","format":"standard","meta":[],"categories":[34],"tags":[117,123],"_links":{"self":[{"href":"https:\/\/www.praha7.cz\/api\/wp\/v2\/posts\/82977"}],"collection":[{"href":"https:\/\/www.praha7.cz\/api\/wp\/v2\/posts"}],"about":[{"href":"https:\/\/www.praha7.cz\/api\/wp\/v2\/types\/post"}],"author":[{"embeddable":true,"href":"https:\/\/www.praha7.cz\/api\/wp\/v2\/users\/251"}],"replies":[{"embeddable":true,"href":"https:\/\/www.praha7.cz\/api\/wp\/v2\/comments?post=82977"}],"version-history":[{"count":1,"href":"https:\/\/www.praha7.cz\/api\/wp\/v2\/posts\/82977\/revisions"}],"predecessor-version":[{"id":82984,"href":"https:\/\/www.praha7.cz\/api\/wp\/v2\/posts\/82977\/revisions\/82984"}],"wp:featuredmedia":[{"embeddable":true,"href":"https:\/\/www.praha7.cz\/api\/wp\/v2\/media\/82981"}],"wp:attachment":[{"href":"https:\/\/www.praha7.cz\/api\/wp\/v2\/media?parent=82977"}],"wp:term":[{"taxonomy":"category","embeddable":true,"href":"https:\/\/www.praha7.cz\/api\/wp\/v2\/categories?post=82977"},{"taxonomy":"post_tag","embeddable":true,"href":"https:\/\/www.praha7.cz\/api\/wp\/v2\/tags?post=82977"}],"curies":[{"name":"wp","href":"https:\/\/api.w.org\/{rel}","templated":true}]}}