    
{"id":82944,"date":"2025-03-19T18:09:05","date_gmt":"2025-03-19T17:09:05","guid":{"rendered":"https:\/\/www.praha7.cz\/?p=82944"},"modified":"2025-03-30T18:33:46","modified_gmt":"2025-03-30T16:33:46","slug":"jarni-opening-v-ngp-navstivte-zdarma-vystavu-o-praze-7","status":"publish","type":"post","link":"https:\/\/www.praha7.cz\/jarni-opening-v-ngp-navstivte-zdarma-vystavu-o-praze-7\/","title":{"rendered":"Jarn\u00ed opening v&nbsp;NGP \u2013 nav\u0161tivte zdarma v\u00fdstavu o&nbsp;Praze 7"},"content":{"rendered":"<p>[perex]<\/p>\r\n<p>U\u017e jste m\u011bli mo\u017enost nav\u0161t\u00edvit unik\u00e1tn\u00ed v\u00fdstavu <a href=\"https:\/\/www.ngprague.cz\/udalost\/4148\/140-vyroci-prahy-7\" target=\"_blank\" rel=\"noopener\">Praha&nbsp;7 ve sb\u00edrk\u00e1ch NGP<\/a>, kter\u00e1 vznikla u&nbsp;p\u0159\u00edle\u017eitosti lo\u0148sk\u00e9ho 140.&nbsp;v\u00fdro\u010d\u00ed na\u0161\u00ed m\u011bstsk\u00e9 \u010d\u00e1sti?<\/p>\r\n<p>V\u00a0r\u00e1mci Jarn\u00edho Openingu 27.&nbsp;b\u0159ezna 2025 N\u00e1rodn\u00ed Galerie Praha zahajuje nov\u00e9 v\u00fdstavy a&nbsp;grafick\u00e9 kabinety a&nbsp;p\u0159i t\u00e9 p\u0159\u00edle\u017eitosti bude od 19:00 voln\u00fd vstup tak\u00e9 do v\u0161ech sb\u00edrkov\u00fdch expozic ve Veletr\u017en\u00edm pal\u00e1ci. Praha&nbsp;7 ve sb\u00edrk\u00e1ch NGP je sou\u010d\u00e1st\u00ed expozice Um\u011bn\u00ed dlouh\u00e9ho stolet\u00ed.<\/p>\r\n<p>Podrobnosti najdete na <a href=\"https:\/\/www.ngprague.cz\/udalost\/4353\/opening-i-jaro-2025\" target=\"_blank\" rel=\"noopener\">str\u00e1nk\u00e1ch NGP<\/a>.<\/p>\r\n<p>[\/perex]<\/p>","protected":false},"excerpt":{"rendered":"[perex] U\u017e jste m\u011bli mo\u017enost nav\u0161t\u00edvit unik\u00e1tn\u00ed v\u00fdstavu Praha&nbsp;7 ve sb\u00edrk\u00e1ch NGP, kter\u00e1 vznikla u&nbsp;p\u0159\u00edle\u017eitosti lo\u0148sk\u00e9ho 140.&nbsp;v\u00fdro\u010d\u00ed na\u0161\u00ed m\u011bstsk\u00e9 \u010d\u00e1sti? V\u00a0r\u00e1mci Jarn\u00edho Openingu 27.&nbsp;b\u0159ezna 2025 N\u00e1rodn\u00ed Galerie Praha zahajuje nov\u00e9 v\u00fdstavy a&nbsp;grafick\u00e9 kabinety a&nbsp;p\u0159i t\u00e9 p\u0159\u00edle\u017eitosti bude od 19:00 voln\u00fd vstup tak\u00e9 do v\u0161ech sb\u00edrkov\u00fdch expozic ve Veletr\u017en\u00edm pal\u00e1ci. Praha&nbsp;7 ve sb\u00edrk\u00e1ch NGP je sou\u010d\u00e1st\u00ed [&hellip;]","protected":false},"author":5,"featured_media":80466,"comment_status":"closed","ping_status":"open","sticky":false,"template":"","format":"standard","meta":[],"categories":[34],"tags":[106],"_links":{"self":[{"href":"https:\/\/www.praha7.cz\/api\/wp\/v2\/posts\/82944"}],"collection":[{"href":"https:\/\/www.praha7.cz\/api\/wp\/v2\/posts"}],"about":[{"href":"https:\/\/www.praha7.cz\/api\/wp\/v2\/types\/post"}],"author":[{"embeddable":true,"href":"https:\/\/www.praha7.cz\/api\/wp\/v2\/users\/5"}],"replies":[{"embeddable":true,"href":"https:\/\/www.praha7.cz\/api\/wp\/v2\/comments?post=82944"}],"version-history":[{"count":1,"href":"https:\/\/www.praha7.cz\/api\/wp\/v2\/posts\/82944\/revisions"}],"predecessor-version":[{"id":82945,"href":"https:\/\/www.praha7.cz\/api\/wp\/v2\/posts\/82944\/revisions\/82945"}],"wp:featuredmedia":[{"embeddable":true,"href":"https:\/\/www.praha7.cz\/api\/wp\/v2\/media\/80466"}],"wp:attachment":[{"href":"https:\/\/www.praha7.cz\/api\/wp\/v2\/media?parent=82944"}],"wp:term":[{"taxonomy":"category","embeddable":true,"href":"https:\/\/www.praha7.cz\/api\/wp\/v2\/categories?post=82944"},{"taxonomy":"post_tag","embeddable":true,"href":"https:\/\/www.praha7.cz\/api\/wp\/v2\/tags?post=82944"}],"curies":[{"name":"wp","href":"https:\/\/api.w.org\/{rel}","templated":true}]}}