    
{"id":82738,"date":"2025-03-12T14:26:01","date_gmt":"2025-03-12T13:26:01","guid":{"rendered":"https:\/\/www.praha7.cz\/?p=82738"},"modified":"2025-03-21T14:14:36","modified_gmt":"2025-03-21T13:14:36","slug":"omezeni-provozu-oddeleni-matrik","status":"publish","type":"post","link":"https:\/\/www.praha7.cz\/omezeni-provozu-oddeleni-matrik\/","title":{"rendered":"Omezen\u00ed provozu odd\u011blen\u00ed matrik"},"content":{"rendered":"<p>[perex]<\/p>\r\n<p>Upozor\u0148ujeme, \u017ee odd\u011blen\u00ed matrik bude z\u00a0technick\u00fdch d\u016fvod\u016f v\u00a0t\u00fddnu od 17.&nbsp;do 21.&nbsp;3.&nbsp;fungovat v\u00a0omezen\u00e9m provozu. V\u00a0\u00fa\u0159edn\u00edch dnech v\u00a0pond\u011bl\u00ed 17.&nbsp;3.&nbsp;a&nbsp;st\u0159edu 19.&nbsp;3.&nbsp;bude mo\u017en\u00e9 v\u00a0\u00fa\u0159edn\u00edch hodin\u00e1ch osobn\u011b \u0159e\u0161it agendu matrik v\u00a0zasedac\u00ed m\u00edstnosti 4.21 ve 4.&nbsp;pat\u0159e \u00fa\u0159adu m\u011bstsk\u00e9 \u010d\u00e1sti. V&nbsp;ostatn\u00edch dnech budou pracovn\u00edci v\u00a0p\u0159\u00edpad\u011b pot\u0159eby zasti\u017eeni na mobiln\u00edch telefonn\u00edch \u010d\u00edslech.<\/p>\r\n<p>[\/perex]<\/p>\r\n<p>Kontakty a&nbsp;\u00fa\u0159edn\u00ed hodiny odd\u011blen\u00ed matrik najdete <a href=\"https:\/\/www.praha7.cz\/oddeleni-matrik\/\">ZDE<\/a>.\u00a0<\/p>\r\n<p>Omlouv\u00e1me se za p\u0159\u00edpadn\u00e9 komplikace a&nbsp;d\u011bkujeme za pochopen\u00ed.<\/p>","protected":false},"excerpt":{"rendered":"[perex] Upozor\u0148ujeme, \u017ee odd\u011blen\u00ed matrik bude z\u00a0technick\u00fdch d\u016fvod\u016f v\u00a0t\u00fddnu od 17.&nbsp;do 21.&nbsp;3.&nbsp;fungovat v\u00a0omezen\u00e9m provozu. V\u00a0\u00fa\u0159edn\u00edch dnech v\u00a0pond\u011bl\u00ed 17.&nbsp;3.&nbsp;a&nbsp;st\u0159edu 19.&nbsp;3.&nbsp;bude mo\u017en\u00e9 v\u00a0\u00fa\u0159edn\u00edch hodin\u00e1ch osobn\u011b \u0159e\u0161it agendu matrik v\u00a0zasedac\u00ed m\u00edstnosti 4.21 ve 4.&nbsp;pat\u0159e \u00fa\u0159adu m\u011bstsk\u00e9 \u010d\u00e1sti. V&nbsp;ostatn\u00edch dnech budou pracovn\u00edci v\u00a0p\u0159\u00edpad\u011b pot\u0159eby zasti\u017eeni na mobiln\u00edch telefonn\u00edch \u010d\u00edslech. [\/perex] Kontakty a&nbsp;\u00fa\u0159edn\u00ed hodiny odd\u011blen\u00ed matrik najdete ZDE.\u00a0 Omlouv\u00e1me se [&hellip;]","protected":false},"author":5,"featured_media":59953,"comment_status":"closed","ping_status":"open","sticky":false,"template":"","format":"standard","meta":[],"categories":[34],"tags":[],"_links":{"self":[{"href":"https:\/\/www.praha7.cz\/api\/wp\/v2\/posts\/82738"}],"collection":[{"href":"https:\/\/www.praha7.cz\/api\/wp\/v2\/posts"}],"about":[{"href":"https:\/\/www.praha7.cz\/api\/wp\/v2\/types\/post"}],"author":[{"embeddable":true,"href":"https:\/\/www.praha7.cz\/api\/wp\/v2\/users\/5"}],"replies":[{"embeddable":true,"href":"https:\/\/www.praha7.cz\/api\/wp\/v2\/comments?post=82738"}],"version-history":[{"count":1,"href":"https:\/\/www.praha7.cz\/api\/wp\/v2\/posts\/82738\/revisions"}],"predecessor-version":[{"id":82739,"href":"https:\/\/www.praha7.cz\/api\/wp\/v2\/posts\/82738\/revisions\/82739"}],"wp:featuredmedia":[{"embeddable":true,"href":"https:\/\/www.praha7.cz\/api\/wp\/v2\/media\/59953"}],"wp:attachment":[{"href":"https:\/\/www.praha7.cz\/api\/wp\/v2\/media?parent=82738"}],"wp:term":[{"taxonomy":"category","embeddable":true,"href":"https:\/\/www.praha7.cz\/api\/wp\/v2\/categories?post=82738"},{"taxonomy":"post_tag","embeddable":true,"href":"https:\/\/www.praha7.cz\/api\/wp\/v2\/tags?post=82738"}],"curies":[{"name":"wp","href":"https:\/\/api.w.org\/{rel}","templated":true}]}}