    
{"id":82615,"date":"2025-03-06T12:07:17","date_gmt":"2025-03-06T11:07:17","guid":{"rendered":"https:\/\/www.praha7.cz\/?p=82615"},"modified":"2025-03-30T18:29:58","modified_gmt":"2025-03-30T16:29:58","slug":"uklidme-cesko-25","status":"publish","type":"post","link":"https:\/\/www.praha7.cz\/uklidme-cesko-25\/","title":{"rendered":"Ukli\u010fme \u010cesko, ukli\u010fme Sedmi\u010dku!"},"content":{"rendered":"<p>[perex]<br \/>\r\nTak\u00e9 letos se p\u0159ipojujeme k&nbsp;celorepublikov\u00e9 kampani <a href=\"https:\/\/www.uklidmecesko.cz\/\">Ukli\u010fme \u010cesko<\/a> a&nbsp;zveme dobrovoln\u00edky na sobotu 29.&nbsp;b\u0159ezna 2025.<\/p>\r\n<p>[\/perex]<\/p>\r\n<p>Sejdeme se v&nbsp;9.00 p\u0159ed radnic\u00ed (U&nbsp;Pr\u016fhonu 38). Vyzbroj\u00edme v\u00e1s \u00faklidov\u00fdmi pom\u016fckami a&nbsp;spole\u010dn\u011b se vyd\u00e1me ukl\u00edzet doln\u00ed Hole\u0161ovice. Trasa je vhodn\u00e1 pro v\u0161echny v\u011bkov\u00e9 kategorie (i&nbsp;ko\u010d\u00e1rky). Registrovat se m\u016f\u017eete <a href=\"https:\/\/www.uklidmecesko.cz\/event\/46623\" target=\"_blank\" rel=\"noopener\">zde<\/a>.<\/p>\r\n<p>D\u011bkujeme a&nbsp;t\u011b\u0161\u00edme se na v\u00e1s.<\/p>","protected":false},"excerpt":{"rendered":"[perex] Tak\u00e9 letos se p\u0159ipojujeme k&nbsp;celorepublikov\u00e9 kampani Ukli\u010fme \u010cesko a&nbsp;zveme dobrovoln\u00edky na sobotu 29.&nbsp;b\u0159ezna 2025. [\/perex] Sejdeme se v&nbsp;9.00 p\u0159ed radnic\u00ed (U&nbsp;Pr\u016fhonu 38). Vyzbroj\u00edme v\u00e1s \u00faklidov\u00fdmi pom\u016fckami a&nbsp;spole\u010dn\u011b se vyd\u00e1me ukl\u00edzet doln\u00ed Hole\u0161ovice. Trasa je vhodn\u00e1 pro v\u0161echny v\u011bkov\u00e9 kategorie (i&nbsp;ko\u010d\u00e1rky). Registrovat se m\u016f\u017eete zde. D\u011bkujeme a&nbsp;t\u011b\u0161\u00edme se na v\u00e1s.","protected":false},"author":251,"featured_media":70077,"comment_status":"closed","ping_status":"open","sticky":false,"template":"","format":"standard","meta":[],"categories":[34],"tags":[120,110,124],"_links":{"self":[{"href":"https:\/\/www.praha7.cz\/api\/wp\/v2\/posts\/82615"}],"collection":[{"href":"https:\/\/www.praha7.cz\/api\/wp\/v2\/posts"}],"about":[{"href":"https:\/\/www.praha7.cz\/api\/wp\/v2\/types\/post"}],"author":[{"embeddable":true,"href":"https:\/\/www.praha7.cz\/api\/wp\/v2\/users\/251"}],"replies":[{"embeddable":true,"href":"https:\/\/www.praha7.cz\/api\/wp\/v2\/comments?post=82615"}],"version-history":[{"count":2,"href":"https:\/\/www.praha7.cz\/api\/wp\/v2\/posts\/82615\/revisions"}],"predecessor-version":[{"id":90543,"href":"https:\/\/www.praha7.cz\/api\/wp\/v2\/posts\/82615\/revisions\/90543"}],"wp:featuredmedia":[{"embeddable":true,"href":"https:\/\/www.praha7.cz\/api\/wp\/v2\/media\/70077"}],"wp:attachment":[{"href":"https:\/\/www.praha7.cz\/api\/wp\/v2\/media?parent=82615"}],"wp:term":[{"taxonomy":"category","embeddable":true,"href":"https:\/\/www.praha7.cz\/api\/wp\/v2\/categories?post=82615"},{"taxonomy":"post_tag","embeddable":true,"href":"https:\/\/www.praha7.cz\/api\/wp\/v2\/tags?post=82615"}],"curies":[{"name":"wp","href":"https:\/\/api.w.org\/{rel}","templated":true}]}}