    
{"id":82439,"date":"2025-02-26T14:01:22","date_gmt":"2025-02-26T13:01:22","guid":{"rendered":"https:\/\/www.praha7.cz\/?p=82439"},"modified":"2025-02-26T15:04:26","modified_gmt":"2025-02-26T14:04:26","slug":"senori-prednasky-jaro25","status":"publish","type":"post","link":"https:\/\/www.praha7.cz\/senori-prednasky-jaro25\/","title":{"rendered":"Praha v&nbsp;prom\u011bn\u00e1ch \u010dasu \u2013 st\u0159ede\u010dn\u00ed p\u0159edn\u00e1\u0161ky pro seniory"},"content":{"rendered":"<p>[perex]<\/p>\r\n<p>Pro seniory jsme op\u011bt p\u0159ipravili jarn\u00ed cyklus pravideln\u00fdch p\u0159edn\u00e1\u0161ek. P\u0159edn\u00e1\u0161ky jsou ur\u010den\u00e9 pro seniory z&nbsp;Prahy&nbsp;7 a&nbsp;jsou zdarma, rezervace nen\u00ed nutn\u00e1. <strong>Prob\u00edhaj\u00ed v\u017edy ve st\u0159edu od 15.00 do 16.30 v&nbsp;radnici M\u011bstsk\u00e9 \u010d\u00e1sti Praha&nbsp;7<\/strong>, U&nbsp;Pr\u016fhonu 38, v&nbsp;zastupitelsk\u00e9m s\u00e1le (suter\u00e9n, p\u0159\u00edstupn\u00fd po schodech i&nbsp;v\u00fdtahem). Za\u010d\u00edn\u00e1me 19.&nbsp;b\u0159ezna 2025.<\/p>\r\n<p><span style=\"color: #000000;\">[\/perex]<\/span><\/p>\r\n<p><span style=\"color: #000000;\"><strong>19.&nbsp;b\u0159ezna<br \/>\r\nPraha v\u00a0prom\u011bn\u00e1ch \u010dasu I.<\/strong><\/span><\/p>\r\n<p><span style=\"color: #000000;\"><strong>Hrad\u010dany a&nbsp;Pra\u017esk\u00fd hrad<\/strong><\/span><br \/>\r\n<span style=\"color: #000000;\">Kdy\u017e se dnes p\u0159i proch\u00e1zce Prahou rozhl\u00e9dneme kolem, ani si neuv\u011bdomujeme, jak se Praha v&nbsp;r\u016fzn\u00fdch dob\u00e1ch zm\u011bnila a&nbsp;vlastn\u011b st\u00e1le m\u011bn\u00ed. P\u0159ipomeneme si, jak kdysi vypadaly Hrad\u010dany a&nbsp;tak\u00e9 jednotliv\u00e1 n\u00e1dvo\u0159\u00ed Pra\u017esk\u00e9ho hradu.<\/span><\/p>\r\n<hr \/>\r\n<p><span style=\"color: #000000;\"><strong>26.&nbsp;b\u0159ezna<\/strong><\/span><br \/>\r\n<span style=\"color: #000000;\"><strong>Praha v\u00a0prom\u011bn\u00e1ch \u010dasu II.<\/strong><\/span><\/p>\r\n<p><span style=\"color: #000000;\"><strong>Mal\u00e1 Strana<\/strong><\/span><br \/>\r\n<span style=\"color: #000000;\">Prostor Mal\u00e9 Strany se v&nbsp;pr\u016fb\u011bhu stalet\u00ed zv\u011bt\u0161oval a&nbsp;dnes vypad\u00e1 docela jinak, ne\u017e tomu bylo v&nbsp;p\u0159edch\u00e1zej\u00edc\u00edch stalet\u00edch. Jak kdysi vypadalo druh\u00e9 nejstar\u0161\u00ed pra\u017esk\u00e9 m\u011bsto?<\/span><\/p>\r\n<hr \/>\r\n<p><span style=\"color: #000000;\"><strong>2.&nbsp;dubna<\/strong><\/span><br \/>\r\n<span style=\"color: #000000;\"><strong>Praha v\u00a0prom\u011bn\u00e1ch \u010dasu III.<\/strong><\/span><\/p>\r\n<p><span style=\"color: #000000;\"><strong>Karl\u016fv most<\/strong><\/span><br \/>\r\nA\u010dkoli je to jen jeden z&nbsp;pra\u017esk\u00fdch most\u016f, m\u00e1 za sebou velmi zaj\u00edmavou minulost. Jak to bylo s&nbsp;v\u00fdzdobou mostu, jak se m\u011bnily sochy i&nbsp;mosteck\u00e9 v\u011b\u017ee?<\/p>\r\n<hr \/>\r\n<p><strong>9.&nbsp;dubna<\/strong><br \/>\r\n<strong>Praha v\u00a0prom\u011bn\u00e1ch \u010dasu IV.<\/strong><\/p>\r\n<p><strong>Star\u00e9 M\u011bsto pra\u017esk\u00e9<br \/>\r\n<\/strong>Snad \u017e\u00e1dn\u00e1 \u010d\u00e1st Prahy se tolik neprom\u011bnila jako Star\u00e9 M\u011bsto pra\u017esk\u00e9. Jen v\u00a0n\u00e1zvech ulic tu\u0161\u00edme, \u017ee tady kdysi byly je\u0161t\u011b dal\u0161\u00ed osady, kostel\u00edky nebo domy a&nbsp;pal\u00e1ce.<\/p>\r\n<hr \/>\r\n<p><strong>16.&nbsp;dubna<\/strong><br \/>\r\n<strong>Praha v\u00a0prom\u011bn\u00e1ch \u010dasu V.<\/strong><\/p>\r\n<p><strong>Nov\u00e9 M\u011bsto pra\u017esk\u00e9<\/strong><br \/>\r\nNov\u00e9 M\u011bsto pra\u017esk\u00e9, kter\u00e9 bylo nejmlad\u0161\u00edm z&nbsp;pra\u017esk\u00fdch historick\u00fdch m\u011bst, pro\u0161lo zaj\u00edmav\u00fdm stavebn\u00edm v\u00fdvojem. V&nbsp;pr\u016fb\u011bhu stalet\u00ed se zm\u011bnilo naprosto z\u00e1sadn\u011b a&nbsp;jeho p\u016fvodn\u00ed gotick\u00e9 stavby dnes u\u017e nenajdeme.<\/p>\r\n<hr \/>\r\n<p><strong>23.&nbsp;dubna<\/strong><br \/>\r\n<strong>Praha v\u00a0prom\u011bn\u00e1ch \u010dasu VI.<\/strong><\/p>\r\n<p><strong>Vy\u0161ehrad a&nbsp;Podol\u00ed<br \/>\r\n<\/strong>Druh\u00e9 s\u00eddlo \u010desk\u00fdch panovn\u00edk\u016f vypadalo kdysi jinak. Jeho podoba se v\u00a0pr\u016fb\u011bhu stalet\u00ed prom\u011bnila hned n\u011bkolikr\u00e1t. A&nbsp;co z&nbsp;n\u011bj z\u016fstalo? P\u0159ipomeneme si Vy\u0161ehrad kn\u00ed\u017eec\u00ed, kr\u00e1lovsk\u00fd i&nbsp;vojensk\u00fd.<\/p>\r\n<hr \/>\r\n<p><strong>30.&nbsp;dubna<\/strong><br \/>\r\n<strong>Praha v\u00a0prom\u011bn\u00e1ch \u010dasu VII.<\/strong><\/p>\r\n<p><strong>Libe\u0148 a&nbsp;Karl\u00edn<br \/>\r\n<\/strong>Hned za hradbami Nov\u00e9ho M\u011bsta pra\u017esk\u00e9ho vzniklo prvn\u00ed pra\u017esk\u00e9 p\u0159edm\u011bst\u00ed, brzy vyu\u017e\u00edvan\u00e9 k\u00a0nov\u00fdm pr\u016fmyslov\u00fdm stavb\u00e1m. Jak\u00e9 zaj\u00edmav\u00e9 stavby tam dnes najdeme?<\/p>\r\n<hr \/>\r\n<p><strong>7.&nbsp;kv\u011btna<\/strong><br \/>\r\n<strong>Praha v\u00a0prom\u011bn\u00e1ch \u010dasu VIII.<\/strong><\/p>\r\n<p><strong>Kr\u00e1lovsk\u00e9 Vinohrady a&nbsp;\u017di\u017ekov<br \/>\r\n<\/strong>Tam, kde byly pole, louky a&nbsp;vinice, je jedna z\u00a0nejkr\u00e1sn\u011bj\u0161\u00edch pra\u017esk\u00fdch \u010dtvrt\u00ed s\u00a0v\u00fdstavn\u00fdmi objekty i&nbsp;domy. Pov\u00edme si, co ob\u011b \u010dtvrti spojuje i&nbsp;rozd\u011bluje, a&nbsp;kter\u00e9 stavby jsou nejzaj\u00edmav\u011bj\u0161\u00ed.<\/p>\r\n<hr \/>\r\n<p><strong>21.&nbsp;kv\u011btna<\/strong><br \/>\r\n<strong>Praha v\u00a0prom\u011bn\u00e1ch \u010dasu IX.<\/strong><\/p>\r\n<p><strong>Sm\u00edchov a&nbsp;Pet\u0159\u00edn<br \/>\r\n<\/strong>Jak to bylo s\u00a0pra\u017esk\u00fdm Sm\u00edchovem? Kdy vznikl a&nbsp;kdy se prom\u011bnil do dne\u0161n\u00ed \u010dtvrti p\u0159\u00edjemn\u00e9 k\u00a0bydlen\u00ed? P\u0159ipomeneme si tak\u00e9 Sm\u00edchov pr\u016fmyslov\u00fd a&nbsp;pln\u00fd kultury.<\/p>\r\n<hr \/>\r\n<p>P\u0159edn\u00e1\u0161\u00ed histori\u010dka Jaroslava Nov\u00e1kov\u00e1.<\/p>","protected":false},"excerpt":{"rendered":"[perex] Pro seniory jsme op\u011bt p\u0159ipravili jarn\u00ed cyklus pravideln\u00fdch p\u0159edn\u00e1\u0161ek. P\u0159edn\u00e1\u0161ky jsou ur\u010den\u00e9 pro seniory z&nbsp;Prahy&nbsp;7 a&nbsp;jsou zdarma, rezervace nen\u00ed nutn\u00e1. Prob\u00edhaj\u00ed v\u017edy ve st\u0159edu od 15.00 do 16.30 v&nbsp;radnici M\u011bstsk\u00e9 \u010d\u00e1sti Praha&nbsp;7, U&nbsp;Pr\u016fhonu 38, v&nbsp;zastupitelsk\u00e9m s\u00e1le (suter\u00e9n, p\u0159\u00edstupn\u00fd po schodech i&nbsp;v\u00fdtahem). Za\u010d\u00edn\u00e1me 19.&nbsp;b\u0159ezna 2025. [\/perex] 19.&nbsp;b\u0159ezna Praha v\u00a0prom\u011bn\u00e1ch \u010dasu I. Hrad\u010dany a&nbsp;Pra\u017esk\u00fd hrad Kdy\u017e [&hellip;]","protected":false},"author":251,"featured_media":82440,"comment_status":"closed","ping_status":"open","sticky":false,"template":"","format":"standard","meta":[],"categories":[34],"tags":[115],"_links":{"self":[{"href":"https:\/\/www.praha7.cz\/api\/wp\/v2\/posts\/82439"}],"collection":[{"href":"https:\/\/www.praha7.cz\/api\/wp\/v2\/posts"}],"about":[{"href":"https:\/\/www.praha7.cz\/api\/wp\/v2\/types\/post"}],"author":[{"embeddable":true,"href":"https:\/\/www.praha7.cz\/api\/wp\/v2\/users\/251"}],"replies":[{"embeddable":true,"href":"https:\/\/www.praha7.cz\/api\/wp\/v2\/comments?post=82439"}],"version-history":[{"count":3,"href":"https:\/\/www.praha7.cz\/api\/wp\/v2\/posts\/82439\/revisions"}],"predecessor-version":[{"id":82444,"href":"https:\/\/www.praha7.cz\/api\/wp\/v2\/posts\/82439\/revisions\/82444"}],"wp:featuredmedia":[{"embeddable":true,"href":"https:\/\/www.praha7.cz\/api\/wp\/v2\/media\/82440"}],"wp:attachment":[{"href":"https:\/\/www.praha7.cz\/api\/wp\/v2\/media?parent=82439"}],"wp:term":[{"taxonomy":"category","embeddable":true,"href":"https:\/\/www.praha7.cz\/api\/wp\/v2\/categories?post=82439"},{"taxonomy":"post_tag","embeddable":true,"href":"https:\/\/www.praha7.cz\/api\/wp\/v2\/tags?post=82439"}],"curies":[{"name":"wp","href":"https:\/\/api.w.org\/{rel}","templated":true}]}}