    
{"id":82433,"date":"2025-02-26T12:41:26","date_gmt":"2025-02-26T11:41:26","guid":{"rendered":"https:\/\/www.praha7.cz\/?p=82433"},"modified":"2025-02-27T10:57:53","modified_gmt":"2025-02-27T09:57:53","slug":"omezeni-provozu-vlaku","status":"publish","type":"post","link":"https:\/\/www.praha7.cz\/omezeni-provozu-vlaku\/","title":{"rendered":"Pr\u00e1ce na \u017eeleznici omez\u00ed provoz vlak\u016f"},"content":{"rendered":"<p>[perex]<\/p>\r\n<p>V souvislosti s&nbsp;v\u00fdstavbou nov\u00e9 stanice Praha-Bubny a&nbsp;pokra\u010duj\u00edc\u00ed stavebn\u00ed \u010dinnosti Spr\u00e1vy \u017eeleznic na Masarykov\u011b n\u00e1dra\u017e\u00ed dojde v&nbsp;term\u00ednu 3.&nbsp;3. \u2013 1.&nbsp;8.&nbsp;2025 k&nbsp;v\u00fdluce na trati 091 Praha \u2013 Kralupy nad Vltavou v&nbsp;\u00faseku Praha-Masarykovo n\u00e1dra\u017e\u00ed \u2013 Praha-Hole\u0161ovice zast\u00e1vka. B\u011bhem v\u00fdluky bude koncovou stanic\u00ed drtiv\u00e9 v\u011bt\u0161iny vlak\u016f linek S4 a&nbsp;R44 stanice Praha-Hole\u0161ovice. Vlaky tak nebudou obsluhovat stanice Praha-Hole\u0161ovice zast\u00e1vka a&nbsp;Praha Masarykovo n\u00e1dra\u017e\u00ed.<\/p>\r\n<p>[\/perex]<\/p>\r\n<p>Opat\u0159en\u00ed se t\u00fdk\u00e1 v\u0161ech vlak\u016f na link\u00e1ch S4 a&nbsp;R44 s&nbsp;v\u00fdjimkou vlak\u016f Os 9600, Os 6902, Os 9663 a&nbsp;Os 9665, jejich\u017e v\u00fdchoz\u00ed a&nbsp;koncovou stanici je pra\u017esk\u00e9 hlavn\u00ed n\u00e1dra\u017e\u00ed.<\/p>\r\n<p>B\u011bhem v\u00fdluky mohou cestuj\u00edc\u00ed pro cesty do stanic Praha Masarykovo n\u00e1dra\u017e\u00ed a&nbsp;Praha hl. n. vyu\u017e\u00edt spoje pra\u017esk\u00e9 MHD: metro linky C v&nbsp;\u00faseku N\u00e1dra\u017e\u00ed-Hole\u0161ovice \u2013 Florenc \u2013 Hlavn\u00ed n\u00e1dra\u017e\u00ed, metro linky B v&nbsp;\u00faseku Florenc \u2013 N\u00e1m\u011bst\u00ed Republiky a&nbsp;tramvajovou linku \u010d. 14 v&nbsp;\u00faseku N\u00e1dra\u017e\u00ed Hole\u0161ovice \u2013 Masarykovo n\u00e1dra\u017e\u00ed.<\/p>\r\n<p>Po ukon\u010den\u00ed v\u00fdluky se vlaky vr\u00e1t\u00ed ji\u017e do nov\u00e9 stanice Praha-Bubny.<\/p>\r\n<p>V\u00fdlukov\u00fd j\u00edzdn\u00edho \u0159\u00e1d naleznete <a href=\"https:\/\/www.praha7.cz\/wp-content\/uploads\/2025\/02\/vlaky-jizdni-rad-od-3.-3.-2025.pdf\" target=\"_blank\" rel=\"noopener\">zde<\/a> nebo v&nbsp;mobiln\u00ed aplikaci M\u016fj vlak.<\/p>\r\n<p>&nbsp;<\/p>\r\n<p><a href=\"https:\/\/www.praha7.cz\/wp-content\/uploads\/2025\/02\/Schema-linek-MHD-zajistujicich-dopravu-ve-vyloucenem-useku-2.jpeg\" target=\"_blank\" rel=\"noopener\"><img loading=\"lazy\" src=\"https:\/\/www.praha7.cz\/wp-content\/uploads\/2025\/02\/Schema-linek-MHD-zajistujicich-dopravu-ve-vyloucenem-useku-2.jpeg\" alt=\"\" width=\"659\" height=\"384\" class=\"alignnone size-full wp-image-82448\" srcset=\"https:\/\/www.praha7.cz\/wp-content\/uploads\/2025\/02\/Schema-linek-MHD-zajistujicich-dopravu-ve-vyloucenem-useku-2.jpeg 659w, https:\/\/www.praha7.cz\/wp-content\/uploads\/2025\/02\/Schema-linek-MHD-zajistujicich-dopravu-ve-vyloucenem-useku-2-600x350.jpeg 600w\" sizes=\"(max-width: 659px) 100vw, 659px\" \/><\/a><\/p>","protected":false},"excerpt":{"rendered":"[perex] V&nbsp;souvislosti s&nbsp;v\u00fdstavbou nov\u00e9 stanice Praha-Bubny a&nbsp;pokra\u010duj\u00edc\u00ed stavebn\u00ed \u010dinnosti Spr\u00e1vy \u017eeleznic na Masarykov\u011b n\u00e1dra\u017e\u00ed dojde v&nbsp;term\u00ednu 3.&nbsp;3. \u2013 1.&nbsp;8.&nbsp;2025 k&nbsp;v\u00fdluce na trati 091 Praha \u2013 Kralupy nad Vltavou v&nbsp;\u00faseku Praha-Masarykovo n\u00e1dra\u017e\u00ed \u2013 Praha-Hole\u0161ovice zast\u00e1vka. B\u011bhem v\u00fdluky bude koncovou stanic\u00ed drtiv\u00e9 v\u011bt\u0161iny vlak\u016f linek S4 a&nbsp;R44 stanice Praha-Hole\u0161ovice. Vlaky tak nebudou obsluhovat stanice Praha-Hole\u0161ovice zast\u00e1vka [&hellip;]","protected":false},"author":5,"featured_media":82435,"comment_status":"closed","ping_status":"open","sticky":false,"template":"","format":"standard","meta":[],"categories":[36],"tags":[57],"_links":{"self":[{"href":"https:\/\/www.praha7.cz\/api\/wp\/v2\/posts\/82433"}],"collection":[{"href":"https:\/\/www.praha7.cz\/api\/wp\/v2\/posts"}],"about":[{"href":"https:\/\/www.praha7.cz\/api\/wp\/v2\/types\/post"}],"author":[{"embeddable":true,"href":"https:\/\/www.praha7.cz\/api\/wp\/v2\/users\/5"}],"replies":[{"embeddable":true,"href":"https:\/\/www.praha7.cz\/api\/wp\/v2\/comments?post=82433"}],"version-history":[{"count":5,"href":"https:\/\/www.praha7.cz\/api\/wp\/v2\/posts\/82433\/revisions"}],"predecessor-version":[{"id":82460,"href":"https:\/\/www.praha7.cz\/api\/wp\/v2\/posts\/82433\/revisions\/82460"}],"wp:featuredmedia":[{"embeddable":true,"href":"https:\/\/www.praha7.cz\/api\/wp\/v2\/media\/82435"}],"wp:attachment":[{"href":"https:\/\/www.praha7.cz\/api\/wp\/v2\/media?parent=82433"}],"wp:term":[{"taxonomy":"category","embeddable":true,"href":"https:\/\/www.praha7.cz\/api\/wp\/v2\/categories?post=82433"},{"taxonomy":"post_tag","embeddable":true,"href":"https:\/\/www.praha7.cz\/api\/wp\/v2\/tags?post=82433"}],"curies":[{"name":"wp","href":"https:\/\/api.w.org\/{rel}","templated":true}]}}