    
{"id":82409,"date":"2025-02-25T10:36:20","date_gmt":"2025-02-25T09:36:20","guid":{"rendered":"https:\/\/www.praha7.cz\/?p=82409"},"modified":"2025-03-14T13:02:17","modified_gmt":"2025-03-14T12:02:17","slug":"navstivte-ms-zs-25","status":"publish","type":"post","link":"https:\/\/www.praha7.cz\/navstivte-ms-zs-25\/","title":{"rendered":"Nav\u0161tivte na\u0161e mate\u0159sk\u00e9 a&nbsp;z\u00e1kladn\u00ed \u0161koly"},"content":{"rendered":"<p>[perex]<\/p>\r\n<p>\u010cek\u00e1 va\u0161e d\u00edt\u011b letos n\u00e1stup do mate\u0159sk\u00e9 nebo z\u00e1kladn\u00ed \u0161koly? Cht\u011bli byste se l\u00e9pe zorientovat v&nbsp;nab\u00eddce p\u0159ed\u0161koln\u00edho \u010di z\u00e1kladn\u00edho vzd\u011bl\u00e1v\u00e1n\u00ed na Sedmi\u010dce? Dny otev\u0159en\u00fdch dve\u0159\u00ed jsou ide\u00e1ln\u00ed p\u0159\u00edle\u017eitost, jak se bl\u00ed\u017ee sezn\u00e1mit s&nbsp;m\u00edstn\u00edmi \u0161kolkami a&nbsp;\u0161kolami. <strong>Podrobn\u00fd p\u0159ehled dn\u016f otev\u0159en\u00fdch dve\u0159\u00ed naleznete <a href=\"https:\/\/www.praha7.cz\/potrebuji-zaridit\/skolstvi\/dny-otevrenych-dveri-na-ms-a-zs\/\">zde<\/a>.<\/strong><\/p>\r\n<p>[\/perex]<\/p>\r\n<p><a href=\"https:\/\/www.praha7.cz\/potrebuji-zaridit\/skolstvi\/materske-skoly\/zapis-do-materske-skoly\/\">Z\u00e1pisy do mate\u0159sk\u00fdch \u0161kol<\/a> se budou konat 6.&nbsp;a&nbsp;7.&nbsp;kv\u011btna 2025. P\u0159edch\u00e1zet jim bude elektronick\u00e1 registrace k&nbsp;z\u00e1pisu, kter\u00e1 bude prob\u00edhat od 14.&nbsp;do 28.&nbsp;dubna 2025.\u00a0<\/p>\r\n<p><a href=\"https:\/\/www.praha7.cz\/potrebuji-zaridit\/skolstvi\/zakladni-skoly\/zapis-do-zakladni-skoly\/\">Z\u00e1pisy do z\u00e1kladn\u00edch \u0161kol<\/a> prob\u011bhnou 9.&nbsp;a&nbsp;10.&nbsp;dubna 2025. Elektronick\u00e1 registrace k&nbsp;z\u00e1pisu se uskute\u010dn\u00ed v&nbsp;term\u00ednu od 17.&nbsp;do 28.&nbsp;b\u0159ezna 2025 na webov\u00fdch str\u00e1nk\u00e1ch jednotliv\u00fdch z\u00e1kladn\u00edch \u0161kol M\u010c Praha&nbsp;7.\u00a0<\/p>","protected":false},"excerpt":{"rendered":"[perex] \u010cek\u00e1 va\u0161e d\u00edt\u011b letos n\u00e1stup do mate\u0159sk\u00e9 nebo z\u00e1kladn\u00ed \u0161koly? Cht\u011bli byste se l\u00e9pe zorientovat v&nbsp;nab\u00eddce p\u0159ed\u0161koln\u00edho \u010di z\u00e1kladn\u00edho vzd\u011bl\u00e1v\u00e1n\u00ed na Sedmi\u010dce? Dny otev\u0159en\u00fdch dve\u0159\u00ed jsou ide\u00e1ln\u00ed p\u0159\u00edle\u017eitost, jak se bl\u00ed\u017ee sezn\u00e1mit s&nbsp;m\u00edstn\u00edmi \u0161kolkami a&nbsp;\u0161kolami. Podrobn\u00fd p\u0159ehled dn\u016f otev\u0159en\u00fdch dve\u0159\u00ed naleznete zde. [\/perex] Z\u00e1pisy do mate\u0159sk\u00fdch \u0161kol se budou konat 6.&nbsp;a&nbsp;7.&nbsp;kv\u011btna 2025. P\u0159edch\u00e1zet jim [&hellip;]","protected":false},"author":251,"featured_media":43667,"comment_status":"closed","ping_status":"open","sticky":false,"template":"","format":"standard","meta":[],"categories":[34],"tags":[123,83],"_links":{"self":[{"href":"https:\/\/www.praha7.cz\/api\/wp\/v2\/posts\/82409"}],"collection":[{"href":"https:\/\/www.praha7.cz\/api\/wp\/v2\/posts"}],"about":[{"href":"https:\/\/www.praha7.cz\/api\/wp\/v2\/types\/post"}],"author":[{"embeddable":true,"href":"https:\/\/www.praha7.cz\/api\/wp\/v2\/users\/251"}],"replies":[{"embeddable":true,"href":"https:\/\/www.praha7.cz\/api\/wp\/v2\/comments?post=82409"}],"version-history":[{"count":3,"href":"https:\/\/www.praha7.cz\/api\/wp\/v2\/posts\/82409\/revisions"}],"predecessor-version":[{"id":82412,"href":"https:\/\/www.praha7.cz\/api\/wp\/v2\/posts\/82409\/revisions\/82412"}],"wp:featuredmedia":[{"embeddable":true,"href":"https:\/\/www.praha7.cz\/api\/wp\/v2\/media\/43667"}],"wp:attachment":[{"href":"https:\/\/www.praha7.cz\/api\/wp\/v2\/media?parent=82409"}],"wp:term":[{"taxonomy":"category","embeddable":true,"href":"https:\/\/www.praha7.cz\/api\/wp\/v2\/categories?post=82409"},{"taxonomy":"post_tag","embeddable":true,"href":"https:\/\/www.praha7.cz\/api\/wp\/v2\/tags?post=82409"}],"curies":[{"name":"wp","href":"https:\/\/api.w.org\/{rel}","templated":true}]}}