    
{"id":82309,"date":"2025-02-19T10:33:04","date_gmt":"2025-02-19T09:33:04","guid":{"rendered":"https:\/\/www.praha7.cz\/?p=82309"},"modified":"2025-02-24T10:42:48","modified_gmt":"2025-02-24T09:42:48","slug":"posileni-tram-36","status":"publish","type":"post","link":"https:\/\/www.praha7.cz\/posileni-tram-36\/","title":{"rendered":"Pos\u00edlen\u00ed provozu tramvaj\u00ed na V\u00fdstavi\u0161t\u011b 22.&nbsp;a&nbsp;23.&nbsp;\u00fanora"},"content":{"rendered":"<p>[perex]<\/p>\r\n<p>Dopravn\u00ed podnik hl. m. Prahy v&nbsp;sobotu 22.&nbsp;\u00fanora a&nbsp;v&nbsp;ned\u011bli 23.&nbsp;\u00fanora 2025 pos\u00edl\u00ed tramvajov\u00fd provoz z&nbsp;d\u016fvodu zah\u00e1jen\u00ed Mat\u011bjsk\u00e9 pouti.<br \/>\r\nZavedena bude linka \u010d\u00edslo 36 v&nbsp;trase B\u00edl\u00e1 labu\u0165 \u2013 N\u00e1m\u011bst\u00ed Republiky \u2013 Dlouh\u00e1 t\u0159\u00edda \u2013 N\u00e1b\u0159e\u017e\u00ed Kapit\u00e1na Jaro\u0161e \u2013 Strossmayerovo n\u00e1m\u011bst\u00ed \u2013 Veletr\u017en\u00ed pal\u00e1c \u2013 V\u00fdstavi\u0161t\u011b. Linka bude v&nbsp;provozu po oba dny v\u017edy p\u0159ibli\u017en\u011b od 13.00 hodin do 20.00 hodin v&nbsp;intervalu 15 minut.<\/p>\r\n<p>Po ukon\u010den\u00ed v\u00fdluky v&nbsp;Chotkov\u00fdch sadech bude od 1.&nbsp;b\u0159ezna 2025 k&nbsp;V\u00fdstavi\u0161ti zaj\u00ed\u017ed\u011bt tak\u00e9 tramvajov\u00e1 linka 6. V\u00edce na <a href=\"https:\/\/www.dpp.cz\/omezeni-a-mimoradne-udalosti\/detail\/26007\" target=\"_blank\" rel=\"noopener\">str\u00e1nk\u00e1ch DPP<\/a>.<\/p>\r\n<p>[\/perex]<\/p>\r\n<h3>Jak se dostanete na V\u00fdstavi\u0161t\u011b?<\/h3>\r\n<p>Pros\u00edme, vyu\u017e\u00edvejte MHD. Do tramvajov\u00e9 smy\u010dky u&nbsp;V\u00fdstavi\u0161t\u011b se dostanete tramvajovou linkou \u010d. 17 (a&nbsp;b\u011bhem v\u00edkendu 22.&nbsp;a&nbsp;23.&nbsp;2.&nbsp;tak\u00e9 linkou 36). P\u0159\u00edstup k&nbsp;V\u00fdstavi\u0161ti je mo\u017en\u00fd tak\u00e9 od N\u00e1dra\u017e\u00ed Hole\u0161ovice <a href=\"https:\/\/www.praha7.cz\/praha-7-a-ep-real-estate-otevrely-novou-cestu-na-vystaviste-a-do-stromovky\/\">pr\u016fchodem pro p\u011b\u0161\u00ed a&nbsp;cyklisty z&nbsp;ulice Partyz\u00e1nsk\u00e1<\/a>, kter\u00fd je otev\u0159en denn\u011b od 7.00 do setm\u011bn\u00ed (v&nbsp;\u00fanoru cca do 18.00, v&nbsp;b\u0159eznu do 19.00).<\/p>\r\n<p><a href=\"https:\/\/www.praha7.cz\/wp-content\/uploads\/2021\/08\/pruchod_mapa_partyzanska_p7.jpg\"><img loading=\"lazy\" src=\"https:\/\/www.praha7.cz\/wp-content\/uploads\/2021\/08\/pruchod_mapa_partyzanska_p7-1414x1000.jpg\" alt=\"\" width=\"640\" height=\"453\" class=\"alignnone size-large wp-image-50077\" srcset=\"https:\/\/www.praha7.cz\/wp-content\/uploads\/2021\/08\/pruchod_mapa_partyzanska_p7-1414x1000.jpg 1414w, https:\/\/www.praha7.cz\/wp-content\/uploads\/2021\/08\/pruchod_mapa_partyzanska_p7-565x400.jpg 565w, https:\/\/www.praha7.cz\/wp-content\/uploads\/2021\/08\/pruchod_mapa_partyzanska_p7-768x543.jpg 768w\" sizes=\"(max-width: 640px) 100vw, 640px\" \/><\/a><\/p>\r\n<p>Z d\u016fvodu <a href=\"https:\/\/www.praha7.cz\/reko-u-vystaviste\/\">rekonstrukce je ulice U&nbsp;V\u00fdstavi\u0161t\u011b uzav\u0159ena<\/a> pro automobilovou dopravu. Pohyb chodc\u016f je veden koridory kolem stavby. D\u011bkujeme za pochopen\u00ed.\u00a0<\/p>","protected":false},"excerpt":{"rendered":"[perex] Dopravn\u00ed podnik hl. m. Prahy v&nbsp;sobotu 22.&nbsp;\u00fanora a&nbsp;v&nbsp;ned\u011bli 23.&nbsp;\u00fanora 2025 pos\u00edl\u00ed tramvajov\u00fd provoz z&nbsp;d\u016fvodu zah\u00e1jen\u00ed Mat\u011bjsk\u00e9 pouti. Zavedena bude linka \u010d\u00edslo 36 v&nbsp;trase B\u00edl\u00e1 labu\u0165 \u2013 N\u00e1m\u011bst\u00ed Republiky \u2013 Dlouh\u00e1 t\u0159\u00edda \u2013 N\u00e1b\u0159e\u017e\u00ed Kapit\u00e1na Jaro\u0161e \u2013 Strossmayerovo n\u00e1m\u011bst\u00ed \u2013 Veletr\u017en\u00ed pal\u00e1c \u2013 V\u00fdstavi\u0161t\u011b. Linka bude v&nbsp;provozu po oba dny v\u017edy p\u0159ibli\u017en\u011b od 13.00 hodin [&hellip;]","protected":false},"author":251,"featured_media":40283,"comment_status":"closed","ping_status":"open","sticky":false,"template":"","format":"standard","meta":[],"categories":[34],"tags":[],"_links":{"self":[{"href":"https:\/\/www.praha7.cz\/api\/wp\/v2\/posts\/82309"}],"collection":[{"href":"https:\/\/www.praha7.cz\/api\/wp\/v2\/posts"}],"about":[{"href":"https:\/\/www.praha7.cz\/api\/wp\/v2\/types\/post"}],"author":[{"embeddable":true,"href":"https:\/\/www.praha7.cz\/api\/wp\/v2\/users\/251"}],"replies":[{"embeddable":true,"href":"https:\/\/www.praha7.cz\/api\/wp\/v2\/comments?post=82309"}],"version-history":[{"count":6,"href":"https:\/\/www.praha7.cz\/api\/wp\/v2\/posts\/82309\/revisions"}],"predecessor-version":[{"id":82341,"href":"https:\/\/www.praha7.cz\/api\/wp\/v2\/posts\/82309\/revisions\/82341"}],"wp:featuredmedia":[{"embeddable":true,"href":"https:\/\/www.praha7.cz\/api\/wp\/v2\/media\/40283"}],"wp:attachment":[{"href":"https:\/\/www.praha7.cz\/api\/wp\/v2\/media?parent=82309"}],"wp:term":[{"taxonomy":"category","embeddable":true,"href":"https:\/\/www.praha7.cz\/api\/wp\/v2\/categories?post=82309"},{"taxonomy":"post_tag","embeddable":true,"href":"https:\/\/www.praha7.cz\/api\/wp\/v2\/tags?post=82309"}],"curies":[{"name":"wp","href":"https:\/\/api.w.org\/{rel}","templated":true}]}}