    
{"id":82277,"date":"2025-02-17T15:21:49","date_gmt":"2025-02-17T14:21:49","guid":{"rendered":"https:\/\/www.praha7.cz\/?p=82277"},"modified":"2025-02-17T15:21:49","modified_gmt":"2025-02-17T14:21:49","slug":"co-se-doctete-v-unorovem-hobuletu","status":"publish","type":"post","link":"https:\/\/www.praha7.cz\/co-se-doctete-v-unorovem-hobuletu\/","title":{"rendered":"Co se do\u010dtete v&nbsp;\u00fanorov\u00e9m Hobuletu"},"content":{"rendered":"<p>[perex]<\/p>\r\n<p>Mraziv\u00e9 po\u010das\u00ed nahr\u00e1v\u00e1 \u010dinnostem v&nbsp;interi\u00e9ru, nap\u0159\u00edklad \u010dten\u00ed. A&nbsp;jako ka\u017ed\u00fd m\u011bs\u00edc je tu Hobulet, kter\u00fd p\u0159in\u00e1\u0161\u00ed po\u0159\u00e1dnou porci p\u00edsmenek. V&nbsp;\u00fanorov\u00e9m \u010d\u00edsle se sezn\u00e1m\u00edte s&nbsp;<a href=\"https:\/\/www.praha7.cz\/cesta-k-rovnym-sancim\/\">Janou Rej\u017ekovou<\/a>, \u0159editelkou organizace Tosara, kter\u00e1 u\u017e t\u00e9m\u011b\u0159 dvacet let podporuje d\u011bti ve vzd\u011bl\u00e1v\u00e1n\u00ed. Pozveme v\u00e1s do <a href=\"https:\/\/www.praha7.cz\/mladi-duchem\/\">hudebn\u011b-kulturn\u00edho baru The Jam na Letn\u00e9<\/a>, v&nbsp;n\u011bm\u017e se propojuje Slovensko s&nbsp;Peru, \u017eiv\u00e1 hudba i&nbsp;kv\u00edzov\u00e9 ve\u010dery v&nbsp;angli\u010dtin\u011b. Stanislav J. V\u00e1clavovic v\u00e1s vezme na proch\u00e1zku ulicemi star\u00fdch Hole\u0161ovic a&nbsp;pop\u00ed\u0161e, jak se v&nbsp;19.&nbsp;stolet\u00ed zach\u00e1zelo s&nbsp;<a href=\"https:\/\/www.praha7.cz\/kam-s-nim-i\/\">komun\u00e1ln\u00edm odpadem<\/a>. Hlavn\u00ed t\u00e9ma a&nbsp;ob\u00e1lka jsou v\u011bnov\u00e1ny <a href=\"https:\/\/www.praha7.cz\/ulice-se-staly-umeleckym-platnem\/\">velkoplo\u0161n\u00fdm malb\u00e1m<\/a>, mural\u016fm. Pozveme v\u00e1s za kulturou i&nbsp;do zahrady <a href=\"https:\/\/www.praha7.cz\/jako-na-venkove\/\">Metrofarm<\/a>, na d\u011bti \u010dek\u00e1 dal\u0161\u00ed d\u00edl komiksu D\u00e1\u0161a a&nbsp;S\u00edr a&nbsp;v\u0161e uzav\u00edr\u00e1 rubrika Stalo se. P\u0159ejeme v\u00e1m p\u0159\u00edjemn\u00e9 \u010dten\u00ed!<\/p>\r\n<p>[\/perex]<\/p>\r\n<p>Hobuletem m\u016f\u017eete listovat tak\u00e9 <a href=\"https:\/\/zpravodaj.munipolis.cz\/praha7\/unor-2025\/\" target=\"_blank\" rel=\"noopener\">online<\/a>. Ilustracemi toto \u010d\u00edslo doprovodil Alexey Klyuykov, fotografoval Tom\u00e1\u0161 Sou\u010dek.<\/p>\r\n<hr \/>\r\n<p>Nedorazil v\u00e1m Hobulet do schr\u00e1nky? Napi\u0161te n\u00e1m pros\u00edm na e-mail <a href=\"mailto:lopezp@praha7.cz\">lopezp@praha7.cz<\/a>, situaci prov\u011b\u0159\u00edme u&nbsp;doru\u010dovatele.<\/p>\r\n<p>Archiv m\u011bs\u00ed\u010dn\u00edku m\u011bstsk\u00e9 \u010d\u00e1sti Praha&nbsp;7 Hobulet najdete\u00a0<a href=\"https:\/\/www.praha7.cz\/hobulet\/archiv-hobuletu\/\">zde<\/a>.<\/p>","protected":false},"excerpt":{"rendered":"[perex] Mraziv\u00e9 po\u010das\u00ed nahr\u00e1v\u00e1 \u010dinnostem v&nbsp;interi\u00e9ru, nap\u0159\u00edklad \u010dten\u00ed. A&nbsp;jako ka\u017ed\u00fd m\u011bs\u00edc je tu Hobulet, kter\u00fd p\u0159in\u00e1\u0161\u00ed po\u0159\u00e1dnou porci p\u00edsmenek. V&nbsp;\u00fanorov\u00e9m \u010d\u00edsle se sezn\u00e1m\u00edte s&nbsp;Janou Rej\u017ekovou, \u0159editelkou organizace Tosara, kter\u00e1 u\u017e t\u00e9m\u011b\u0159 dvacet let podporuje d\u011bti ve vzd\u011bl\u00e1v\u00e1n\u00ed. Pozveme v\u00e1s do hudebn\u011b-kulturn\u00edho baru The Jam na Letn\u00e9, v&nbsp;n\u011bm\u017e se propojuje Slovensko s&nbsp;Peru, \u017eiv\u00e1 hudba i&nbsp;kv\u00edzov\u00e9 ve\u010dery [&hellip;]","protected":false},"author":251,"featured_media":82278,"comment_status":"closed","ping_status":"open","sticky":false,"template":"","format":"standard","meta":[],"categories":[34],"tags":[116],"_links":{"self":[{"href":"https:\/\/www.praha7.cz\/api\/wp\/v2\/posts\/82277"}],"collection":[{"href":"https:\/\/www.praha7.cz\/api\/wp\/v2\/posts"}],"about":[{"href":"https:\/\/www.praha7.cz\/api\/wp\/v2\/types\/post"}],"author":[{"embeddable":true,"href":"https:\/\/www.praha7.cz\/api\/wp\/v2\/users\/251"}],"replies":[{"embeddable":true,"href":"https:\/\/www.praha7.cz\/api\/wp\/v2\/comments?post=82277"}],"version-history":[{"count":1,"href":"https:\/\/www.praha7.cz\/api\/wp\/v2\/posts\/82277\/revisions"}],"predecessor-version":[{"id":82279,"href":"https:\/\/www.praha7.cz\/api\/wp\/v2\/posts\/82277\/revisions\/82279"}],"wp:featuredmedia":[{"embeddable":true,"href":"https:\/\/www.praha7.cz\/api\/wp\/v2\/media\/82278"}],"wp:attachment":[{"href":"https:\/\/www.praha7.cz\/api\/wp\/v2\/media?parent=82277"}],"wp:term":[{"taxonomy":"category","embeddable":true,"href":"https:\/\/www.praha7.cz\/api\/wp\/v2\/categories?post=82277"},{"taxonomy":"post_tag","embeddable":true,"href":"https:\/\/www.praha7.cz\/api\/wp\/v2\/tags?post=82277"}],"curies":[{"name":"wp","href":"https:\/\/api.w.org\/{rel}","templated":true}]}}