    
{"id":82270,"date":"2025-02-14T15:35:10","date_gmt":"2025-02-14T14:35:10","guid":{"rendered":"https:\/\/www.praha7.cz\/?p=82270"},"modified":"2025-02-14T15:35:10","modified_gmt":"2025-02-14T14:35:10","slug":"open-call-umeni-pro-trznici-2025","status":"publish","type":"post","link":"https:\/\/www.praha7.cz\/open-call-umeni-pro-trznici-2025\/","title":{"rendered":"Open call: Um\u011bn\u00ed pro tr\u017enici 2025"},"content":{"rendered":"<p>[perex]<\/p>\r\n<p>Za n\u011bkolik m\u011bs\u00edc\u016f z&nbsp;Hole\u0161ovick\u00e9 tr\u017enice odpluje Karl\u00ednsk\u00fd vor od Adama Koval\u010d\u00edka a&nbsp;nahrad\u00ed ho nov\u00e9 um\u011bleck\u00e9 d\u00edlo, kter\u00e9 bude po dobu jednoho roku o\u017eivovat ve\u0159ejn\u00fd prostor v&nbsp;tr\u017enici. Program Galerie hl. m. Prahy <a href=\"https:\/\/umenipromesto.eu\/\" target=\"_blank\" rel=\"noopener\">Um\u011bn\u00ed pro m\u011bsto<\/a> vyhla\u0161uje ve spolupr\u00e1ci s&nbsp;Hole\u0161ovickou tr\u017enic\u00ed ve\u0159ejnou v\u00fdzvu na n\u00e1vrhy a&nbsp;realizaci do\u010dasn\u00e9ho um\u011bleck\u00e9ho objektu.\u00a0<\/p>\r\n<p>[\/perex]<\/p>\r\n<p>Uz\u00e1v\u011brka pod\u00e1n\u00ed p\u0159ihl\u00e1\u0161ek: 23.&nbsp;4.&nbsp;2025<br \/>\r\nTerm\u00edn realizace: srpen 2025<br \/>\r\nDoba expozice na m\u00edst\u011b trv\u00e1n\u00ed: 1 rok<\/p>\r\n<p><strong>Ve\u0161ker\u00e9 podrobnosti najdete <a href=\"https:\/\/umenipromesto.eu\/prispevky\/131-open-call-umeni-pro-trznici-2025\" target=\"_blank\" rel=\"noopener\">zde<\/a>.<\/strong><\/p>","protected":false},"excerpt":{"rendered":"[perex] Za n\u011bkolik m\u011bs\u00edc\u016f z&nbsp;Hole\u0161ovick\u00e9 tr\u017enice odpluje Karl\u00ednsk\u00fd vor od Adama Koval\u010d\u00edka a&nbsp;nahrad\u00ed ho nov\u00e9 um\u011bleck\u00e9 d\u00edlo, kter\u00e9 bude po dobu jednoho roku o\u017eivovat ve\u0159ejn\u00fd prostor v&nbsp;tr\u017enici. Program Galerie hl. m. Prahy Um\u011bn\u00ed pro m\u011bsto vyhla\u0161uje ve spolupr\u00e1ci s&nbsp;Hole\u0161ovickou tr\u017enic\u00ed ve\u0159ejnou v\u00fdzvu na n\u00e1vrhy a&nbsp;realizaci do\u010dasn\u00e9ho um\u011bleck\u00e9ho objektu.\u00a0 [\/perex] Uz\u00e1v\u011brka pod\u00e1n\u00ed p\u0159ihl\u00e1\u0161ek: 23.&nbsp;4.&nbsp;2025 Term\u00edn realizace: [&hellip;]","protected":false},"author":251,"featured_media":59109,"comment_status":"closed","ping_status":"open","sticky":false,"template":"","format":"standard","meta":[],"categories":[34],"tags":[119,106,110],"_links":{"self":[{"href":"https:\/\/www.praha7.cz\/api\/wp\/v2\/posts\/82270"}],"collection":[{"href":"https:\/\/www.praha7.cz\/api\/wp\/v2\/posts"}],"about":[{"href":"https:\/\/www.praha7.cz\/api\/wp\/v2\/types\/post"}],"author":[{"embeddable":true,"href":"https:\/\/www.praha7.cz\/api\/wp\/v2\/users\/251"}],"replies":[{"embeddable":true,"href":"https:\/\/www.praha7.cz\/api\/wp\/v2\/comments?post=82270"}],"version-history":[{"count":1,"href":"https:\/\/www.praha7.cz\/api\/wp\/v2\/posts\/82270\/revisions"}],"predecessor-version":[{"id":82271,"href":"https:\/\/www.praha7.cz\/api\/wp\/v2\/posts\/82270\/revisions\/82271"}],"wp:featuredmedia":[{"embeddable":true,"href":"https:\/\/www.praha7.cz\/api\/wp\/v2\/media\/59109"}],"wp:attachment":[{"href":"https:\/\/www.praha7.cz\/api\/wp\/v2\/media?parent=82270"}],"wp:term":[{"taxonomy":"category","embeddable":true,"href":"https:\/\/www.praha7.cz\/api\/wp\/v2\/categories?post=82270"},{"taxonomy":"post_tag","embeddable":true,"href":"https:\/\/www.praha7.cz\/api\/wp\/v2\/tags?post=82270"}],"curies":[{"name":"wp","href":"https:\/\/api.w.org\/{rel}","templated":true}]}}