    
{"id":82247,"date":"2025-02-13T12:39:28","date_gmt":"2025-02-13T11:39:28","guid":{"rendered":"https:\/\/www.praha7.cz\/?p=82247"},"modified":"2025-02-27T10:09:49","modified_gmt":"2025-02-27T09:09:49","slug":"se-starostou-u-stolu-26-unora-na-letne-v-hostinci-u-pivoje","status":"publish","type":"post","link":"https:\/\/www.praha7.cz\/se-starostou-u-stolu-26-unora-na-letne-v-hostinci-u-pivoje\/","title":{"rendered":"Se starostou u&nbsp;stolu: 26.&nbsp;\u00fanora na Letn\u00e9 v&nbsp;hostinci U&nbsp;Pivoje"},"content":{"rendered":"<p>[perex]<\/p>\r\n<p>Dal\u0161\u00ed neform\u00e1ln\u00ed setk\u00e1n\u00ed Se starostou u&nbsp;stolu se uskute\u010dn\u00ed ve st\u0159edu 26.&nbsp;\u00fanora 2025 od 18 do 20 hodin v&nbsp;<a href=\"https:\/\/www.google.com\/maps\/place\/Pivnice+U+Pivoje\/@50.0991402,14.4305361,691m\/data=!3m1!1e3!4m15!1m8!3m7!1s0x470b94c615140c6f:0xe82ab745e8c344ff!2sPivnice+U+Pivoje!8m2!3d50.0990038!4d14.4306523!10e1!16s%2Fg%2F11b6v6bz2y!3m5!1s0x470b94c615140c6f:0xe82ab745e8c344ff!8m2!3d50.0990038!4d14.4306523!16s%2Fg%2F11b6v6bz2y?entry=ttu&amp;g_ep=EgoyMDI1MDIxMC4wIKXMDSoASAFQAw%3D%3D\" target=\"_blank\" rel=\"noopener\">hostinci U&nbsp;Pivoje<\/a> (Franti\u0161ka K\u0159\u00ed\u017eka 18). P\u0159ij\u010fte a&nbsp;zeptejte se starosty Jana \u010ci\u017einsk\u00e9ho a&nbsp;m\u00edstostarostky Hany \u0160i\u0161kov\u00e9 s&nbsp;gesc\u00ed \u0161kolstv\u00ed na v\u0161e, co v\u00e1s v&nbsp;souvislosti s&nbsp;na\u0161\u00ed \u010dtvrt\u00ed zaj\u00edm\u00e1. T\u011b\u0161\u00edme se na v\u00e1s.<\/p>\r\n<p>[\/perex]<\/p>\r\n<p>&nbsp;<\/p>","protected":false},"excerpt":{"rendered":"[perex] Dal\u0161\u00ed neform\u00e1ln\u00ed setk\u00e1n\u00ed Se starostou u&nbsp;stolu se uskute\u010dn\u00ed ve st\u0159edu 26.&nbsp;\u00fanora 2025 od 18 do 20 hodin v&nbsp;hostinci U&nbsp;Pivoje (Franti\u0161ka K\u0159\u00ed\u017eka 18). P\u0159ij\u010fte a&nbsp;zeptejte se starosty Jana \u010ci\u017einsk\u00e9ho a&nbsp;m\u00edstostarostky Hany \u0160i\u0161kov\u00e9 s&nbsp;gesc\u00ed \u0161kolstv\u00ed na v\u0161e, co v\u00e1s v&nbsp;souvislosti s&nbsp;na\u0161\u00ed \u010dtvrt\u00ed zaj\u00edm\u00e1. T\u011b\u0161\u00edme se na v\u00e1s. [\/perex] &nbsp;","protected":false},"author":251,"featured_media":72829,"comment_status":"closed","ping_status":"open","sticky":false,"template":"","format":"standard","meta":[],"categories":[34],"tags":[84,110],"_links":{"self":[{"href":"https:\/\/www.praha7.cz\/api\/wp\/v2\/posts\/82247"}],"collection":[{"href":"https:\/\/www.praha7.cz\/api\/wp\/v2\/posts"}],"about":[{"href":"https:\/\/www.praha7.cz\/api\/wp\/v2\/types\/post"}],"author":[{"embeddable":true,"href":"https:\/\/www.praha7.cz\/api\/wp\/v2\/users\/251"}],"replies":[{"embeddable":true,"href":"https:\/\/www.praha7.cz\/api\/wp\/v2\/comments?post=82247"}],"version-history":[{"count":3,"href":"https:\/\/www.praha7.cz\/api\/wp\/v2\/posts\/82247\/revisions"}],"predecessor-version":[{"id":82329,"href":"https:\/\/www.praha7.cz\/api\/wp\/v2\/posts\/82247\/revisions\/82329"}],"wp:featuredmedia":[{"embeddable":true,"href":"https:\/\/www.praha7.cz\/api\/wp\/v2\/media\/72829"}],"wp:attachment":[{"href":"https:\/\/www.praha7.cz\/api\/wp\/v2\/media?parent=82247"}],"wp:term":[{"taxonomy":"category","embeddable":true,"href":"https:\/\/www.praha7.cz\/api\/wp\/v2\/categories?post=82247"},{"taxonomy":"post_tag","embeddable":true,"href":"https:\/\/www.praha7.cz\/api\/wp\/v2\/tags?post=82247"}],"curies":[{"name":"wp","href":"https:\/\/api.w.org\/{rel}","templated":true}]}}