    
{"id":82191,"date":"2025-02-11T12:16:39","date_gmt":"2025-02-11T11:16:39","guid":{"rendered":"https:\/\/www.praha7.cz\/?p=82191"},"modified":"2025-02-11T12:16:39","modified_gmt":"2025-02-11T11:16:39","slug":"nahradni-termin-pravni-poradny-pro-seniory-2","status":"publish","type":"post","link":"https:\/\/www.praha7.cz\/nahradni-termin-pravni-poradny-pro-seniory-2\/","title":{"rendered":"N\u00e1hradn\u00ed term\u00edn pr\u00e1vn\u00ed poradny pro seniory"},"content":{"rendered":"<p>[perex]<\/p>\r\n<p>Upozor\u0148ujeme, \u017ee n\u00e1hrada za zru\u0161enou lednovou pr\u00e1vn\u00ed poradnu pro seniory se uskute\u010dn\u00ed v&nbsp;term\u00ednu 5.&nbsp;3.&nbsp;2025.\u00a0Pr\u00e1vn\u00ed poradna se kon\u00e1 od 15 do 18 hodin\u00a0v zasedac\u00ed m\u00edstnosti 2.09 (2.&nbsp;patro), U&nbsp;Pr\u016fhonu 1338\/38.<\/p>\r\n<p>V\u00edce informac\u00ed a&nbsp;dal\u0161\u00ed term\u00edny najdete <a href=\"https:\/\/www.praha7.cz\/temata\/pravni-poradna\/\">ZDE<\/a>.<\/p>\r\n<p>[\/perex]<\/p>","protected":false},"excerpt":{"rendered":"[perex] Upozor\u0148ujeme, \u017ee n\u00e1hrada za zru\u0161enou lednovou pr\u00e1vn\u00ed poradnu pro seniory se uskute\u010dn\u00ed v&nbsp;term\u00ednu 5.&nbsp;3.&nbsp;2025.\u00a0Pr\u00e1vn\u00ed poradna se kon\u00e1 od 15 do 18 hodin\u00a0v zasedac\u00ed m\u00edstnosti 2.09 (2.&nbsp;patro), U&nbsp;Pr\u016fhonu 1338\/38. V\u00edce informac\u00ed a&nbsp;dal\u0161\u00ed term\u00edny najdete ZDE. [\/perex]","protected":false},"author":5,"featured_media":19229,"comment_status":"closed","ping_status":"open","sticky":false,"template":"","format":"standard","meta":[],"categories":[34],"tags":[115],"_links":{"self":[{"href":"https:\/\/www.praha7.cz\/api\/wp\/v2\/posts\/82191"}],"collection":[{"href":"https:\/\/www.praha7.cz\/api\/wp\/v2\/posts"}],"about":[{"href":"https:\/\/www.praha7.cz\/api\/wp\/v2\/types\/post"}],"author":[{"embeddable":true,"href":"https:\/\/www.praha7.cz\/api\/wp\/v2\/users\/5"}],"replies":[{"embeddable":true,"href":"https:\/\/www.praha7.cz\/api\/wp\/v2\/comments?post=82191"}],"version-history":[{"count":1,"href":"https:\/\/www.praha7.cz\/api\/wp\/v2\/posts\/82191\/revisions"}],"predecessor-version":[{"id":82192,"href":"https:\/\/www.praha7.cz\/api\/wp\/v2\/posts\/82191\/revisions\/82192"}],"wp:featuredmedia":[{"embeddable":true,"href":"https:\/\/www.praha7.cz\/api\/wp\/v2\/media\/19229"}],"wp:attachment":[{"href":"https:\/\/www.praha7.cz\/api\/wp\/v2\/media?parent=82191"}],"wp:term":[{"taxonomy":"category","embeddable":true,"href":"https:\/\/www.praha7.cz\/api\/wp\/v2\/categories?post=82191"},{"taxonomy":"post_tag","embeddable":true,"href":"https:\/\/www.praha7.cz\/api\/wp\/v2\/tags?post=82191"}],"curies":[{"name":"wp","href":"https:\/\/api.w.org\/{rel}","templated":true}]}}