    
{"id":82164,"date":"2025-02-10T14:10:09","date_gmt":"2025-02-10T13:10:09","guid":{"rendered":"https:\/\/www.praha7.cz\/?p=82164"},"modified":"2025-02-10T14:10:09","modified_gmt":"2025-02-10T13:10:09","slug":"cesta-k-rovnym-sancim","status":"publish","type":"post","link":"https:\/\/www.praha7.cz\/cesta-k-rovnym-sancim\/","title":{"rendered":"Cesta k&nbsp;rovn\u00fdm \u0161anc\u00edm"},"content":{"rendered":"<p>[perex]<\/p>\r\n<p>\u201eV\u0161ichni maj\u00ed pr\u00e1vo na stejn\u00e9 vzd\u011bl\u00e1n\u00ed, bez ohledu na to, z&nbsp;jak\u00fdch podm\u00ednek poch\u00e1zej\u00ed,\u201c \u0159\u00edk\u00e1 Jana Rej\u017ekov\u00e1, \u0159editelka organizace <a href=\"https:\/\/tosara.cz\/\">Tosara<\/a>, kter\u00e1 t\u00e9m\u011b\u0159 20 let vytv\u00e1\u0159\u00ed otev\u0159en\u00e9 prost\u0159ed\u00ed pro rozvoj a\u00a0vzd\u011bl\u00e1v\u00e1n\u00ed d\u011bt\u00ed \u017eij\u00edc\u00edch v\u00a0soci\u00e1ln\u011b nep\u0159\u00edzniv\u00fdch podm\u00ednk\u00e1ch. D\u011btsk\u00e1 skupina Tos\u00e1rka, je\u017e na Sedmi\u010dce funguje u\u017e v\u00edce ne\u017e dva roky, nab\u00edz\u00ed v\u0161em d\u011btem p\u0159\u00e1telsk\u00e9, bezpe\u010dn\u00e9 a\u00a0rozmanit\u00e9 prost\u0159ed\u00ed. Jak\u00fdm p\u0159ek\u00e1\u017ek\u00e1m \u010del\u00ed d\u011bti ze znev\u00fdhodn\u011bn\u00fdch rodin na cest\u011b ke vzd\u011bl\u00e1n\u00ed? Co br\u00e1n\u00ed jejich za\u010dlen\u011bn\u00ed a\u00a0jakou roli hraje v\u010dasn\u00e1 podpora?<\/p>\r\n<p>[\/perex]<\/p>\r\n<p><strong>Co znamen\u00e1 Tosara?<br \/>\r\n<\/strong>V\u00a0rom\u0161tin\u011b to znamen\u00e1 r\u00e1no.<\/p>\r\n<p><strong>Co v\u00e1s p\u0159im\u011blo pracovat v&nbsp;oblasti vzd\u011bl\u00e1v\u00e1n\u00ed a\u00a0soci\u00e1ln\u00ed integrace d\u011bt\u00ed?<br \/>\r\n<\/strong>To \u0161lo n\u011bjak p\u0159irozen\u011b. V\u00a0r\u00e1mci studia romistiky na Filozofick\u00e9 fakult\u011b Univerzity Karlovy jsme jezdili nahr\u00e1vat rom\u0161tinu na v\u00fdchodn\u00ed Slovensko. Potk\u00e1vali jsme tam hodn\u011b d\u011bt\u00ed, kter\u00e9 nem\u011bly co d\u011blat, a\u00a0postupn\u011b jsme pro n\u011b za\u010dali organizovat volno\u010dasov\u00e9 aktivity. Spolu\u017e\u00e1ky pak napadlo uspo\u0159\u00e1dat pro d\u011bti z\u00a0obce \u010cervenica letn\u00ed divadeln\u00ed workshop. Abychom na to mohli z\u00edskat grant, zalo\u017eili jsme na konci roku 2005 na\u0161e sdru\u017een\u00ed. \u010cty\u0159i roky jsme pak tr\u00e1vili v\u017edycky polovinu l\u00e9ta s\u00a0d\u011btmi. Po ukon\u010den\u00ed studi\u00ed u\u017e jsme ale nemohli cest\u00e1m na Slovensko v\u011bnovat tolik \u010dasu, a\u00a0tak jsme za\u010dali hledat bli\u017e\u0161\u00ed m\u00edsta p\u016fsobnosti, co\u017e n\u00e1m d\u00e1valo i\u00a0v\u011bt\u0161\u00ed smysl. Jsme pra\u017esk\u00e1 organizace, ale tehdy n\u00e1m p\u0159ipadalo, \u017ee v\u00a0Praze je slu\u017eeb zam\u011b\u0159en\u00fdch na romsk\u00e9 d\u011bti dostatek. Rozhl\u00ed\u017eeli jsme se proto po lokalit\u00e1ch v\u00a0okol\u00ed. Nakonec jsme se rozhodli pro Ralsko, kam jsme jezdili asi 10 let na v\u00edkendov\u00e9 aktivity, a\u00a0Slan\u00fd. Tam p\u016fsob\u00edme dodnes.<\/p>\r\n<p>V\u00a0\u010cesku jsme za\u010dali zase s\u00a0volno\u010dasovkami, brzy jsme ale zjistili, \u017ee spousta d\u011bt\u00ed m\u00e1 v\u00fdrazn\u00e9 nedostatky ve vzd\u011bl\u00e1v\u00e1n\u00ed a\u00a0\u0161koln\u00edch dovednostech. Postupn\u011b jsme proto na\u0161e programy sm\u011brovali i\u00a0do oblasti vzd\u011bl\u00e1v\u00e1n\u00ed. Po\u0159\u00e1d se ale v\u011bnujeme oboj\u00edmu.<\/p>\r\n<p><strong>Pro\u010d jste se p\u0159esunuli na Sedmi\u010dku?<br \/>\r\n<\/strong>To byla shoda v\u00edce okolnost\u00ed. Jak u\u017e jsem \u0159\u00edkala, m\u00e1me k\u00a0Praze vazbu, p\u0159eva\u017euj\u00edc\u00ed \u010d\u00e1st na\u0161ich zam\u011bstnanc\u016f je odsud. P\u0159esunout jsme se ale rozhodli kv\u016fli na\u0161emu p\u0159ed\u0161koln\u00edmu klubu, kter\u00fd jsme ve Slan\u00e9m dlouhou dobu provozovali. V\u00a0jeden moment to toti\u017e vypadalo, \u017ee nebudeme m\u00edt do budoucna dostatek klient\u016f \u2013 mal\u00fdch d\u011bt\u00ed, kter\u00e9 by klub vyu\u017e\u00edvaly. Tak\u00e9 to bylo v\u00a0dob\u011b covidu, kdy se ur\u010dit\u00e1 \u010d\u00e1st rodin, se kter\u00fdmi jsme pracovali, dostala do v\u00e1\u017en\u00fdch probl\u00e9m\u016f, z\u00e1vislost\u00ed, a\u00a0z\u00a0na\u0161ich program\u016f \u00fapln\u011b vypadly. Posledn\u00ed rok byl nav\u00edc klub otev\u0159en nejen pro d\u011bti z\u00a0vylou\u010den\u00e9 lokality, ale i\u00a0pro d\u011bti z\u00a0b\u011b\u017en\u00fdch rodin. Cht\u011bli jsme skrze tento inkluzivn\u00ed koncept na\u0161e klienty, kte\u0159\u00ed nem\u011bli n\u00e1rok na m\u00edsto ve sl\u00e1nsk\u00e9 \u0161kolce, dostat do sm\u00ed\u0161en\u00e9ho kolektivu. Nefungovalo to ale tak dob\u0159e, jak jsme doufali. V\u011bt\u0161ina majoritn\u00edch d\u011bt\u00ed, kter\u00e9 k\u00a0n\u00e1m p\u0159i\u0161ly, toti\u017e tak\u00e9 pot\u0159ebovala n\u011bjakou specifickou podporu. Byla to celkov\u011b nejist\u00e1 doba a\u00a0m\u011bli jsme za to, \u017ee v\u00a0Praze by tenhle koncept mohl fungovat l\u00e9pe. U\u017e proto, \u017ee je tu v\u00edc lid\u00ed hledaj\u00edc\u00edch pro sv\u00e9 d\u011bti alternativn\u011bj\u0161\u00ed vzd\u011bl\u00e1v\u00e1n\u00ed, men\u0161\u00ed kolektivy, respektuj\u00edc\u00ed prost\u0159ed\u00ed. A\u00a0samoz\u0159ejm\u011b jsme v\u011bd\u011bli o\u00a0nedostatku m\u00edst ve \u0161kolk\u00e1ch. Tak jsme se nakonec rozhodli pro p\u0159esun.<\/p>\r\n<p>V\u00a0Praze jsme hledali m\u00edsto, kde bychom mohli p\u016fsobit, a\u00a0padaly n\u00e1vrhy jako Praha 3 nebo Praha 14, proto\u017ee jsme v\u011bd\u011bli, \u017ee tam \u017eije v\u00edce romsk\u00fdch, znev\u00fdhodn\u011bn\u00fdch d\u011bt\u00ed. Nakonec vyhr\u00e1la Sedmi\u010dka. Hlavn\u011b asi d\u00edky na\u0161\u00ed spolupr\u00e1ci s\u00a0organizac\u00ed \u010clov\u011bk v\u00a0t\u00edsni, kdy jsme m\u011bli mo\u017enost nav\u00e1zat na jej\u00ed kon\u010d\u00edc\u00ed \u0161koli\u010dku\u00a0v\u00a0m\u00edstn\u00edm azylov\u00e9m dom\u011b. A\u00a0roli sehr\u00e1la i\u00a0na\u0161e dlouholet\u00e1 kolegyn\u011b, kter\u00e9 jsme cht\u011bli naj\u00edt dob\u0159e dostupn\u00e9 m\u00edsto p\u0159i doj\u00ed\u017ed\u011bn\u00ed z\u00a0Kladna. Vtipn\u00e9 je, \u017ee nakonec do Prahy kv\u016fli zdlouhav\u00e9mu a\u00a0nejist\u00e9mu procesu st\u011bhov\u00e1n\u00ed v\u016fbec nenastoupila. (sm\u00edch) Ale nelitujeme toho, \u017ee jsme tady, naopak. Je tu extr\u00e9mn\u011b vst\u0159\u00edcn\u00e9 prost\u0159ed\u00ed.<\/p>\r\n<p>Samoz\u0159ejm\u011b n\u011bjak\u00fd \u010das trvalo, ne\u017e se v\u0161ech 12 m\u00edst v\u00a0na\u0161em klubu \u2013 kter\u00fd se form\u00e1ln\u011b zm\u011bnil na d\u011btskou skupinu Tos\u00e1rka \u2013 naplnilo. D\u011bti z\u00a0rodin v\u00a0obt\u00ed\u017en\u00e9 situaci nebo bez trval\u00e9ho bydli\u0161t\u011b jsme nabrali docela rychle. Za\u010dali jsme spolupracovat pr\u00e1v\u011b s\u00a0azylov\u00fdm domem a\u00a0OSPODem (Org\u00e1nem soci\u00e1ln\u011b-pr\u00e1vn\u00ed ochrany d\u011bt\u00ed, pozn. red.), p\u0159es m\u011bstskou \u010d\u00e1st jsme zapojili i\u00a0n\u011bkolik ukrajinsk\u00fdch d\u011bt\u00ed. A\u00a0oz\u00fdvaj\u00ed se n\u00e1m i\u00a0OSPODy z\u00a0jin\u00fdch \u010d\u00e1st\u00ed Prahy nebo neziskovky, kter\u00e9 v\u011bd\u00ed o\u00a0n\u011bkom, pro koho je \u0161kolka nedostupn\u00e1. Trochu d\u00e9le trvalo etablovat se\u00a0u\u00a0rodin, pro n\u011b\u017e byla Tos\u00e1rka volbou sp\u00ed\u0161 ne\u017e jedinou mo\u017enost\u00ed. A\u00a0pom\u011brn\u011b brzy jsme za\u010dali na Sedmi\u010dce i\u00a0dou\u010dovat, po tom je zd\u00e1 se nekone\u010dn\u00e1 popt\u00e1vka.<\/p>\r\n<p><strong>Jak se Tosara zm\u011bnila od sv\u00e9ho vzniku skoro p\u0159ed 20 lety?<br \/>\r\n<\/strong>Hodn\u011b. Nikdo z&nbsp;n\u00e1s ur\u010dit\u011b ne\u010dekal, \u017ee z&nbsp;toho bude n\u011bco v\u00edc ne\u017e jen sdru\u017een\u00ed spolu\u017e\u00e1k\u016f, kte\u0159\u00ed si hraj\u00ed s&nbsp;d\u011btmi. U\u0161li jsme dlouhou cestu, ale po\u0159\u00e1d \u0159e\u0161\u00edme n\u011bjak\u00e9 v\u011bci, u&nbsp;nich\u017e si \u0159\u00edk\u00e1m, \u017ee to mus\u00ed vypadat, jako kdybychom zrovna za\u010d\u00ednali. (sm\u00edch) Hodn\u011b dlouho jsme se zam\u011b\u0159ovali na slu\u017eby a&nbsp;pr\u00e1ci s&nbsp;klienty, a&nbsp;proto tak trochu zaost\u00e1valy procesn\u00ed z\u00e1le\u017eitosti, jako je vnit\u0159n\u00ed \u0159\u00edzen\u00ed organizace nebo fundraising. To jsou oblasti, kter\u00e9 mus\u00edme d\u00e1l rozv\u00edjet. Je pravda, \u017ee na neziskov\u00e9 sc\u00e9n\u011b se u\u017e o\u00a0n\u00e1s v\u00ed, a\u00a0to se odr\u00e1\u017e\u00ed i\u00a0na financov\u00e1n\u00ed. Ze za\u010d\u00e1tku byl nejv\u011bt\u0161\u00ed \u00fasp\u011bch, kdy\u017e jsme dostali n\u011bkolikatis\u00edcov\u00fd grant od n\u011bjak\u00e9 mal\u00e9 nadace. Dnes jsme pravideln\u011b dotovan\u00ed z\u00a0r\u016fzn\u00fdch st\u00e1tn\u00edch a\u00a0evropsk\u00fdch zdroj\u016f. Jinak si ale mysl\u00edm, a\u00a0douf\u00e1m, \u017ee si po\u0159\u00e1d udr\u017eujeme podobnou veselou a\u00a0otev\u0159enou atmosf\u00e9ru.<\/p>\r\n<p><strong>V listopadu jste tak\u00e9 zve\u0159ejnili sb\u00edrku na Darujme.cz na pokryt\u00ed \u0161kolkovn\u00e9ho pro \u0161est d\u011bt\u00ed ze znev\u00fdhodn\u011bn\u00e9ho prost\u0159ed\u00ed ve va\u0161\u00ed d\u011btsk\u00e9 skupin\u011b. Pen\u00edze se poda\u0159ilo vybrat a\u00a0nadace OSF v\u00e1m \u010d\u00e1stku zdvojn\u00e1sobila.<br \/>\r\n<\/strong>Z\u00a0toho jsme m\u011bli velkou radost. Dostali jsme p\u00e1r velk\u00fdch dar\u016f, kter\u00e9 k\u00a0dosa\u017een\u00ed pot\u0159ebn\u00e9 \u010d\u00e1stky velmi pomohly. Povzbudilo m\u011b to v\u00a0tom, \u017ee snad u\u017e m\u00e1me za sebou n\u011bjakou historii a\u00a0tak\u00e9 d\u00e1rce, kte\u0159\u00ed n\u00e1s sleduj\u00ed, a\u00a0kdy\u017e je pot\u0159eba, mohou n\u00e1m pomoci. A\u00a0hlavn\u011b to dokl\u00e1d\u00e1, \u017ee t\u00e9ma vzd\u011bl\u00e1v\u00e1n\u00ed d\u011bt\u00ed, pro kter\u00e9 je p\u0159ed\u0161koln\u00ed vzd\u011bl\u00e1n\u00ed t\u011b\u017eko dostupn\u00e9, rezonuje.<\/p>\r\n<p>Sb\u00edrka je ale jenom dopln\u011bk na\u0161eho financov\u00e1n\u00ed, jsme st\u00e1le z\u00e1visl\u00ed na dotac\u00edch. Bez nich si u\u017e ten velk\u00fd provoz nelze p\u0159edstavit. V\u00a0tom je t\u0159eba financov\u00e1n\u00ed d\u011btsk\u00fdch skupin st\u00e1tn\u00edm p\u0159\u00edsp\u011bvkem fajn, \u017ee nab\u00edz\u00ed alespo\u0148 \u010d\u00e1ste\u010dnou pr\u016fb\u011b\u017enou z\u00e1ruku pen\u011bz p\u0159i pln\u011bn\u00ed dan\u00fdch podm\u00ednek. Bez p\u0159\u00edsp\u011bvku je to nekone\u010dn\u00fd koloto\u010d nej\u010dast\u011bji jednolet\u00fdch grant\u016f \u2013 jen co dostanete pen\u00edze na \u00fa\u010det, u\u017e je mus\u00edte vy\u00fa\u010dtov\u00e1vat a\u00a0ps\u00e1t dal\u0161\u00ed grant, bez jistoty, \u017ee budou pen\u00edze na dal\u0161\u00ed rok nebo minim\u00e1ln\u011b na prvn\u00ed m\u011bs\u00edce. Mysl\u00edm, \u017ee v\u00edcelet\u00e9 financov\u00e1n\u00ed by v\u00a0tomhle neziskovk\u00e1m hodn\u011b pomohlo, aby mohly slu\u017eby budovat kvalitn\u011b a\u00a0dlouhodob\u011b a\u00a0neb\u00e1t se, \u017ee kdy\u017e n\u011bco rozjedou, mo\u017en\u00e1 to s\u00a0koncem roku skon\u010d\u00ed. A\u00a0je\u0161t\u011b by se mi l\u00edbilo, kdyby se v\u00a0r\u00e1mci dotac\u00ed v\u00edc propojila soci\u00e1ln\u00ed a\u00a0vzd\u011bl\u00e1vac\u00ed oblast, na jejich\u017e pomez\u00ed se Tosara pohybuje.<\/p>\r\n<p><strong>Portfolio va\u0161ich aktivit je ale je\u0161t\u011b bohat\u0161\u00ed. Krom\u011b d\u011btsk\u00e9 skupiny a&nbsp;dou\u010dov\u00e1n\u00ed na Sedmi\u010dce m\u00e1te tak\u00e9 poradenstv\u00ed pro rodi\u010de ve Slan\u00e9m a\u00a0volno\u010dasov\u00e9 programy\u2026<\/strong><br \/>\r\nAno, sna\u017e\u00edme se o\u00a0co nejkomplexn\u011bj\u0161\u00ed podporu d\u011bt\u00ed, kter\u00e1 zahrnuje pr\u00e1v\u011b i\u00a0pr\u00e1ci s\u00a0rodi\u010di. Na\u0161\u00ed nejnov\u011bj\u0161\u00ed slu\u017ebou je je\u0161t\u011b v\u010dasn\u00e1 p\u00e9\u010de, ter\u00e9nn\u00ed program pro rodi\u010de s\u00a0d\u011btmi do t\u0159\u00ed let. V\u00a0n\u011bm se sna\u017e\u00edme posilovat rodi\u010dovsk\u00e9 dovednosti, u\u010d\u00edme rodi\u010de, jak si s\u00a0d\u011btmi hr\u00e1t a\u00a0komunikovat nebo o\u00a0n\u011b pe\u010dovat, aby se rozv\u00edjely adekv\u00e1tn\u011b sv\u00e9mu v\u011bku. Zam\u011b\u0159ujeme se t\u0159eba na pojmenov\u00e1v\u00e1n\u00ed v\u011bc\u00ed, mluven\u00ed na d\u011bti nebo prohl\u00ed\u017een\u00ed kn\u00ed\u017eek, ale m\u016f\u017eeme tak\u00e9 rodinu propojit s\u00a0pediatrem a\u00a0podobn\u011b. V\u00a0posledn\u00ed dob\u011b n\u00e1m to p\u0159ijde jako jedna z\u00a0na\u0161ich nejd\u016fle\u017eit\u011bj\u0161\u00edch slu\u017eeb, kter\u00e1 m\u016f\u017ee nastartovat dal\u0161\u00ed bezprobl\u00e9mov\u00fd rozvoj. Za\u010d\u00edt prost\u011b hned v\u00a0prvn\u00edch letech \u017eivota, kdy se d\u011bti u\u010d\u00ed nejl\u00e9pe a\u00a0nejv\u00edce.<\/p>\r\n<p><strong>Tosara je tak\u00e9 sou\u010d\u00e1st\u00ed Platformy pro v\u010dasnou p\u00e9\u010di a&nbsp;vy sama jste \u010dlenkou jej\u00ed odborn\u00e9 rady. M\u016f\u017eete p\u0159ibl\u00ed\u017eit, jak platforma funguje?<\/strong><br \/>\r\nPlatforma pro v\u010dasnou p\u00e9\u010di sdru\u017euje r\u016fzn\u00e9 neziskov\u00e9 organizace z\u00a0cel\u00e9 \u010cesk\u00e9 republiky a\u00a0z\u00e1rove\u0148 dal\u0161\u00ed odborn\u00edky \u2013 \u0159editele mate\u0159sk\u00fdch a\u00a0z\u00e1kladn\u00edch \u0161kol, lidi z\u00a0municipalit\u00a0a\u00a0podobn\u011b. Je to prostor, kde na pravideln\u00fdch setk\u00e1n\u00edch sd\u00edl\u00edme, co kde funguje sm\u011brem k\u00a0ohro\u017een\u00fdm d\u011btem, sm\u011brem k\u00a0advoka\u010dn\u00ed \u010dinnosti v\u00a0r\u016fzn\u00fdch obc\u00edch nebo kraj\u00edch. Z\u00e1rove\u0148 m\u00e1 platforma ambici b\u00fdt partnerem ministerstev, dal\u0161\u00edch st\u0159e\u0161n\u00edch organizac\u00ed i\u00a0v\u00fdzkumn\u00e9 sf\u00e9ry a\u00a0spole\u010dn\u011b prosazovat zm\u011bny z\u00e1kon\u016f t\u00fdkaj\u00edc\u00edch se v\u010dasn\u00e9 podpory rodin. T\u00edm, \u017ee je to zast\u0159e\u0161uj\u00edc\u00ed organizace, m\u00e1 mnohem v\u011bt\u0161\u00ed mo\u017enosti n\u011bco zm\u011bnit. Obecn\u011b je c\u00edlem platformy zakotvit dostupn\u00e9 a\u00a0komplexn\u00ed podp\u016frn\u00e9 slu\u017eby pro rodiny s\u00a0d\u011btmi v\u00a0co nejni\u017e\u0161\u00edm v\u011bku, aby se ty ohro\u017een\u011bj\u0161\u00ed hned zpo\u010d\u00e1tku nepropadaly. Mysl\u00edme si, a\u00a0p\u0159edev\u0161\u00edm jsou na to \u010desk\u00e1 i\u00a0zahrani\u010dn\u00ed data, \u017ee v\u010dasn\u00e1 podpora funguje a\u00a0\u017ee n\u00e1klady a\u00a0energie na ni jsou mnohem men\u0161\u00ed ne\u017e potom p\u0159i ha\u0161en\u00ed nap\u0159\u00edklad vzd\u011bl\u00e1vac\u00edch pot\u00ed\u017e\u00ed d\u011bt\u00ed v\u00a0pokro\u010dilej\u0161\u00edm v\u011bku. Velkou roli v\u00a0tom hraje snaha propojit \u0161koln\u00ed, soci\u00e1ln\u00ed a\u00a0zdravotn\u00ed syst\u00e9m, aby p\u00e9\u010de byla skute\u010dn\u011b komplexn\u00ed u\u017e od za\u010d\u00e1tku.<\/p>\r\n<p><strong>Jak\u00e1 je sou\u010dasn\u00e1 situace v\u00a0dostupnosti p\u0159ed\u0161koln\u00edho vzd\u011bl\u00e1v\u00e1n\u00ed pro d\u011bti ze znev\u00fdhodn\u011bn\u00fdch rodin?<\/strong><br \/>\r\nTo s\u00a0t\u00edm pr\u00e1v\u011b souvis\u00ed. Po\u0159\u00e1d je velk\u00e9 mno\u017estv\u00ed d\u011bt\u00ed, kter\u00e9 ze vzd\u011bl\u00e1vac\u00edho syst\u00e9mu vypad\u00e1vaj\u00ed hned od p\u0159ed\u0161koln\u00edho v\u011bku, mezi d\u011btmi ze znev\u00fdhodn\u011bn\u00fdch rodin je to n\u011bjak\u00fdch 30&nbsp;%. Na jejich pot\u00ed\u017ee se p\u0159ijde a\u017e po povinn\u00e9m n\u00e1stupu do \u0161koly, kdy u\u017e je \u0159e\u0161en\u00ed t\u011bchto probl\u00e9m\u016f obt\u00ed\u017en\u011bj\u0161\u00ed. \u010casto se jedn\u00e1 o\u00a0d\u011bti, kter\u00e9 by podporu pot\u0159ebovaly nejv\u00edce, proto\u017ee sama rodina nem\u00e1 kompetence nebo kapacity je adekv\u00e1tn\u011b podpo\u0159it. V\u011bt\u0161inou jsou to rodiny bez stabiln\u00edho z\u00e1zem\u00ed, kter\u00e9 bydl\u00ed na ubytovn\u00e1ch, kde nemaj\u00ed trval\u00e9 bydli\u0161t\u011b. T\u00edm p\u00e1dem se jejich d\u011bti nedostanou do sp\u00e1dov\u00e9 \u0161kolky. A\u00a0pokud si rodiny nemohou dovolit soukrom\u00e9 za\u0159\u00edzen\u00ed, d\u011bti do \u0161kolky prost\u011b nechod\u00ed. Trval\u00fd pobyt je ov\u0161em jen jednou z\u00a0bari\u00e9r, pak jsou tu finance t\u0159eba na ob\u011bdy, \u0161patn\u00e1 orientace n\u011bkter\u00fdch rodin v\u00a0tom, jak a\u00a0kam d\u00edt\u011b do \u0161kolky p\u0159ihl\u00e1sit, a\u00a0dal\u0161\u00ed. A\u00a0p\u0159itom zase z\u00a0v\u00fdzkum\u016f v\u00edme, \u017ee pro \u00fasp\u011b\u0161n\u00fd \u0161koln\u00ed rozvoj je aspo\u0148 dvoulet\u00e1 doch\u00e1zka do \u0161kolky kl\u00ed\u010dov\u00e1. Pom\u011brn\u011b vysok\u00fd pr\u00e1h maj\u00ed pro znev\u00fdhodn\u011bn\u00e9 rodiny i\u00a0d\u011btsk\u00e9 skupiny. Jednak st\u00e1tn\u00ed p\u0159\u00edsp\u011bvek automaticky po\u010d\u00edt\u00e1 s\u00a0t\u00edm, \u017ee v\u0161ichni rodi\u010de plat\u00ed \u0161kolkovn\u00e9, tak\u017ee pokud t\u0159eba my n\u011bkter\u00fdm rodin\u00e1m poplatek odpou\u0161t\u00edme, mus\u00edme pak sh\u00e1n\u011bt pen\u00edze jinde, nap\u0159\u00edklad ve zm\u00edn\u011bn\u00e9 sb\u00edrce. Pak jsou tu dal\u0161\u00ed doklady, kter\u00e9 rodi\u010de mus\u00ed dodat, nap\u0159\u00edklad potvrzen\u00ed o\u00a0vazb\u011b na trh pr\u00e1ce nebo potvrzen\u00ed od pediatra, co\u017e ale tak\u00e9 pro n\u011bkter\u00e9 rodiny m\u016f\u017ee p\u0159edstavovat velk\u00fd probl\u00e9m. M\u011bli jsme nap\u0159\u00edklad rodinu ze severn\u00edch \u010cech \u017eij\u00edc\u00ed v\u00a0Praze, pro kterou bylo nemo\u017en\u00e9, i\u00a0p\u0159es podporu nejr\u016fzn\u011bj\u0161\u00edch subjekt\u016f, potvrzen\u00ed od pediatra z\u00edskat. V\u00a0Praze doktora nena\u0161li a\u00a0na cestu ke sv\u00e9mu l\u00e9ka\u0159i nem\u011bli pen\u00edze. Ten zase nemohl d\u00e1t d\u00edt\u011bti potvrzen\u00ed na d\u00e1lku. D\u011bti se tak do skupiny nemohly zapojit, a\u010dkoliv to pot\u0159ebovaly ony i\u00a0m\u00e1ma, kter\u00e1 by si tak mohla hledat pr\u00e1ci.<\/p>\r\n<p><strong>Zlep\u0161\u00ed se to v\u00a0dohledn\u00e9 dob\u011b?<\/strong><br \/>\r\nTo nev\u00edm, snad ano. Je k\u00a0tomu v\u00a0mnoha ohledech nakro\u010deno. T\u0159eba ned\u00e1vno zaveden\u00e9 odpu\u0161t\u011bn\u00ed poplatk\u016f za \u0161kolku pro rodiny, kter\u00e9 pob\u00edraj\u00ed p\u0159\u00eddavek na d\u00edt\u011b, bari\u00e9ry pro soci\u00e1ln\u011b ohro\u017een\u00e9 rodiny sni\u017euje. Na druhou stranu ale z\u00a0n\u011bkter\u00fdch zm\u011bn ve \u0161kolstv\u00ed mate\u0159sk\u00e9 \u0161koly trochu vypad\u00e1vaj\u00ed, nap\u0159\u00edklad pokud se bav\u00edme o\u00a0podp\u016frn\u00fdch pozic\u00edch, jako je soci\u00e1ln\u00ed pedagog, se kter\u00fdm se pro mate\u0159inky mysl\u00edm nepo\u010d\u00edt\u00e1. Tak\u017ee bude z\u00e1le\u017eet na tom, jak se k\u00a0tomu postav\u00ed st\u00e1t, ale i\u00a0t\u0159eba obce. A\u00a0ostatn\u011b i\u00a0my v\u0161ichni jako ve\u0159ejnost. V\u00a0nedostate\u010dn\u00e9m za\u010dle\u0148ov\u00e1n\u00ed znev\u00fdhodn\u011bn\u00fdch d\u011bt\u00ed do \u0161kolek i\u00a0\u0161kol hraj\u00ed mysl\u00edm po\u0159\u00e1d roli i\u00a0p\u0159edsudky. Roky sl\u00fdch\u00e1m po\u0159\u00e1d stejn\u00e9 p\u0159edstavy o\u00a0tom, jak se Romov\u00e9 necht\u011bj\u00ed vzd\u011bl\u00e1vat, o\u00a0vin\u011b rodi\u010d\u016f nebo\u00a0o\u00a0tom, \u017ee obyvatel\u00e9 vylou\u010den\u00fdch lokalit, kte\u0159\u00ed pob\u00edraj\u00ed d\u00e1vky, si \u017eij\u00ed dob\u0159e. P\u0159itom m\u00e1lokdo re\u00e1ln\u00fd \u017eivot a\u00a0mo\u017enosti obyvatel takov\u00e9ho prost\u0159ed\u00ed skute\u010dn\u011b zn\u00e1. Ti lid\u00e9 \u010dasto plat\u00ed na ubytovn\u00e1ch nebo v\u00a0r\u016fzn\u00fdch pololeg\u00e1ln\u00edch stavb\u00e1ch i\u00a0v\u00edce ne\u017e tr\u017en\u00ed n\u00e1jemn\u00e9, prost\u011b proto, \u017ee nemaj\u00ed kam jinam j\u00edt.<\/p>\r\n<p><strong>Jednou z&nbsp;mo\u017en\u00fdch cest, jak se zbavit p\u0159edsudk\u016f, je pr\u00e1v\u011b spole\u010dn\u00e9 p\u0159ed\u0161koln\u00ed vzd\u011bl\u00e1v\u00e1n\u00ed\u2026<br \/>\r\n<\/strong>V\u011b\u0159\u00edm v\u00a0to. A\u00a0stoj\u00ed na tom i\u00a0koncept na\u0161\u00ed d\u011btsk\u00e9 skupinky. Dok\u00e1\u017eu pochopit obavy, kter\u00e9 lid\u00e9 maj\u00ed z\u00a0nezn\u00e1m\u00e9ho, ale t\u00edm sp\u00ed\u0161 je d\u016fle\u017eit\u00e1 p\u0159\u00edm\u00e1 zku\u0161enost\u00a0a\u00a0pozn\u00e1v\u00e1n\u00ed lid\u00ed, a\u00a0to oboustrann\u011b. Pr\u00e1v\u011b proto jsme se rozhodli p\u0159ej\u00edt z\u00a0p\u0159ed\u0161koln\u00edho klubu jen pro znev\u00fdhodn\u011bn\u00e9 d\u011bti ke sm\u00ed\u0161en\u00e9mu kolektivu. Ve Slan\u00e9m toti\u017e nebyla mo\u017enost dostat na\u0161e klientsk\u00e9 d\u011bti do b\u011b\u017en\u00fdch \u0161kolek, skoro nikdo z\u00a0nich tam nem\u011bl trval\u00e9 bydli\u0161t\u011b a\u00a0voln\u00e9 kapacity nebyly. Tak jsme si \u0159ekli, \u017ee prost\u011b mus\u00edme n\u011bjak za\u0159\u00eddit, aby i\u00a0tyhle d\u011bti mohly za\u017e\u00edt norm\u00e1ln\u00ed zapojen\u00ed do spole\u010dnosti. Proto\u017ee pokud se d\u00edt\u011b poprv\u00e9 ocitne v\u00a0klasick\u00e9m kolektivu a\u017e v\u00a0prvn\u00ed t\u0159\u00edd\u011b, je to hrozn\u011b pozd\u011b a\u00a0je logick\u00e9, \u017ee se pak ve \u0161kole c\u00edt\u00ed \u00fapln\u011b ztracen\u00e9.\u00a0Z\u00a0Tos\u00e1rky, kde je hodn\u011b r\u016fznorod\u00fd kolektiv, m\u00e1me zku\u0161enost, \u017ee se d\u011bti kamar\u00e1d\u00ed nap\u0159\u00ed\u010d skupinami nebo n\u00e1rodnostmi. Je hezk\u00e9 pozorovat, jak se vz\u00e1jemn\u011b obohacuj\u00ed, a\u00a0v\u016fbec to nen\u00ed tak, \u017ee by z\u00a0toho t\u011b\u017eily jen d\u011bti z\u00a0m\u00e9n\u011b podn\u011btn\u00e9ho prost\u0159ed\u00ed. Pokud to m\u016f\u017eu trochu zobecnit, romsk\u00e9 d\u011bti t\u0159eba \u010dasto p\u0159in\u00e1\u0161ej\u00ed do kolektivu p\u0159irozen\u00fd smysl pro sd\u00edlen\u00ed a\u00a0spolupr\u00e1ci, co\u017e je pro spole\u010dn\u00fd \u017eivot ve \u0161kolce hodn\u011b p\u0159\u00ednosn\u00e9. Nejd\u016fle\u017eit\u011bj\u0161\u00ed je ale podle m\u011b to, \u017ee rozmanitost kolektivu buduje normalitu, se kterou pak d\u011bti a\u00a0mo\u017en\u00e1 i\u00a0rodi\u010de jdou d\u00e1l.<\/p>\r\n<p><strong>Jak identifikujete pot\u0159eby d\u011bt\u00ed a\u00a0rodin, kter\u00fdm pom\u00e1h\u00e1te?<\/strong><br \/>\r\nCo se t\u00fd\u010de krit\u00e9ri\u00ed p\u0159ijet\u00ed do slu\u017eby, ta se li\u0161\u00ed podle typu programu. Obecn\u011b p\u0159ij\u00edm\u00e1me ka\u017ed\u00e9ho, kdo n\u00e1s o\u00a0pomoc po\u017e\u00e1d\u00e1, pokud m\u00e1me kapacitu. Pot\u0159eby se v\u011bt\u0161inou to\u010d\u00ed kolem rozvoje d\u011bt\u00ed, podpory ve vzd\u011bl\u00e1v\u00e1n\u00ed, ve \u0161koln\u00ed p\u0159\u00edprav\u011b nebo v\u00a0komunikaci se \u0161kolou. A\u00a0t\u00e9m\u011b\u0159 nikdy se nest\u00e1v\u00e1, \u017ee by n\u00e1s kontaktovaly rodiny, kter\u00e9 na\u0161i pomoc nepot\u0159ebuj\u00ed. Nap\u0159\u00edklad u\u00a0d\u011btsk\u00e9 skupiny k\u00a0n\u00e1m neplat\u00edc\u00ed \u010d\u00e1st rodin p\u0159ich\u00e1z\u00ed v\u011bt\u0161inou z\u00a0jin\u00e9 slu\u017eby nebo p\u0159es OSPOD, co\u017e je vlastn\u011b na\u0161e podm\u00ednka. U\u00a0dou\u010dov\u00e1n\u00ed se zase oz\u00fdvaj\u00ed se zak\u00e1zkou \u0161koly. Kdy\u017e u\u017e s\u00a0rodinou za\u010dneme spolupracovat, sejdeme se a\u00a0v\u00a0r\u00e1mci rozhovor\u016f jej\u00ed pot\u0159eby je\u0161t\u011b up\u0159es\u0148ujeme. Z\u00e1kladem je v\u017edycky nejd\u0159\u00edv vybudovat d\u016fv\u011bru a\u00a0pak se \u010dasto objev\u00ed je\u0161t\u011b i\u00a0dal\u0161\u00ed t\u00e9mata, ne\u017e s\u00a0\u010d\u00edm t\u0159eba d\u00edt\u011b \u0161kola poslala. U\u00a0mal\u00fdch d\u011bt\u00ed zase m\u00e1me k\u00a0dispozici diagnostiku p\u0159ed\u0161koln\u00ed zralosti, na z\u00e1klad\u011b kter\u00e9 identifikujeme, na \u010dem m\u00e1me s\u00a0d\u00edt\u011btem pracovat. V\u011bt\u0161inou pak tvo\u0159\u00edme a\u00a0sledujeme n\u011bjak\u00fd individu\u00e1ln\u00ed pl\u00e1n s\u00a0c\u00edli, v\u00a0nich\u017e se chce d\u00edt\u011b nebo rodi\u010d posunout. Posun ale nen\u00ed z\u00e1visl\u00fd zdaleka jen na Tosa\u0159e, \u010dasto jsou ty pot\u00ed\u017ee tak komplexn\u00ed, \u017ee je skute\u010dn\u011b pot\u0159eba, aby se do \u0159e\u0161en\u00ed zapojilo co nejv\u00edc organizac\u00ed, od \u0161koly po pediatra. Kdy\u017e tahle spolupr\u00e1ce nefunguje nebo v\u00a0n\u00ed n\u011bjak\u00e1 slo\u017eka chyb\u00ed, co\u017e se samoz\u0159ejm\u011b st\u00e1v\u00e1, je mnohem slo\u017eit\u011bj\u0161\u00ed situaci zm\u011bnit. Lid\u00e9 se n\u00e1s \u010dasto ptaj\u00ed, jestli m\u00e1me n\u011bjak\u00e9 p\u0159\u00edklady dobr\u00e9 praxe u\u00a0d\u011bt\u00ed z\u00a0vylou\u010den\u00fdch lokalit, kter\u00e9 pro\u0161ly podp\u016frn\u00fdmi slu\u017ebami a\u00a0nyn\u00ed studuj\u00ed na st\u0159edn\u00ed \u0161kole. Bohu\u017eel jich zas tolik nen\u00ed\u00a0a\u00a0p\u0159ijde mi, \u017ee je to pr\u00e1v\u011b i\u00a0kv\u016fli rozt\u0159\u00ed\u0161t\u011bn\u00e9 podpo\u0159e. Ka\u017edop\u00e1dn\u011b ka\u017ed\u00fd mal\u00fd pokrok nebo jenom to, \u017ee se rodina d\u00e1l nepropad\u00e1, je super.<\/p>\r\n<p><strong>Jak\u00e9 jsou nejv\u011bt\u0161\u00ed probl\u00e9my ve vzd\u011bl\u00e1v\u00e1n\u00ed d\u011bt\u00ed ze znev\u00fdhodn\u011bn\u00fdch rodin?<\/strong><br \/>\r\nJednak jsou to podm\u00ednky, ve kter\u00fdch n\u011bkter\u00e9 d\u011bti vyr\u016fstaj\u00ed a&nbsp;kter\u00e9 nejsou pro p\u0159\u00edpravu do \u0161koly a&nbsp;kvalitn\u00ed vzd\u011bl\u00e1v\u00e1n\u00ed ide\u00e1ln\u00ed. Jsou u\u017e to takov\u00e1 kli\u0161\u00e9, ale kup\u0159\u00edkladu stabilita bydlen\u00ed nebo z\u00e1zem\u00ed skute\u010dn\u011b hraj\u00ed z\u00e1sadn\u00ed roli. P\u0159edstavte si, \u017ee cel\u00e1 po\u010detn\u00e1 rodina bydl\u00ed v\u00a0jedn\u00e9 m\u00edstnosti a\u00a0m\u00e1 k\u00a0dispozici pouze jeden st\u016fl, na kter\u00e9m se odehr\u00e1v\u00e1 v\u0161e. My nap\u0159\u00edklad, pokud je to mo\u017en\u00e9, doch\u00e1z\u00edme dou\u010dovat d\u011bti p\u0159\u00edmo dom\u016f. N\u011bkdy je tam ale tolik lid\u00ed, \u017ee je nemo\u017en\u00e9 se na cokoliv soust\u0159edit, a\u00a0p\u0159itom d\u011bti, kter\u00e9 maj\u00ed ve \u0161kole pot\u00ed\u017ee, by toho klidu pr\u00e1v\u011b pot\u0159ebovaly n\u00e1sobn\u011b v\u00edc. Pak hraj\u00ed roli finance, nap\u0159\u00edklad na \u0161koln\u00ed ob\u011bdy nebo sva\u010diny. A\u00a0tak\u00e9 men\u0161\u00ed kompetence rodi\u010d\u016f, kte\u0159\u00ed t\u0159eba d\u011btem nedok\u00e1\u017eou pomoct, proto\u017ee maj\u00ed sami ni\u017e\u0161\u00ed vzd\u011bl\u00e1n\u00ed anebo nev\u011bd\u00ed, jak se\u00a0s\u00a0d\u011btmi u\u010dit. To souvis\u00ed s\u00a0obecn\u011bj\u0161\u00edm probl\u00e9mem, \u017ee v\u00a0\u010cesk\u00e9 republice z\u00e1vis\u00ed \u0161koln\u00ed \u00fasp\u011b\u0161nost mnohem v\u00edce na soci\u00e1ln\u00edm statusu rodiny ne\u017e jinde. Syst\u00e9m u\u00a0n\u00e1s nen\u00ed nastaven\u00fd tak, aby nerovnosti vyrovn\u00e1val. St\u00e1le jsou i\u00a0n\u011bkter\u00e9 \u0161koly segregovan\u00e9, s\u00a0v\u011bt\u0161inou romsk\u00fdch d\u011bt\u00ed. Je toho v\u00edc. Vr\u00e1tila bych se ale na za\u010d\u00e1tek, ke v\u010dasn\u00e9 podpo\u0159e. Nejv\u011bt\u0161\u00ed probl\u00e9m je podle m\u011b pr\u00e1v\u011b v\u00a0tom, \u017ee vzd\u011bl\u00e1v\u00e1n\u00ed d\u011bt\u00ed se za\u010d\u00edn\u00e1 po\u0159\u00e1dn\u011b \u0159e\u0161it a\u017e na z\u00e1kladce, kam ty d\u011bti ale u\u017e chod\u00ed nep\u0159ipraven\u00e9 z\u00a0d\u016fvod\u016f, o\u00a0kter\u00fdch jsme se bavily. Pokud by se v\u0161em dostalo podpory minim\u00e1ln\u011b na \u00farovni \u0161kolky plus by t\u0159eba fungovala v\u011bt\u0161\u00ed kooperace mate\u0159sk\u00fdch a\u00a0z\u00e1kladn\u00edch \u0161kol, co se t\u00fd\u010de p\u0159ed\u00e1v\u00e1n\u00ed informac\u00ed o\u00a0d\u011btech, \u010d\u00e1st probl\u00e9m\u016f by ubyla.<\/p>\r\n<p><strong>Jak\u00e9 syst\u00e9mov\u00e9 zm\u011bny by mohly zlep\u0161it p\u0159\u00edstup d\u011bt\u00ed ze znev\u00fdhodn\u011bn\u00fdch rodin ke vzd\u011bl\u00e1v\u00e1n\u00ed a\u00a0volno\u010dasov\u00fdm aktivit\u00e1m?<\/strong><br \/>\r\nKoordinovan\u00e1 v\u010dasn\u00e1 podpora, kterou jsem ji\u017e n\u011bkolikr\u00e1t zm\u00ednila, je kl\u00ed\u010dov\u00e1. Konkr\u00e9tn\u011b by mohl situaci zlep\u0161it dlouho chystan\u00fd z\u00e1kon o\u00a0ochran\u011b d\u011bt\u00ed a\u00a0podpo\u0159e rodin, v\u00a0jeho\u017e p\u0159ipom\u00ednkov\u00e1n\u00ed se mimochodem Platforma pro v\u010dasnou p\u00e9\u010di tak\u00e9 anga\u017eovala. Obsahuje \u0159adu bod\u016f t\u00fdkaj\u00edc\u00edch se propojen\u00ed zdravotn\u00ed, soci\u00e1ln\u00ed a\u00a0vzd\u011bl\u00e1vac\u00ed podpory ohro\u017een\u00fdch rodin, podp\u016frn\u00fdch pozic na \u00farovni M\u0160, povinnosti zajistit dostate\u010dn\u00e9 kapacity pro p\u0159ed\u0161koln\u00ed vzd\u011bl\u00e1v\u00e1n\u00ed na \u00farovni obc\u00ed\u00a0a\u00a0podobn\u011b. Aktu\u00e1ln\u011b se taky \u0159e\u0161\u00ed t\u0159eba zaveden\u00ed pozice soci\u00e1ln\u00edho pedagoga mezi pedagogick\u00e9 pracovn\u00edky. V\u00a0Tosa\u0159e m\u016f\u017eeme porovn\u00e1vat mezi Prahou 7, kde soci\u00e1ln\u00ed pedagogov\u00e9 p\u016fsob\u00ed, a\u00a0Slan\u00fdm, kde socped nen\u00ed, pokud se nepletu, na \u017e\u00e1dn\u00e9 \u0161kole. A\u00a0p\u0159ipad\u00e1 n\u00e1m, \u017ee tato pozice je hrozn\u011b d\u016fle\u017eit\u00e1 jako prost\u0159edn\u00edk mezi d\u00edt\u011btem, \u0161kolou a\u00a0dal\u0161\u00edmi subjekty. N\u011bkdo, kdo m\u00e1 \u010das a\u00a0um\u00ed \u0159e\u0161it soci\u00e1ln\u00ed pot\u0159eby \u017e\u00e1ka, kter\u00e9 jsou v\u011bt\u0161inou dost d\u016fle\u017eit\u00e9 pro \u00fasp\u011b\u0161n\u00e9 vzd\u011bl\u00e1v\u00e1n\u00ed. Ide\u00e1ln\u00ed by bylo ji zav\u00e9st i\u00a0v\u00a0mate\u0159ink\u00e1ch.<\/p>\r\n<p><strong>V\u00a0tomto prost\u0159ed\u00ed se pohybujete u\u017e dlouho. Zm\u011bnily se v\u00a0pr\u016fb\u011bhu let va\u0161e n\u00e1zory nebo pohled na n\u011bkter\u00e9 v\u011bci?<br \/>\r\n<\/strong>Z\u00e1kladn\u00ed p\u0159esv\u011bd\u010den\u00ed, \u017ee v\u0161echny d\u011bti maj\u00ed pr\u00e1vo naplnit sv\u016fj potenci\u00e1l, bez ohledu na to, z\u00a0jak\u00e9ho prost\u0159ed\u00ed poch\u00e1zej\u00ed, a\u00a0\u017ee jedna z\u00a0cest k\u00a0tomu je porozum\u011bn\u00ed, ur\u010dit\u011b z\u016fst\u00e1vaj\u00ed. S\u00a0t\u00edm, jak p\u0159ib\u00fdvaj\u00ed zku\u0161enosti, v\u00fdzkumn\u00e1 data a\u00a0\u010dlov\u011bk je sou\u010d\u00e1st\u00ed t\u00e9 diskuze, jsem \u010d\u00edm d\u00e1l v\u00edc p\u0159esv\u011bd\u010den\u00e1, \u017ee bez v\u010dasn\u00e9 a\u00a0koordinovan\u00e9 podpory se pomoc ohro\u017een\u00fdm rodin\u00e1m neobejde.<\/p>\r\n<hr \/>\r\n<p><em>Jana Rej\u017ekov\u00e1 vystudovala obory sociologie a&nbsp;soci\u00e1ln\u00ed politika (FSV UK) a&nbsp;romistika (FF UK), kde byla tak\u00e9 zalo\u017eena neziskov\u00e1 organizace Tosara, kterou dnes vede. Dlouhodob\u011b se pohybuje v&nbsp;neziskov\u00e9 sf\u00e9\u0159e v&nbsp;oblasti romsk\u00e9 tematiky a&nbsp;rozvoje a&nbsp;vzd\u011bl\u00e1v\u00e1n\u00ed soci\u00e1ln\u011b ohro\u017een\u00fdch d\u011bt\u00ed, jako projektov\u00e1 mana\u017eerka, grantov\u00e1 fundraiserka a&nbsp;pedago\u017eka voln\u00e9ho \u010dasu. P\u016fsobila tak\u00e9 v&nbsp;soci\u00e1ln\u011b-politick\u00e9m v\u00fdzkumu. Je \u010dlenkou odborn\u00e9 rady Platformy pro v\u010dasnou p\u00e9\u010di.<\/em><\/p>\r\n<p>&nbsp;<\/p>\r\n<p><a href=\"https:\/\/www.praha7.cz\/cesta-k-rovnym-sancim\/jana_rejz%e2%95%a0ikova%e2%95%a0u-6504\/\" rel=\"attachment wp-att-82166\"><img loading=\"lazy\" src=\"https:\/\/www.praha7.cz\/wp-content\/uploads\/2025\/02\/Jana_Rejz\u2560ikova\u2560u-6504.jpg\" alt=\"\" width=\"778\" height=\"1167\" class=\"alignnone wp-image-82166 size-full\" srcset=\"https:\/\/www.praha7.cz\/wp-content\/uploads\/2025\/02\/Jana_Rejz\u2560ikova\u2560u-6504.jpg 778w, https:\/\/www.praha7.cz\/wp-content\/uploads\/2025\/02\/Jana_Rejz\u2560ikova\u2560u-6504-267x400.jpg 267w, https:\/\/www.praha7.cz\/wp-content\/uploads\/2025\/02\/Jana_Rejz\u2560ikova\u2560u-6504-667x1000.jpg 667w, https:\/\/www.praha7.cz\/wp-content\/uploads\/2025\/02\/Jana_Rejz\u2560ikova\u2560u-6504-768x1152.jpg 768w\" sizes=\"(max-width: 778px) 100vw, 778px\" \/><\/a><\/p>","protected":false},"excerpt":{"rendered":"[perex] \u201eV\u0161ichni maj\u00ed pr\u00e1vo na stejn\u00e9 vzd\u011bl\u00e1n\u00ed, bez ohledu na to, z&nbsp;jak\u00fdch podm\u00ednek poch\u00e1zej\u00ed,\u201c \u0159\u00edk\u00e1 Jana Rej\u017ekov\u00e1, \u0159editelka organizace Tosara, kter\u00e1 t\u00e9m\u011b\u0159 20 let vytv\u00e1\u0159\u00ed otev\u0159en\u00e9 prost\u0159ed\u00ed pro rozvoj a\u00a0vzd\u011bl\u00e1v\u00e1n\u00ed d\u011bt\u00ed \u017eij\u00edc\u00edch v\u00a0soci\u00e1ln\u011b nep\u0159\u00edzniv\u00fdch podm\u00ednk\u00e1ch. D\u011btsk\u00e1 skupina Tos\u00e1rka, je\u017e na Sedmi\u010dce funguje u\u017e v\u00edce ne\u017e dva roky, nab\u00edz\u00ed v\u0161em d\u011btem p\u0159\u00e1telsk\u00e9, bezpe\u010dn\u00e9 a\u00a0rozmanit\u00e9 prost\u0159ed\u00ed. Jak\u00fdm [&hellip;]","protected":false},"author":76,"featured_media":82165,"comment_status":"closed","ping_status":"open","sticky":false,"template":"","format":"standard","meta":[],"categories":[37],"tags":[],"_links":{"self":[{"href":"https:\/\/www.praha7.cz\/api\/wp\/v2\/posts\/82164"}],"collection":[{"href":"https:\/\/www.praha7.cz\/api\/wp\/v2\/posts"}],"about":[{"href":"https:\/\/www.praha7.cz\/api\/wp\/v2\/types\/post"}],"author":[{"embeddable":true,"href":"https:\/\/www.praha7.cz\/api\/wp\/v2\/users\/76"}],"replies":[{"embeddable":true,"href":"https:\/\/www.praha7.cz\/api\/wp\/v2\/comments?post=82164"}],"version-history":[{"count":3,"href":"https:\/\/www.praha7.cz\/api\/wp\/v2\/posts\/82164\/revisions"}],"predecessor-version":[{"id":82169,"href":"https:\/\/www.praha7.cz\/api\/wp\/v2\/posts\/82164\/revisions\/82169"}],"wp:featuredmedia":[{"embeddable":true,"href":"https:\/\/www.praha7.cz\/api\/wp\/v2\/media\/82165"}],"wp:attachment":[{"href":"https:\/\/www.praha7.cz\/api\/wp\/v2\/media?parent=82164"}],"wp:term":[{"taxonomy":"category","embeddable":true,"href":"https:\/\/www.praha7.cz\/api\/wp\/v2\/categories?post=82164"},{"taxonomy":"post_tag","embeddable":true,"href":"https:\/\/www.praha7.cz\/api\/wp\/v2\/tags?post=82164"}],"curies":[{"name":"wp","href":"https:\/\/api.w.org\/{rel}","templated":true}]}}