    
{"id":82156,"date":"2025-02-10T13:39:21","date_gmt":"2025-02-10T12:39:21","guid":{"rendered":"https:\/\/www.praha7.cz\/?p=82156"},"modified":"2025-03-01T07:29:57","modified_gmt":"2025-03-01T06:29:57","slug":"hledame-reditele-reditelku-pecovatelskeho-centra-praha-7","status":"publish","type":"post","link":"https:\/\/www.praha7.cz\/hledame-reditele-reditelku-pecovatelskeho-centra-praha-7\/","title":{"rendered":"Hled\u00e1me \u0159editele\/\u0159editelku Pe\u010dovatelsk\u00e9ho centra Praha&nbsp;7"},"content":{"rendered":"<p>[perex]<\/p>\r\n<p><a href=\"https:\/\/www.pecovatelskecentrum.cz\/\" target=\"_blank\" rel=\"noopener\">Pe\u010dovatelsk\u00e9 centrum Praha&nbsp;7<\/a> ji\u017e dlouh\u00e9 roky pom\u00e1h\u00e1 senior\u016fm, zdravotn\u011b posti\u017een\u00fdm, v\u00e1\u017en\u011b nemocn\u00fdm i&nbsp;t\u011bm, kte\u0159\u00ed o&nbsp;n\u011b pe\u010duj\u00ed. Pro tuto tradi\u010dn\u00ed p\u0159\u00edsp\u011bvkovou organizaci nyn\u00ed hled\u00e1me vhodn\u00e9ho uchaze\u010de na pozici \u0159editel\/\u0159editelka. Jsou soci\u00e1ln\u00ed a&nbsp;komunitn\u00ed slu\u017eby va\u0161\u00edm posl\u00e1n\u00edm? M\u00e1te mana\u017eersk\u00e9 schopnosti a&nbsp;zku\u0161enosti odpov\u00eddaj\u00edc\u00ed veden\u00ed st\u0159edn\u011b velk\u00e9 p\u0159\u00edsp\u011bvkov\u00e9 organizace? Chcete se st\u00e1t sou\u010d\u00e1st\u00ed t\u00fdmu profesion\u00e1l\u016f se srdcem na prav\u00e9m m\u00edst\u011b a&nbsp;pod\u00e1vat pomocnou ruku t\u011bm, kter\u00fdm u\u017e s\u00edly nesta\u010d\u00ed? Nev\u00e1hejte a&nbsp;p\u0159ihlaste se do na\u0161eho v\u00fdb\u011brov\u00e9ho \u0159\u00edzen\u00ed.<\/p>\r\n<p>[\/perex]<\/p>\r\n<h4>Kvalifika\u010dn\u00ed p\u0159edpoklady:<\/h4>\r\n<p>a)\u00a0\u00a0\u00a0\u00a0\u00a0 Minim\u00e1ln\u011b 5 let zku\u0161enost\u00ed s\u00a0veden\u00edm t\u00fdmu, ide\u00e1ln\u011b s\u00a0veden\u00edm st\u0159edn\u00edho nebo vy\u0161\u0161\u00edho managementu st\u0159edn\u00ed organizace, zku\u0161enost s\u00a0neziskovou organizac\u00ed v\u00fdhodou<\/p>\r\n<p>b)\u00a0\u00a0\u00a0\u00a0\u00a0 Vysoko\u0161kolsk\u00e9 vzd\u011bl\u00e1n\u00ed odpov\u00eddaj\u00edc\u00ed kvalifikaci soci\u00e1ln\u00edho pracovn\u00edka nebo vysoko\u0161kolsk\u00e9 vzd\u011bl\u00e1n\u00ed humanitn\u00edho, ekonomick\u00e9ho nebo pr\u00e1vnick\u00e9ho zam\u011b\u0159en\u00ed<\/p>\r\n<p>c)\u00a0\u00a0\u00a0\u00a0\u00a0 Min. t\u0159\u00edlet\u00e1 praxe v\u00a0organizaci poskytuj\u00edc\u00ed soci\u00e1ln\u00ed slu\u017eby, slu\u017eby pro rodinu \u010di komunitn\u00ed slu\u017eby<\/p>\r\n<p>d)\u00a0\u00a0\u00a0\u00a0 Mor\u00e1ln\u00ed bez\u00fahonnost, vyzr\u00e1l\u00fd leadership navazuj\u00edc\u00ed na st\u00e1vaj\u00edc\u00ed situaci organizace<\/p>\r\n<p>e)\u00a0\u00a0\u00a0\u00a0\u00a0 Orientace v\u00a0legislativ\u011b t\u00fdkaj\u00edc\u00ed se soci\u00e1ln\u00edch slu\u017eeb a&nbsp;p\u0159\u00edsp\u011bvkov\u00e9 organizace<\/p>\r\n<p>&nbsp;<\/p>\r\n<h4>Nab\u00edz\u00edme:<\/h4>\r\n<p>a)\u00a0\u00a0\u00a0\u00a0\u00a0 Plat odpov\u00eddaj\u00edc\u00ed pozici \u0159editele\/\u0159editelky p\u0159\u00edsp\u011bvkov\u00e9 organizace a&nbsp;zku\u0161enostem kandid\u00e1ta\/kandid\u00e1tky (osobn\u00ed p\u0159\u00edplatek a\u017e do 100% tarifu)<\/p>\r\n<p>b)\u00a0\u00a0\u00a0\u00a0\u00a0 5 t\u00fddn\u016f dovolen\u00e9, 4 dny sick days<\/p>\r\n<p>c)\u00a0\u00a0\u00a0\u00a0\u00a0 p\u0159\u00edle\u017eitost aktivn\u011b se pod\u00edlet na chodu a&nbsp;rozvoji organizace komunitn\u00edho charakteru<\/p>\r\n<p>d)\u00a0\u00a0\u00a0\u00a0 podporu a&nbsp;z\u00e1zem\u00ed zaveden\u00e9 organizace<\/p>\r\n<p>e)\u00a0\u00a0\u00a0\u00a0\u00a0 supervize t\u00fdmov\u00e9, v\u010d. mo\u017enosti individu\u00e1ln\u00ed<\/p>\r\n<p>f)\u00a0\u00a0\u00a0\u00a0\u00a0\u00a0 mo\u017enost dal\u0161\u00edho vzd\u011bl\u00e1v\u00e1n\u00ed a&nbsp;seberozvoje<\/p>\r\n<p>g)\u00a0\u00a0\u00a0\u00a0\u00a0 p\u0159\u00edjemn\u00e9 a&nbsp;vst\u0159\u00edcn\u00e9 pracovn\u00ed prost\u0159ed\u00ed na \u00fazem\u00ed Prahy&nbsp;7<\/p>\r\n<p>h)\u00a0\u00a0\u00a0\u00a0\u00a0 p\u0159\u00edsp\u011bvek na stravn\u00e9, p\u0159\u00edsp\u011bvek na produkty na st\u00e1\u0159\u00ed<\/p>\r\n<p>i)\u00a0\u00a0\u00a0\u00a0\u00a0\u00a0\u00a0 vst\u0159\u00edcn\u00fd pracovn\u00ed kolektiv<\/p>\r\n<p>&nbsp;<\/p>\r\n<h4>Od nov\u011b nastupuj\u00edc\u00ed \u0159editelky \/ nastupuj\u00edc\u00edho \u0159editele o\u010dek\u00e1v\u00e1me:<\/h4>\r\n<p>a)\u00a0\u00a0\u00a0\u00a0\u00a0 P\u0159ijet\u00ed hodnotov\u00e9ho a&nbsp;etick\u00e9ho nastaven\u00ed organizace, kter\u00e9 spo\u010d\u00edv\u00e1 zejm\u00e9na v\u00a0respektu ke klient\u016fm i&nbsp;zam\u011bstnanc\u016fm, podporuje d\u016fstojnost klient\u016f i&nbsp;zam\u011bstnanc\u016f a&nbsp;sm\u011b\u0159uje k\u00a0hled\u00e1n\u00ed \u0159e\u0161en\u00ed v\u00a0individu\u00e1ln\u00edch situac\u00edch klient\u016f<\/p>\r\n<p>b)\u00a0\u00a0\u00a0\u00a0\u00a0 Nav\u00e1z\u00e1n\u00ed na\u00a0zapo\u010dat\u00fd rozvoj st\u00e1vaj\u00edc\u00edch slu\u017eeb<\/p>\r\n<p>c)\u00a0\u00a0\u00a0\u00a0\u00a0 Spolupr\u00e1ci s\u00a0M\u010c Praha&nbsp;7<\/p>\r\n<p>d)\u00a0\u00a0\u00a0\u00a0 Mana\u017eersk\u00e9 schopnosti a&nbsp;zku\u0161enosti odpov\u00eddaj\u00edc\u00ed veden\u00ed st\u0159edn\u011b velk\u00e9 p\u0159\u00edsp\u011bvkov\u00e9 organizace<\/p>\r\n<p>&nbsp;<\/p>\r\n<p>Z\u00e1jemci\/z\u00e1jemkyn\u011b o&nbsp;pozici spl\u0148uj\u00edc\u00ed dan\u00e1 krit\u00e9ria mohou zas\u00edlat p\u0159ihl\u00e1\u0161ku do v\u00fdb\u011brov\u00e9ho \u0159\u00edzen\u00ed, \u00fa\u0159edn\u011b ov\u011b\u0159enou kopii dokladu o&nbsp;nejvy\u0161\u0161\u00edm dosa\u017een\u00e9m vzd\u011bl\u00e1n\u00ed, motiva\u010dn\u00ed dopis a&nbsp;profesn\u00ed \u017eivotopis s&nbsp;p\u0159ehledem praxe, kontakt na t\u0159i referen\u010dn\u00ed osoby a&nbsp;aktu\u00e1ln\u00ed v\u00fdpis z&nbsp;rejst\u0159\u00edku trest\u016f, ne star\u0161\u00ed 3 m\u011bs\u00edc\u016f.<\/p>\r\n<p>V\u0161echny uveden\u00e9 n\u00e1le\u017eitosti mus\u00ed b\u00fdt dod\u00e1ny po\u0161tou (rozhoduje raz\u00edtko podac\u00ed po\u0161ty), \u010di osobn\u011b na adresu: M\u011bstsk\u00e1 \u010d\u00e1st Praha&nbsp;7, U&nbsp;Pr\u016fhonu 1338\/38, Praha&nbsp;7, v&nbsp;uzav\u0159en\u00e9 ob\u00e1lce, a&nbsp;to nejpozd\u011bji do 28.&nbsp;2.&nbsp;2025 do 14.00.<\/p>\r\n<p>Ob\u00e1lku ozna\u010dte slovy: \u201eV\u00ddB\u011aROV\u00c9 \u0158\u00cdZEN\u00cd \u2013 \u0158EDITEL\/KA \u2013 PE\u010cOVATELSK\u00c9 CENTRUM PRAHA&nbsp;7 \u2013 NEOTV\u00cdRAT\u201c.<\/p>\r\n<p>&nbsp;<\/p>\r\n<hr \/>\r\n<p><a href=\"https:\/\/www.pecovatelskecentrum.cz\/\" target=\"_blank\" rel=\"noopener\"><strong>Pe\u010dovatelsk\u00e9 centrum Praha&nbsp;7<\/strong><\/a> (d\u00e1le PCP7) je komunitn\u00ed p\u0159\u00edsp\u011bvkovou organizac\u00ed z\u0159\u00edzenou M\u010cP7 s&nbsp;\u00fa\u010delem poskytov\u00e1n\u00ed soci\u00e1ln\u00edch slu\u017eeb. PCP7 m\u00e1 registrovan\u00e9 t\u0159i soci\u00e1ln\u00ed slu\u017eby \u2013 pe\u010dovatelskou slu\u017ebu, denn\u00ed stacion\u00e1\u0159 a&nbsp;pobytovou odleh\u010dovac\u00ed slu\u017ebu, d\u00e1le m\u00e1 st\u0159edisko poradenstv\u00ed, kter\u00e9 v&nbsp;tuto chv\u00edli nen\u00ed registrovanou soci\u00e1ln\u00ed slu\u017ebou.<\/p>\r\n<p>Organizace m\u00e1 stabiln\u00ed mechanismy \u0159\u00edzen\u00ed, sou\u010dasn\u00e1 \u0159editelka odch\u00e1z\u00ed z&nbsp;vlastn\u00edho rozhodnut\u00ed po 8 letech veden\u00ed organizace. Pozice vy\u0161\u0161\u00edho veden\u00ed a&nbsp;st\u0159edn\u00edho managementu jsou obsazen\u00e9. Organizace hospoda\u0159\u00ed dlouhodob\u011b vyrovnan\u011b, zdroji financov\u00e1n\u00ed jsou platby klient\u016f, p\u0159\u00edsp\u011bvek M\u010cP7, st\u00e1tn\u00ed a&nbsp;krajsk\u00e9 dotace, rozvojov\u00e9 aktivity jsou \u010d\u00e1ste\u010dn\u011b financovan\u00e9 z&nbsp;projektu EU a&nbsp;dal\u0161\u00edch nada\u010dn\u00edch zdroj\u016f. Organizace rozv\u00edj\u00ed soci\u00e1ln\u00ed slu\u017eby v&nbsp;souladu se strategick\u00fdmi dokumenty m\u011bstsk\u00e9 \u010d\u00e1sti Praha&nbsp;7, hlavn\u00edho m\u011bsta Prahy i&nbsp;se strategiemi vyd\u00e1van\u00fdmi Ministerstvem pr\u00e1ce a&nbsp;soci\u00e1ln\u00edch v\u011bc\u00ed.<\/p>\r\n<p>Pe\u010dovatelsk\u00e9 centrum Praha&nbsp;7 je ambici\u00f3zn\u00ed organizac\u00ed, kter\u00e1 se sna\u017e\u00ed poskytovat dlouhodob\u011b profesion\u00e1ln\u00ed slu\u017eby v&nbsp;co nejvy\u0161\u0161\u00ed kvalit\u011b a&nbsp;reagovat adekv\u00e1tn\u011b na pot\u0159eby komunity Prahy&nbsp;7 i&nbsp;hlavn\u00edho m\u011bsta Prahy.<\/p>\r\n<p>Po p\u0159ihl\u00e1\u0161en\u00ed do v\u00fdb\u011brov\u00e9ho \u0159\u00edzen\u00ed je po domluv\u011b mo\u017en\u00e9 poskytnout podrobn\u011bj\u0161\u00ed informace od <a href=\"https:\/\/www.pecovatelskecentrum.cz\/kontakty\/\" target=\"_blank\" rel=\"noopener\">veden\u00ed PCP7 v\u010detn\u011b sou\u010dasn\u00e9 \u0159editelky<\/a>.<\/p>","protected":false},"excerpt":{"rendered":"[perex] Pe\u010dovatelsk\u00e9 centrum Praha&nbsp;7 ji\u017e dlouh\u00e9 roky pom\u00e1h\u00e1 senior\u016fm, zdravotn\u011b posti\u017een\u00fdm, v\u00e1\u017en\u011b nemocn\u00fdm i&nbsp;t\u011bm, kte\u0159\u00ed o&nbsp;n\u011b pe\u010duj\u00ed. Pro tuto tradi\u010dn\u00ed p\u0159\u00edsp\u011bvkovou organizaci nyn\u00ed hled\u00e1me vhodn\u00e9ho uchaze\u010de na pozici \u0159editel\/\u0159editelka. Jsou soci\u00e1ln\u00ed a&nbsp;komunitn\u00ed slu\u017eby va\u0161\u00edm posl\u00e1n\u00edm? M\u00e1te mana\u017eersk\u00e9 schopnosti a&nbsp;zku\u0161enosti odpov\u00eddaj\u00edc\u00ed veden\u00ed st\u0159edn\u011b velk\u00e9 p\u0159\u00edsp\u011bvkov\u00e9 organizace? Chcete se st\u00e1t sou\u010d\u00e1st\u00ed t\u00fdmu profesion\u00e1l\u016f se srdcem na prav\u00e9m [&hellip;]","protected":false},"author":251,"featured_media":82183,"comment_status":"closed","ping_status":"open","sticky":false,"template":"","format":"standard","meta":[],"categories":[34],"tags":[118],"_links":{"self":[{"href":"https:\/\/www.praha7.cz\/api\/wp\/v2\/posts\/82156"}],"collection":[{"href":"https:\/\/www.praha7.cz\/api\/wp\/v2\/posts"}],"about":[{"href":"https:\/\/www.praha7.cz\/api\/wp\/v2\/types\/post"}],"author":[{"embeddable":true,"href":"https:\/\/www.praha7.cz\/api\/wp\/v2\/users\/251"}],"replies":[{"embeddable":true,"href":"https:\/\/www.praha7.cz\/api\/wp\/v2\/comments?post=82156"}],"version-history":[{"count":8,"href":"https:\/\/www.praha7.cz\/api\/wp\/v2\/posts\/82156\/revisions"}],"predecessor-version":[{"id":82199,"href":"https:\/\/www.praha7.cz\/api\/wp\/v2\/posts\/82156\/revisions\/82199"}],"wp:featuredmedia":[{"embeddable":true,"href":"https:\/\/www.praha7.cz\/api\/wp\/v2\/media\/82183"}],"wp:attachment":[{"href":"https:\/\/www.praha7.cz\/api\/wp\/v2\/media?parent=82156"}],"wp:term":[{"taxonomy":"category","embeddable":true,"href":"https:\/\/www.praha7.cz\/api\/wp\/v2\/categories?post=82156"},{"taxonomy":"post_tag","embeddable":true,"href":"https:\/\/www.praha7.cz\/api\/wp\/v2\/tags?post=82156"}],"curies":[{"name":"wp","href":"https:\/\/api.w.org\/{rel}","templated":true}]}}