    
{"id":82142,"date":"2025-02-10T10:58:30","date_gmt":"2025-02-10T09:58:30","guid":{"rendered":"https:\/\/www.praha7.cz\/?p=82142"},"modified":"2026-03-12T14:41:50","modified_gmt":"2026-03-12T13:41:50","slug":"praha-7-pomaha-devatakum-s-pripravou-na-prijimacky","status":"publish","type":"post","link":"https:\/\/www.praha7.cz\/praha-7-pomaha-devatakum-s-pripravou-na-prijimacky\/","title":{"rendered":"Praha&nbsp;7 pom\u00e1h\u00e1 dev\u00e1\u0165\u00e1k\u016fm s&nbsp;p\u0159\u00edpravou na p\u0159ij\u00edma\u010dky"},"content":{"rendered":"<p>[perex]<\/p>\r\n<p>Do 20.&nbsp;\u00fanora 2025 pod\u00e1vaj\u00ed \u017e\u00e1ci po cel\u00e9 republice p\u0159ihl\u00e1\u0161ky na st\u0159edn\u00ed \u0161koly. Obdob\u00ed p\u0159ed p\u0159ij\u00edmac\u00edmi zkou\u0161kami op\u011bt prov\u00e1z\u00ed mnoho obav a&nbsp;nejistot. Na konci ledna si \u017e\u00e1ci mohli poprv\u00e9 vyzkou\u0161et celost\u00e1tn\u00ed P\u0159ij\u00edma\u010dky nane\u010disto. P\u0159edev\u0161\u00edm v\u00fdsledky z&nbsp;matematiky v\u0161ak nedopadly dob\u0159e a&nbsp;mnoz\u00ed u\u010ditel\u00e9 kritizuj\u00ed p\u0159\u00edli\u0161nou n\u00e1ro\u010dnost test\u016f, kter\u00e1 je\u0161t\u011b v\u00edce zv\u00fd\u0161ila enormn\u00ed tlak, jemu\u017e d\u011bti i&nbsp;cel\u00e9 rodiny p\u0159ed p\u0159ij\u00edmac\u00edmi zkou\u0161kami \u010del\u00ed. Praha&nbsp;7 se sna\u017e\u00ed podat pomocnou ruku. Od za\u010d\u00e1tku tohoto roku m\u011bstsk\u00e1 \u010d\u00e1st po\u0159\u00e1d\u00e1 pro \u017e\u00e1ky dev\u00e1t\u00fdch t\u0159\u00edd ze v\u0161ech sv\u00fdch z\u00e1kladn\u00edch \u0161kol p\u0159\u00edpravu na p\u0159ij\u00edma\u010dky zdarma. V&nbsp;p\u011bti term\u00ednech prob\u011bhnou tak\u00e9 dal\u0161\u00ed bezplatn\u00e9 Zkou\u0161ky na zkou\u0161ku. Zvl\u00e1dnout toto n\u00e1ro\u010dn\u00e9 obdob\u00ed d\u011btem intenzivn\u011b pom\u00e1haj\u00ed i&nbsp;soci\u00e1ln\u00ed pedagogov\u00e9.<\/p>\r\n<p>[\/perex]<\/p>\r\n<p><em>\u201eV Praze 7 se dlouhodob\u011b sna\u017e\u00edme vyrovn\u00e1vat \u0161ance d\u011bt\u00ed na vzd\u011bl\u00e1n\u00ed. Ji\u017e \u010dtvrt\u00fdm rokem se u&nbsp;n\u00e1s na radnici konaj\u00ed bezplatn\u00e9 Zkou\u0161ky na zkou\u0161ku a&nbsp;letos jsme uspo\u0159\u00e1dali t\u0159\u00edm\u011bs\u00ed\u010dn\u00ed p\u0159\u00edpravn\u00e9 kurzy pro dev\u00e1\u0165\u00e1ky zdarma. Reagujeme tak na nef\u00e9rov\u011b nastaven\u00fd syst\u00e9m p\u0159ij\u00edmac\u00edch zkou\u0161ek, kter\u00fd sp\u00ed\u0161e ne\u017e schopnosti a&nbsp;v\u011bdomosti \u017e\u00e1k\u016f testuje schopnost rodiny zajistit d\u011btem drahou p\u0159\u00edpravu,\u201c<\/em> uvedl <strong><em>starosta Prahy&nbsp;7 Jan \u010ci\u017einsk\u00fd<\/em><\/strong> a&nbsp;dod\u00e1v\u00e1: <em>\u201eP\u0159\u00edpravky na na\u0161ich \u0161kol\u00e1ch m\u011b p\u0159im\u011bly opr\u00e1\u0161it i&nbsp;mou u\u010ditelskou profesi. Dohodli jsme se, \u017ee kdy\u017e u\u010ditel\u00e9, kte\u0159\u00ed ob\u011btav\u011b ka\u017ed\u00fd t\u00fdden p\u0159\u00edpravn\u00e9 kurzy vedou, budou n\u011bkdy pot\u0159ebovat pomoct, r\u00e1d za n\u011b zasko\u010d\u00edm. Ta p\u0159\u00edle\u017eitost se naskytla ji\u017e p\u0159ed koncem pololet\u00ed. Kdy\u017e na \u0161kol\u00e1ch prob\u00edhaly pedagogick\u00e9 rady, pom\u00e1hal jsem d\u011btem s\u00a0p\u0159\u00edpravou na p\u0159ij\u00edma\u010dky z\u00a0matematiky.\u201c<\/em><\/p>\r\n<p>&nbsp;<\/p>\r\n<p><img loading=\"lazy\" src=\"https:\/\/www.praha7.cz\/wp-content\/uploads\/2025\/02\/pripravka-prijimacky_detail-tabule-1500x931.jpg\" alt=\"\" width=\"640\" height=\"397\" class=\"alignnone size-large wp-image-82144\" srcset=\"https:\/\/www.praha7.cz\/wp-content\/uploads\/2025\/02\/pripravka-prijimacky_detail-tabule-1500x931.jpg 1500w, https:\/\/www.praha7.cz\/wp-content\/uploads\/2025\/02\/pripravka-prijimacky_detail-tabule-600x372.jpg 600w, https:\/\/www.praha7.cz\/wp-content\/uploads\/2025\/02\/pripravka-prijimacky_detail-tabule-768x477.jpg 768w, https:\/\/www.praha7.cz\/wp-content\/uploads\/2025\/02\/pripravka-prijimacky_detail-tabule-1536x954.jpg 1536w, https:\/\/www.praha7.cz\/wp-content\/uploads\/2025\/02\/pripravka-prijimacky_detail-tabule-2048x1271.jpg 2048w\" sizes=\"(max-width: 640px) 100vw, 640px\" \/><\/p>\r\n<p>&nbsp;<\/p>\r\n<p>Bezplatn\u00e9 p\u0159\u00edpravn\u00e9 kurzy na p\u0159ij\u00edmac\u00ed zkou\u0161ky prob\u00edhaj\u00ed na z\u00e1kladn\u00edch \u0161kol\u00e1ch Prahy&nbsp;7 od za\u010d\u00e1tku ledna do konce b\u0159ezna tohoto roku. \u017d\u00e1ci kurzy nav\u0161t\u011bvuj\u00ed dvakr\u00e1t t\u00fddn\u011b, ka\u017ed\u00fd t\u00fdden tak absolvuj\u00ed dv\u011b hodiny \u010desk\u00e9ho jazyka a&nbsp;dv\u011b hodiny matematiky. Do kurz\u016f doch\u00e1z\u00ed zhruba 130 dev\u00e1\u0165\u00e1k\u016f. V\u011bt\u0161ina se p\u0159ihl\u00e1sila ji\u017e na podzim minul\u00e9ho roku, ale z\u00e1jemci p\u0159ib\u00fdvali i&nbsp;v\u00a0pr\u016fb\u011bhu ledna. Lekto\u0159i s\u00a0\u017e\u00e1ky proch\u00e1zej\u00ed cel\u00e9 testy a&nbsp;z\u00e1rove\u0148 se podrobn\u011bji zam\u011b\u0159uj\u00ed na problematick\u00e9 \u010d\u00e1sti, \u201echyt\u00e1ky\u201c \u010di oblasti u\u010diva, kter\u00e9 d\u011btem \u010din\u00ed nejv\u011bt\u0161\u00ed obt\u00ed\u017ee.\u00a0<\/p>\r\n<p>Znalosti matematiky a&nbsp;\u010desk\u00e9ho jazyka pot\u0159ebn\u00e9 k&nbsp;p\u0159ij\u00edmac\u00edm zkou\u0161k\u00e1m si pak budou moci v\u0161ichni dev\u00e1\u0165\u00e1ci ze z\u00e1kladn\u00edch \u0161kol Prahy&nbsp;7 otestovat na radnici m\u011bstsk\u00e9 \u010d\u00e1sti. <strong>Zkou\u0161ky na zkou\u0161ku<\/strong>, kter\u00e9 se konaj\u00ed ji\u017e \u010dtvrt\u00fdm rokem, se uskute\u010dn\u00ed v&nbsp;p\u011bti term\u00ednech od 11.&nbsp;do 17.&nbsp;b\u0159ezna 2025.&nbsp;\u017d\u00e1ci se mohli p\u0159ihl\u00e1sit nejpozd\u011bji do pond\u011bl\u00ed 3.&nbsp;b\u0159ezna 2025 vypln\u011bn\u00edm jednoduch\u00e9ho formul\u00e1\u0159e.<\/p>\r\n<p><em>\u201eT\u011bmito kroky do zna\u010dn\u00e9 m\u00edry op\u011bt has\u00edme po\u017e\u00e1r za st\u00e1t, kter\u00fd situaci s\u00a0p\u0159ij\u00edma\u010dkami na st\u0159edn\u00ed st\u00e1le podce\u0148uje. Z\u00e1rove\u0148 dlouhodob\u011b upozor\u0148ujeme na nedostatek m\u00edst na pra\u017esk\u00fdch st\u0159edn\u00edch \u0161kol\u00e1ch, jejich\u017e kapacity nejsou dostate\u010dn\u00e9 a\u00a0neodpov\u00eddaj\u00ed skute\u010dn\u00e9 popt\u00e1vce po jednotliv\u00fdch oborech. Pod obrovsk\u00fdm tlakem jsou kv\u016fli tomu nejen d\u011bti a&nbsp;rodi\u010de, ale i&nbsp;u\u010ditel\u00e9, kte\u0159\u00ed d\u011blaj\u00ed maximum pro to, aby jejich \u017e\u00e1ci u&nbsp;p\u0159ij\u00edma\u010dek usp\u011bli,\u201c \u0159ekla <strong>m\u00edstostarostka Prahy&nbsp;7 Hana \u0160i\u0161kov\u00e1<\/strong>, kter\u00e1 m\u00e1 na starosti \u0161kolstv\u00ed a&nbsp;vzd\u011bl\u00e1v\u00e1n\u00ed. <\/em><\/p>\r\n<p><em>\u201eProjekt P\u0159ij\u00edma\u010dky nane\u010disto, organizovan\u00fd Ministerstvem \u0161kolstv\u00ed, m\u011bl nab\u00eddnout v\u0161em dev\u00e1\u0165\u00e1k\u016fm rovnou p\u0159\u00edle\u017eitost vyzkou\u0161et si p\u00edsemnou \u010d\u00e1st p\u0159ij\u00edmac\u00edch zkou\u0161ek. Mimo\u0159\u00e1dn\u00e1 obt\u00ed\u017enost testu z&nbsp;matematiky vedla ale u&nbsp;mnoha \u017e\u00e1k\u016f ke stresu, nejistot\u011b a&nbsp;oslaben\u00ed sebed\u016fv\u011bry, a&nbsp;to i&nbsp;u&nbsp;t\u011bch, kte\u0159\u00ed se pe\u010dliv\u011b p\u0159ipravovali. Je znepokojiv\u00e9, \u017ee nebyl dostate\u010dn\u011b zohledn\u011bn psychologick\u00fd dopad t\u00e9to zkou\u0161ky na d\u011bti v&nbsp;citliv\u00e9m obdob\u00ed dosp\u00edv\u00e1n\u00ed.\u00a0V\u00fdsledky t\u011bchto test\u016f tak\u00a0neodr\u00e1\u017eej\u00ed\u00a0skute\u010dn\u00e9 schopnosti d\u011bt\u00ed, ale sp\u00ed\u0161e poukazuj\u00ed na pot\u0159ebu lep\u0161\u00edho nastaven\u00ed zkou\u0161ek.\u00a0Pokud m\u00e1 \u0161kolstv\u00ed podporovat wellbeing \u017e\u00e1k\u016f, je d\u016fle\u017eit\u00e9, aby podobn\u00e9 testy pom\u00e1haly budovat\u00a0jistotu, m\u00edsto aby vyvol\u00e1valy \u00fazkost a&nbsp;demotivovaly.\u00a0O\u010dek\u00e1v\u00e1me, \u017ee M\u0160MT tuto situaci vyhodnot\u00ed a&nbsp;p\u0159ijme opat\u0159en\u00ed, aby se podobn\u00e9 probl\u00e9my v&nbsp;budoucnu neopakovaly,\u201c <\/em>uvedla <strong><em>z\u00e1stupkyn\u011b \u0159editele pro Z\u0160 Letohradsk\u00e1 Magdalena Flekov\u00e1<\/em><\/strong><em>.<\/em><\/p>\r\n<p>&nbsp;<\/p>\r\n<p><img loading=\"lazy\" src=\"https:\/\/www.praha7.cz\/wp-content\/uploads\/2024\/03\/zkousky-na-zkousku_3-24_Siskova-archy-1396x1000.jpg\" alt=\"\" width=\"640\" height=\"458\" class=\"alignnone size-large wp-image-74590\" srcset=\"https:\/\/www.praha7.cz\/wp-content\/uploads\/2024\/03\/zkousky-na-zkousku_3-24_Siskova-archy-1396x1000.jpg 1396w, https:\/\/www.praha7.cz\/wp-content\/uploads\/2024\/03\/zkousky-na-zkousku_3-24_Siskova-archy-559x400.jpg 559w, https:\/\/www.praha7.cz\/wp-content\/uploads\/2024\/03\/zkousky-na-zkousku_3-24_Siskova-archy-768x550.jpg 768w, https:\/\/www.praha7.cz\/wp-content\/uploads\/2024\/03\/zkousky-na-zkousku_3-24_Siskova-archy-1536x1100.jpg 1536w, https:\/\/www.praha7.cz\/wp-content\/uploads\/2024\/03\/zkousky-na-zkousku_3-24_Siskova-archy-2048x1467.jpg 2048w\" sizes=\"(max-width: 640px) 100vw, 640px\" \/><\/p>\r\n<p>&nbsp;<\/p>\r\n<p><em>\u201eD\u011bl\u00e1me v\u0161e pro to, abychom d\u011btem, rodi\u010d\u016fm i&nbsp;u\u010ditel\u016fm pomohli. Krom\u011b aktu\u00e1ln\u00ed p\u0159\u00edpravky a&nbsp;Zkou\u0161ek na zkou\u0161ku ve \u0161kol\u00e1ch i&nbsp;na radnici dlouhodob\u011b organizujeme dou\u010dov\u00e1n\u00ed zdarma, workshopy, besedy, semin\u00e1\u0159e a\u00a0dal\u0161\u00ed podp\u016frn\u00e9 aktivity. Nezastupitelnou roli sehr\u00e1vaj\u00ed tak\u00e9 soci\u00e1ln\u00ed pedagogov\u00e9, kte\u0159\u00ed s\u00a0d\u011btmi a\u00a0jejich rodinami \u0159e\u0161\u00ed z\u00e1t\u011b\u017e vypl\u00fdvaj\u00edc\u00ed z\u00a0nadch\u00e1zej\u00edc\u00edch p\u0159ij\u00edma\u010dek a&nbsp;dal\u0161\u00ed probl\u00e9my negativn\u011b ovliv\u0148uj\u00edc\u00ed prosp\u011bch \u017e\u00e1k\u016f, vztahy mezi spolu\u017e\u00e1ky \u010di \u0161kolou a\u00a0rodinou i\u00a0celkov\u00e9 klima a\u00a0prost\u0159ed\u00ed ve t\u0159\u00edd\u00e1ch,\u201c doplnila <strong>Hana \u0160i\u0161kov\u00e1<\/strong>. <\/em><\/p>\r\n<p>V\u00edce o&nbsp;roli soci\u00e1ln\u00edch pedagog\u016f a&nbsp;aktivit\u00e1ch Prahy&nbsp;7, kter\u00e1 usiluje o&nbsp;upevn\u011bn\u00ed jejich pozice v\u00a0\u010desk\u00e9m \u0161kolstv\u00ed, se do\u010dtete <a href=\"https:\/\/www.praha7.cz\/socialni-pedagogove-pomahaji-praha-7-usiluje-o-to-at-stat-pomuze-take-jim\/\">zde<\/a>.<\/p>\r\n<p>&nbsp;<\/p>","protected":false},"excerpt":{"rendered":"[perex] Do 20.&nbsp;\u00fanora 2025 pod\u00e1vaj\u00ed \u017e\u00e1ci po cel\u00e9 republice p\u0159ihl\u00e1\u0161ky na st\u0159edn\u00ed \u0161koly. Obdob\u00ed p\u0159ed p\u0159ij\u00edmac\u00edmi zkou\u0161kami op\u011bt prov\u00e1z\u00ed mnoho obav a&nbsp;nejistot. Na konci ledna si \u017e\u00e1ci mohli poprv\u00e9 vyzkou\u0161et celost\u00e1tn\u00ed P\u0159ij\u00edma\u010dky nane\u010disto. P\u0159edev\u0161\u00edm v\u00fdsledky z&nbsp;matematiky v\u0161ak nedopadly dob\u0159e a&nbsp;mnoz\u00ed u\u010ditel\u00e9 kritizuj\u00ed p\u0159\u00edli\u0161nou n\u00e1ro\u010dnost test\u016f, kter\u00e1 je\u0161t\u011b v\u00edce zv\u00fd\u0161ila enormn\u00ed tlak, jemu\u017e d\u011bti i&nbsp;cel\u00e9 rodiny [&hellip;]","protected":false},"author":251,"featured_media":82145,"comment_status":"closed","ping_status":"open","sticky":false,"template":"","format":"standard","meta":[],"categories":[34,74],"tags":[84,123,83],"_links":{"self":[{"href":"https:\/\/www.praha7.cz\/api\/wp\/v2\/posts\/82142"}],"collection":[{"href":"https:\/\/www.praha7.cz\/api\/wp\/v2\/posts"}],"about":[{"href":"https:\/\/www.praha7.cz\/api\/wp\/v2\/types\/post"}],"author":[{"embeddable":true,"href":"https:\/\/www.praha7.cz\/api\/wp\/v2\/users\/251"}],"replies":[{"embeddable":true,"href":"https:\/\/www.praha7.cz\/api\/wp\/v2\/comments?post=82142"}],"version-history":[{"count":6,"href":"https:\/\/www.praha7.cz\/api\/wp\/v2\/posts\/82142\/revisions"}],"predecessor-version":[{"id":90369,"href":"https:\/\/www.praha7.cz\/api\/wp\/v2\/posts\/82142\/revisions\/90369"}],"wp:featuredmedia":[{"embeddable":true,"href":"https:\/\/www.praha7.cz\/api\/wp\/v2\/media\/82145"}],"wp:attachment":[{"href":"https:\/\/www.praha7.cz\/api\/wp\/v2\/media?parent=82142"}],"wp:term":[{"taxonomy":"category","embeddable":true,"href":"https:\/\/www.praha7.cz\/api\/wp\/v2\/categories?post=82142"},{"taxonomy":"post_tag","embeddable":true,"href":"https:\/\/www.praha7.cz\/api\/wp\/v2\/tags?post=82142"}],"curies":[{"name":"wp","href":"https:\/\/api.w.org\/{rel}","templated":true}]}}