    
{"id":82122,"date":"2025-02-07T13:51:52","date_gmt":"2025-02-07T12:51:52","guid":{"rendered":"https:\/\/www.praha7.cz\/?p=82122"},"modified":"2025-02-10T11:01:17","modified_gmt":"2025-02-10T10:01:17","slug":"narodni-galerie-slavi-navstivte-zdarma-vystavu-praha-7-ve-sbirkach-ngp","status":"publish","type":"post","link":"https:\/\/www.praha7.cz\/narodni-galerie-slavi-navstivte-zdarma-vystavu-praha-7-ve-sbirkach-ngp\/","title":{"rendered":"N\u00e1rodn\u00ed galerie slav\u00ed \u2013 nav\u0161tivte zdarma v\u00fdstavu Praha&nbsp;7 ve sb\u00edrk\u00e1ch NGP"},"content":{"rendered":"<p>[perex]<\/p>\r\n<p>O v\u00edkendu 8.&nbsp;a&nbsp;9.&nbsp;\u00fanora 2025 m\u016f\u017eete voln\u00fdm vstupem do st\u00e1l\u00fdch expozic oslavit 229.&nbsp;v\u00fdro\u010d\u00ed zalo\u017een\u00ed Spole\u010dnosti vlasteneck\u00fdch p\u0159\u00e1tel um\u011bn\u00ed, kter\u00e1 byla jednou z&nbsp;p\u0159edch\u016fdkyn\u00ed N\u00e1rodn\u00ed galerie v&nbsp;Praze. Obyvatele Sedmi\u010dky zveme zejm\u00e9na do Veletr\u017en\u00edho pal\u00e1ce do expozice Um\u011bn\u00ed dlouh\u00e9ho stolet\u00ed, jej\u00ed\u017e sou\u010d\u00e1st\u00ed je v\u00fdstava <a href=\"https:\/\/www.ngprague.cz\/udalost\/4148\/140-vyroci-prahy-7\" target=\"_blank\" rel=\"noopener\">Praha&nbsp;7 ve sb\u00edrk\u00e1ch NGP<\/a>.<\/p>\r\n<p>[\/perex]<\/p>\r\n<p>Kompletn\u00ed program ve v\u0161ech objektech NGP najdete <a href=\"https:\/\/www.ngprague.cz\/udalost\/4245\/oslavy-229-vyroci-zalozeni-ngp\" target=\"_blank\" rel=\"noopener\">zde<\/a>\u00a0a na <a href=\"https:\/\/www.facebook.com\/photo?fbid=1017000833793135&amp;set=a.620265693466653\" target=\"_blank\" rel=\"noopener\">facebooku NGP<\/a>.<\/p>\r\n<p>Voln\u00fd vstup se nevztahuje na v\u00fdstavy Libu\u0161e Jarcovj\u00e1kov\u00e1 a&nbsp;\u00c9cole de Paris: Um\u011blci z&nbsp;\u010cech a&nbsp;meziv\u00e1le\u010dn\u00e1 Pa\u0159\u00ed\u017e.<\/p>\r\n<p>&nbsp;<\/p>\r\n<p>&nbsp;<\/p>","protected":false},"excerpt":{"rendered":"[perex] O&nbsp;v\u00edkendu 8.&nbsp;a&nbsp;9.&nbsp;\u00fanora 2025 m\u016f\u017eete voln\u00fdm vstupem do st\u00e1l\u00fdch expozic oslavit 229.&nbsp;v\u00fdro\u010d\u00ed zalo\u017een\u00ed Spole\u010dnosti vlasteneck\u00fdch p\u0159\u00e1tel um\u011bn\u00ed, kter\u00e1 byla jednou z&nbsp;p\u0159edch\u016fdkyn\u00ed N\u00e1rodn\u00ed galerie v&nbsp;Praze. Obyvatele Sedmi\u010dky zveme zejm\u00e9na do Veletr\u017en\u00edho pal\u00e1ce do expozice Um\u011bn\u00ed dlouh\u00e9ho stolet\u00ed, jej\u00ed\u017e sou\u010d\u00e1st\u00ed je v\u00fdstava Praha&nbsp;7 ve sb\u00edrk\u00e1ch NGP. [\/perex] Kompletn\u00ed program ve v\u0161ech objektech NGP najdete zde\u00a0a na [&hellip;]","protected":false},"author":251,"featured_media":80465,"comment_status":"closed","ping_status":"open","sticky":false,"template":"","format":"standard","meta":[],"categories":[34],"tags":[119,106],"_links":{"self":[{"href":"https:\/\/www.praha7.cz\/api\/wp\/v2\/posts\/82122"}],"collection":[{"href":"https:\/\/www.praha7.cz\/api\/wp\/v2\/posts"}],"about":[{"href":"https:\/\/www.praha7.cz\/api\/wp\/v2\/types\/post"}],"author":[{"embeddable":true,"href":"https:\/\/www.praha7.cz\/api\/wp\/v2\/users\/251"}],"replies":[{"embeddable":true,"href":"https:\/\/www.praha7.cz\/api\/wp\/v2\/comments?post=82122"}],"version-history":[{"count":1,"href":"https:\/\/www.praha7.cz\/api\/wp\/v2\/posts\/82122\/revisions"}],"predecessor-version":[{"id":82123,"href":"https:\/\/www.praha7.cz\/api\/wp\/v2\/posts\/82122\/revisions\/82123"}],"wp:featuredmedia":[{"embeddable":true,"href":"https:\/\/www.praha7.cz\/api\/wp\/v2\/media\/80465"}],"wp:attachment":[{"href":"https:\/\/www.praha7.cz\/api\/wp\/v2\/media?parent=82122"}],"wp:term":[{"taxonomy":"category","embeddable":true,"href":"https:\/\/www.praha7.cz\/api\/wp\/v2\/categories?post=82122"},{"taxonomy":"post_tag","embeddable":true,"href":"https:\/\/www.praha7.cz\/api\/wp\/v2\/tags?post=82122"}],"curies":[{"name":"wp","href":"https:\/\/api.w.org\/{rel}","templated":true}]}}