    
{"id":82072,"date":"2025-02-06T12:10:53","date_gmt":"2025-02-06T11:10:53","guid":{"rendered":"https:\/\/www.praha7.cz\/?p=82072"},"modified":"2025-02-06T12:10:53","modified_gmt":"2025-02-06T11:10:53","slug":"valentynsky-beh-ve-stromovce-15-2","status":"publish","type":"post","link":"https:\/\/www.praha7.cz\/valentynsky-beh-ve-stromovce-15-2\/","title":{"rendered":"Valent\u00fdnsk\u00fd b\u011bh ve Stromovce 15.&nbsp;2."},"content":{"rendered":"<p>[perex]<\/p>\r\n<p>Zahajte b\u011b\u017eeckou sezonu stylov\u011b! Po\u0159adatel RunCzech v\u00e1s zve na tradi\u010dn\u00ed b\u011b\u017eeck\u00fd z\u00e1vod, kter\u00fd spojuje zdrav\u00fd \u017eivotn\u00ed styl s&nbsp;oslavou l\u00e1sky: Valent\u00fdnsk\u00fd b\u011bh ve Stromovce. A&nbsp;proto\u017ee jsme na Sedmi\u010dce, tento rok se trasa prodlou\u017eila na \u0161\u0165astn\u00fdch 7 kilometr\u016f. Valent\u00fdnsk\u00fd b\u011bh se uskute\u010dn\u00ed v&nbsp;sobotu 15.&nbsp;\u00fanora 2025 od 11 hodin, start i&nbsp;c\u00edl z\u00e1vodu je p\u0159ed Pr\u016fmyslov\u00fdm pal\u00e1cem, akce je dopln\u011bna kompletn\u00edm v\u00fdsledkov\u00fdm servisem.\u00a0<\/p>\r\n<p>[\/perex]<\/p>\r\n<p>Valent\u00fdnsk\u00fd b\u011bh je ide\u00e1ln\u00ed pro za\u010d\u00e1te\u010dn\u00edky, rekrea\u010dn\u00ed b\u011b\u017ece i&nbsp;zku\u0161en\u00e9 sportovce, kte\u0159\u00ed cht\u011bj\u00ed prov\u011b\u0159it sv\u00e9 schopnosti. Nav\u00edc m\u00e1 charitativn\u00ed rozm\u011br \u2013 10&nbsp;% v\u00fdt\u011b\u017eku z&nbsp;registrac\u00ed bude v\u011bnov\u00e1no nada\u010dn\u00edmu fondu Pink Bubble, kter\u00fd pom\u00e1h\u00e1 mlad\u00fdm lidem posti\u017een\u00fdm onkologick\u00fdm onemocn\u011bn\u00edm.<\/p>\r\n<h4>Jak se na z\u00e1vod p\u0159ihl\u00e1sit?<\/h4>\r\n<p>Registrace prob\u00edh\u00e1 na webu <a href=\"https:\/\/www.runczech.com\/cs\/akce\/letiste-praha-valentynsky-beh-7-km\/zavody\/letiste-praha-valentynsky-beh-7-km\" target=\"_blank\" rel=\"noopener\">www.runczech.com<\/a>. Cena startovn\u00e9ho za\u010d\u00edn\u00e1 na 490&nbsp;K\u010d a&nbsp;zahrnuje nejen kompletn\u00ed v\u00fdsledkov\u00fd servis, ale tak\u00e9 medaili, diplom a&nbsp;bohat\u00fd startovn\u00ed bal\u00ed\u010dek. Samoz\u0159ejmost\u00ed je pak kompletn\u00ed z\u00e1zem\u00ed v\u010detn\u011b \u00faschovny, p\u0159evl\u00e9k\u00e1rny a&nbsp;toalet a&nbsp;zdravotnick\u00e9 zaji\u0161t\u011bn\u00ed. V&nbsp;c\u00edli se pak v\u0161ichni b\u011b\u017eci mohou t\u011b\u0161it na zaslou\u017een\u00e9 ob\u010derstven\u00ed.<\/p>","protected":false},"excerpt":{"rendered":"[perex] Zahajte b\u011b\u017eeckou sezonu stylov\u011b! Po\u0159adatel RunCzech v\u00e1s zve na tradi\u010dn\u00ed b\u011b\u017eeck\u00fd z\u00e1vod, kter\u00fd spojuje zdrav\u00fd \u017eivotn\u00ed styl s&nbsp;oslavou l\u00e1sky: Valent\u00fdnsk\u00fd b\u011bh ve Stromovce. A&nbsp;proto\u017ee jsme na Sedmi\u010dce, tento rok se trasa prodlou\u017eila na \u0161\u0165astn\u00fdch 7 kilometr\u016f. Valent\u00fdnsk\u00fd b\u011bh se uskute\u010dn\u00ed v&nbsp;sobotu 15.&nbsp;\u00fanora 2025 od 11 hodin, start i&nbsp;c\u00edl z\u00e1vodu je p\u0159ed Pr\u016fmyslov\u00fdm pal\u00e1cem, akce [&hellip;]","protected":false},"author":251,"featured_media":82079,"comment_status":"closed","ping_status":"open","sticky":false,"template":"","format":"standard","meta":[],"categories":[34],"tags":[122,91],"_links":{"self":[{"href":"https:\/\/www.praha7.cz\/api\/wp\/v2\/posts\/82072"}],"collection":[{"href":"https:\/\/www.praha7.cz\/api\/wp\/v2\/posts"}],"about":[{"href":"https:\/\/www.praha7.cz\/api\/wp\/v2\/types\/post"}],"author":[{"embeddable":true,"href":"https:\/\/www.praha7.cz\/api\/wp\/v2\/users\/251"}],"replies":[{"embeddable":true,"href":"https:\/\/www.praha7.cz\/api\/wp\/v2\/comments?post=82072"}],"version-history":[{"count":1,"href":"https:\/\/www.praha7.cz\/api\/wp\/v2\/posts\/82072\/revisions"}],"predecessor-version":[{"id":82082,"href":"https:\/\/www.praha7.cz\/api\/wp\/v2\/posts\/82072\/revisions\/82082"}],"wp:featuredmedia":[{"embeddable":true,"href":"https:\/\/www.praha7.cz\/api\/wp\/v2\/media\/82079"}],"wp:attachment":[{"href":"https:\/\/www.praha7.cz\/api\/wp\/v2\/media?parent=82072"}],"wp:term":[{"taxonomy":"category","embeddable":true,"href":"https:\/\/www.praha7.cz\/api\/wp\/v2\/categories?post=82072"},{"taxonomy":"post_tag","embeddable":true,"href":"https:\/\/www.praha7.cz\/api\/wp\/v2\/tags?post=82072"}],"curies":[{"name":"wp","href":"https:\/\/api.w.org\/{rel}","templated":true}]}}