    
{"id":81932,"date":"2025-01-30T11:12:59","date_gmt":"2025-01-30T10:12:59","guid":{"rendered":"https:\/\/www.praha7.cz\/?p=81932"},"modified":"2025-01-30T12:13:28","modified_gmt":"2025-01-30T11:13:28","slug":"menstruacni-chudoba","status":"publish","type":"post","link":"https:\/\/www.praha7.cz\/menstruacni-chudoba\/","title":{"rendered":"Praha&nbsp;7 pom\u00e1h\u00e1 bojovat proti menstrua\u010dn\u00ed chudob\u011b"},"content":{"rendered":"<p>[perex]<\/p>\r\n<p>Term\u00edn menstrua\u010dn\u00ed chudoba ozna\u010duje stav, kdy d\u00edvky a&nbsp;\u017eeny nemaj\u00ed z&nbsp;finan\u010dn\u00edch d\u016fvod\u016f p\u0159\u00edstup k&nbsp;adekv\u00e1tn\u00edm menstrua\u010dn\u00edm pom\u016fck\u00e1m. U&nbsp;\u017e\u00e1ky\u0148 to vede i&nbsp;k&nbsp;n\u011bkolikadenn\u00edm absenc\u00edm ve \u0161kole za m\u011bs\u00edc, co\u017e m\u016f\u017ee negativn\u011b ovliv\u0148ovat jejich studijn\u00ed v\u00fdsledky. M\u010c Praha&nbsp;7 ve spolupr\u00e1ci s&nbsp;organizac\u00ed \u010clov\u011bk v&nbsp;t\u00edsni a&nbsp;spole\u010dnost\u00ed Alza do \u0161kol dod\u00e1v\u00e1 menstrua\u010dn\u00ed pom\u016fcky a&nbsp;sna\u017e\u00ed se tak bojovat proti vy\u010dle\u0148ov\u00e1n\u00ed d\u00edvek z&nbsp;b\u011b\u017en\u00e9ho \u017eivota a&nbsp;proti pou\u017e\u00edv\u00e1n\u00ed nehygienick\u00fdch a&nbsp;zdrav\u00ed ohro\u017euj\u00edc\u00edch alternativ.<\/p>\r\n<p>[\/perex]<\/p>\r\n<p>Podle \u00fadaj\u016f organizace \u010clov\u011bk v\u00a0t\u00edsni ohro\u017euje menstrua\u010dn\u00ed chudoba v&nbsp;\u010cesku 38 tis\u00edc d\u00edvek ve v\u011bku 12 a\u017e 18 let. Pro n\u011bkter\u00e9 rodiny je po\u0159\u00edzen\u00ed menstrua\u010dn\u00edch hygienick\u00fdch pom\u016fcek natolik zat\u011b\u017euj\u00edc\u00ed, \u017ee se d\u00edvky uchyluj\u00ed k\u00a0nevhodn\u00fdm a&nbsp;nespolehliv\u00fdm provizori\u00edm a&nbsp;rad\u011bji vynechaj\u00ed t\u0159eba i&nbsp;t\u00fdden \u0161koln\u00ed doch\u00e1zky \u2013 co\u017e m\u016f\u017ee negativn\u011b ovlivnit jejich budouc\u00ed \u017eivot.<\/p>\r\n<p>V\u00a0\u0159ad\u011b st\u00e1t\u016f jsou menstrua\u010dn\u00ed pot\u0159eby dostupn\u00e9 zdarma (nap\u0159\u00edklad od roku 2022 ve Skotsku), jinde jsou zat\u00ed\u017eeny ni\u017e\u0161\u00ed DPH (v&nbsp;N\u011bmecku \u010din\u00ed 7&nbsp;%), zat\u00edmco u&nbsp;n\u00e1s jsou vlo\u017eky, tampony a&nbsp;dal\u0161\u00ed menstrua\u010dn\u00ed pot\u0159eby v\u00a0nejvy\u0161\u0161\u00ed, tedy 21% sazb\u011b. M\u011bs\u00ed\u010dn\u00ed n\u00e1klady za vlo\u017eky pro jednu \u017eenu se mohou v\u00a0z\u00e1vislosti na typu a&nbsp;zna\u010dce pohybovat mezi 150 a&nbsp;300 korunami.<\/p>\r\n<p><em>\u201eV Praze 7 \u017eije \u0159ada pot\u0159ebn\u00fdch d\u011bt\u00ed v\u00a0soci\u00e1ln\u011b slab\u00fdch rodin\u00e1ch. T\u011bmto rodin\u00e1m pom\u00e1h\u00e1me mnoha opat\u0159en\u00edmi a&nbsp;nyn\u00ed jim pom\u016f\u017eeme i&nbsp;touto cestou. Dosavadn\u00ed pozitivn\u00ed zku\u0161enosti a&nbsp;spolupr\u00e1ce s\u00a0\u010clov\u011bkem v\u00a0t\u00edsni n\u00e1s v\u00a0Praze 7 utvrdila v\u00a0tom, \u017ee je t\u0159eba se tomuto st\u00e1le tabuizovan\u00e9mu t\u00e9matu v\u011bnovat a&nbsp;pomoci d\u00edvk\u00e1m, aby jim menstruace p\u0159\u00edli\u0161 neznep\u0159\u00edjem\u0148ovala \u0161koln\u00ed doch\u00e1zku ani voln\u00fd \u010das,\u201c<\/em> \u0159\u00edk\u00e1 <strong><em>Jan \u010ci\u017einsk\u00fd, starosta m\u011bstsk\u00e9 \u010d\u00e1sti Praha<\/em> <em>7<\/em><\/strong>.<\/p>\r\n<p>Menstrua\u010dn\u00ed pom\u016fcky jsou voln\u011b dostupn\u00e9 v\u00a0kabink\u00e1ch toalet ve \u0161kol\u00e1ch TGM na Ortenov\u011b n\u00e1m\u011bst\u00ed a&nbsp;U&nbsp;Uranie ji\u017e n\u011bkolik m\u011bs\u00edc\u016f. Nyn\u00ed je d\u00edky daru spole\u010dnosti Alza m\u016f\u017ee Praha&nbsp;7 roz\u0161\u00ed\u0159it do v\u0161ech sv\u00fdch osmi z\u00e1kladn\u00edch \u0161kol.<\/p>\r\n\r\n<figure id=\"attachment_81934\" aria-describedby=\"caption-attachment-81934\" style=\"width: 640px\" class=\"wp-caption alignnone\"><img loading=\"lazy\" src=\"https:\/\/www.praha7.cz\/wp-content\/uploads\/2025\/01\/Hana-Siskova-a-Nela-Beranova_3-1500x965.jpg\" alt=\"\" width=\"640\" height=\"412\" class=\"wp-image-81934 size-large\" srcset=\"https:\/\/www.praha7.cz\/wp-content\/uploads\/2025\/01\/Hana-Siskova-a-Nela-Beranova_3-1500x965.jpg 1500w, https:\/\/www.praha7.cz\/wp-content\/uploads\/2025\/01\/Hana-Siskova-a-Nela-Beranova_3-600x386.jpg 600w, https:\/\/www.praha7.cz\/wp-content\/uploads\/2025\/01\/Hana-Siskova-a-Nela-Beranova_3-768x494.jpg 768w, https:\/\/www.praha7.cz\/wp-content\/uploads\/2025\/01\/Hana-Siskova-a-Nela-Beranova_3-1536x988.jpg 1536w, https:\/\/www.praha7.cz\/wp-content\/uploads\/2025\/01\/Hana-Siskova-a-Nela-Beranova_3-2048x1318.jpg 2048w\" sizes=\"(max-width: 640px) 100vw, 640px\" \/><figcaption id=\"caption-attachment-81934\" class=\"wp-caption-text\">Hana \u0160i\u0161kov\u00e1, m\u00edstostarostka Prahy&nbsp;7, a&nbsp;Nela Beranov\u00e1, soci\u00e1ln\u00ed pedago\u017eka v&nbsp;Z\u0160 Tusarova<\/figcaption><\/figure>\r\n\r\n<p><em>\u201eOt\u00e1zka rovn\u00e9ho p\u0159\u00edstupu ke vzd\u011bl\u00e1n\u00ed je bohu\u017eel aktu\u00e1ln\u00ed i&nbsp;v\u00a021.&nbsp;stolet\u00ed. Jsme velice r\u00e1di, \u017ee d\u00edky pomoci na\u0161ich partner\u016f m\u016f\u017eeme odstranit dal\u0161\u00ed bari\u00e9ru, kterou menstrua\u010dn\u00ed chudoba p\u0159edstavuje. Spole\u010dnost Alza n\u00e1m p\u0159isl\u00edbila dlouhodobou podporu, \u010deho\u017e si velmi v\u00e1\u017e\u00edme, p\u0159\u00edpadn\u011b jsme p\u0159ipraveni vy\u010dlenit i&nbsp;adekv\u00e1tn\u00ed \u010d\u00e1stku v\u00a0rozpo\u010dtu m\u011bstsk\u00e9 \u010d\u00e1sti. Vlo\u017eky a&nbsp;tampony zkr\u00e1tka nemaj\u00ed b\u00fdt luxus,\u201c<\/em> uv\u00e1d\u00ed <em><strong>Hana \u0160i\u0161kov\u00e1, m\u00edstostarostka Prahy&nbsp;7 s\u00a0gesc\u00ed \u0161kolstv\u00ed a&nbsp;vzd\u011bl\u00e1v\u00e1n\u00ed<\/strong><\/em>.\u00a0<\/p>\r\n<p><img loading=\"lazy\" src=\"https:\/\/www.praha7.cz\/wp-content\/uploads\/2025\/01\/Hana-Siskova_kancelar-1500x801.jpg\" alt=\"\" width=\"640\" height=\"342\" class=\"alignnone size-large wp-image-81935\" srcset=\"https:\/\/www.praha7.cz\/wp-content\/uploads\/2025\/01\/Hana-Siskova_kancelar-1500x801.jpg 1500w, https:\/\/www.praha7.cz\/wp-content\/uploads\/2025\/01\/Hana-Siskova_kancelar-600x321.jpg 600w, https:\/\/www.praha7.cz\/wp-content\/uploads\/2025\/01\/Hana-Siskova_kancelar-768x410.jpg 768w, https:\/\/www.praha7.cz\/wp-content\/uploads\/2025\/01\/Hana-Siskova_kancelar-1536x821.jpg 1536w, https:\/\/www.praha7.cz\/wp-content\/uploads\/2025\/01\/Hana-Siskova_kancelar-2048x1094.jpg 2048w\" sizes=\"(max-width: 640px) 100vw, 640px\" \/><\/p>\r\n<p><em>\u201eS m\u011bstskou \u010d\u00e1st\u00ed Praha&nbsp;7 dlouhodob\u011b spolupracujeme na r\u016fzn\u00fdch projektech, a&nbsp;proto n\u00e1s t\u011b\u0161\u00ed, \u017ee jsme mohli podpo\u0159it i&nbsp;tuto iniciativu. V\u011b\u0159\u00edme, \u017ee dostupnost menstrua\u010dn\u00edch pom\u016fcek ve \u0161kol\u00e1ch pom\u016f\u017ee odstranit dal\u0161\u00ed bari\u00e9ru, kter\u00e1 br\u00e1n\u00ed n\u011bkter\u00fdm d\u00edvk\u00e1m v&nbsp;pln\u00e9m zapojen\u00ed do \u0161koln\u00edho \u017eivota,\u201c<\/em> dopl\u0148uje <em><strong>Lucie Holubov\u00e1 Krajcov\u00e1, CSR specialist ve spole\u010dnosti Alza<\/strong><\/em>.<\/p>\r\n<p><img loading=\"lazy\" src=\"https:\/\/www.praha7.cz\/wp-content\/uploads\/2025\/01\/vlozky_k_rozvozu-1500x874.jpg\" alt=\"\" width=\"640\" height=\"373\" class=\"alignnone size-large wp-image-81936\" srcset=\"https:\/\/www.praha7.cz\/wp-content\/uploads\/2025\/01\/vlozky_k_rozvozu-1500x874.jpg 1500w, https:\/\/www.praha7.cz\/wp-content\/uploads\/2025\/01\/vlozky_k_rozvozu-600x350.jpg 600w, https:\/\/www.praha7.cz\/wp-content\/uploads\/2025\/01\/vlozky_k_rozvozu-768x448.jpg 768w, https:\/\/www.praha7.cz\/wp-content\/uploads\/2025\/01\/vlozky_k_rozvozu-1536x895.jpg 1536w, https:\/\/www.praha7.cz\/wp-content\/uploads\/2025\/01\/vlozky_k_rozvozu-2048x1194.jpg 2048w\" sizes=\"(max-width: 640px) 100vw, 640px\" \/><\/p>","protected":false},"excerpt":{"rendered":"[perex] Term\u00edn menstrua\u010dn\u00ed chudoba ozna\u010duje stav, kdy d\u00edvky a&nbsp;\u017eeny nemaj\u00ed z&nbsp;finan\u010dn\u00edch d\u016fvod\u016f p\u0159\u00edstup k&nbsp;adekv\u00e1tn\u00edm menstrua\u010dn\u00edm pom\u016fck\u00e1m. U&nbsp;\u017e\u00e1ky\u0148 to vede i&nbsp;k&nbsp;n\u011bkolikadenn\u00edm absenc\u00edm ve \u0161kole za m\u011bs\u00edc, co\u017e m\u016f\u017ee negativn\u011b ovliv\u0148ovat jejich studijn\u00ed v\u00fdsledky. M\u010c Praha&nbsp;7 ve spolupr\u00e1ci s&nbsp;organizac\u00ed \u010clov\u011bk v&nbsp;t\u00edsni a&nbsp;spole\u010dnost\u00ed Alza do \u0161kol dod\u00e1v\u00e1 menstrua\u010dn\u00ed pom\u016fcky a&nbsp;sna\u017e\u00ed se tak bojovat proti vy\u010dle\u0148ov\u00e1n\u00ed d\u00edvek z&nbsp;b\u011b\u017en\u00e9ho \u017eivota [&hellip;]","protected":false},"author":251,"featured_media":81933,"comment_status":"closed","ping_status":"open","sticky":false,"template":"","format":"standard","meta":[],"categories":[34],"tags":[84,83,110],"_links":{"self":[{"href":"https:\/\/www.praha7.cz\/api\/wp\/v2\/posts\/81932"}],"collection":[{"href":"https:\/\/www.praha7.cz\/api\/wp\/v2\/posts"}],"about":[{"href":"https:\/\/www.praha7.cz\/api\/wp\/v2\/types\/post"}],"author":[{"embeddable":true,"href":"https:\/\/www.praha7.cz\/api\/wp\/v2\/users\/251"}],"replies":[{"embeddable":true,"href":"https:\/\/www.praha7.cz\/api\/wp\/v2\/comments?post=81932"}],"version-history":[{"count":1,"href":"https:\/\/www.praha7.cz\/api\/wp\/v2\/posts\/81932\/revisions"}],"predecessor-version":[{"id":81937,"href":"https:\/\/www.praha7.cz\/api\/wp\/v2\/posts\/81932\/revisions\/81937"}],"wp:featuredmedia":[{"embeddable":true,"href":"https:\/\/www.praha7.cz\/api\/wp\/v2\/media\/81933"}],"wp:attachment":[{"href":"https:\/\/www.praha7.cz\/api\/wp\/v2\/media?parent=81932"}],"wp:term":[{"taxonomy":"category","embeddable":true,"href":"https:\/\/www.praha7.cz\/api\/wp\/v2\/categories?post=81932"},{"taxonomy":"post_tag","embeddable":true,"href":"https:\/\/www.praha7.cz\/api\/wp\/v2\/tags?post=81932"}],"curies":[{"name":"wp","href":"https:\/\/api.w.org\/{rel}","templated":true}]}}