    
{"id":81890,"date":"2025-01-28T10:49:50","date_gmt":"2025-01-28T09:49:50","guid":{"rendered":"https:\/\/www.praha7.cz\/?p=81890"},"modified":"2025-01-28T10:53:50","modified_gmt":"2025-01-28T09:53:50","slug":"zruseni-terminu-pravni-poradny-pro-seniory-29-1","status":"publish","type":"post","link":"https:\/\/www.praha7.cz\/zruseni-terminu-pravni-poradny-pro-seniory-29-1\/","title":{"rendered":"Zru\u0161en\u00ed pr\u00e1vn\u00ed poradny pro seniory 29.&nbsp;1."},"content":{"rendered":"<p>[perex]<\/p>\r\n<p>Dobr\u00fd den, upozor\u0148ujeme, \u017ee z&nbsp;d\u016fvodu nemoci se nekon\u00e1 pr\u00e1vn\u00ed poradna pro seniory v&nbsp;term\u00ednu 29.&nbsp;1.&nbsp;2025.<\/p>\r\n<p>D\u011bkujeme za pochopen\u00ed.<\/p>\r\n<p>Term\u00edny pr\u00e1vn\u00ed poradny a&nbsp;dal\u0161\u00ed informace najdete zde: <a href=\"https:\/\/www.praha7.cz\/temata\/pravni-poradna\/\">www.praha7.cz\/pravni-poradna<\/a><\/p>\r\n<p>[\/perex]<\/p>","protected":false},"excerpt":{"rendered":"[perex] Dobr\u00fd den, upozor\u0148ujeme, \u017ee z&nbsp;d\u016fvodu nemoci se nekon\u00e1 pr\u00e1vn\u00ed poradna pro seniory v&nbsp;term\u00ednu 29.&nbsp;1.&nbsp;2025. D\u011bkujeme za pochopen\u00ed. Term\u00edny pr\u00e1vn\u00ed poradny a&nbsp;dal\u0161\u00ed informace najdete zde: www.praha7.cz\/pravni-poradna [\/perex]","protected":false},"author":5,"featured_media":19229,"comment_status":"closed","ping_status":"open","sticky":false,"template":"","format":"standard","meta":[],"categories":[34],"tags":[115],"_links":{"self":[{"href":"https:\/\/www.praha7.cz\/api\/wp\/v2\/posts\/81890"}],"collection":[{"href":"https:\/\/www.praha7.cz\/api\/wp\/v2\/posts"}],"about":[{"href":"https:\/\/www.praha7.cz\/api\/wp\/v2\/types\/post"}],"author":[{"embeddable":true,"href":"https:\/\/www.praha7.cz\/api\/wp\/v2\/users\/5"}],"replies":[{"embeddable":true,"href":"https:\/\/www.praha7.cz\/api\/wp\/v2\/comments?post=81890"}],"version-history":[{"count":3,"href":"https:\/\/www.praha7.cz\/api\/wp\/v2\/posts\/81890\/revisions"}],"predecessor-version":[{"id":81893,"href":"https:\/\/www.praha7.cz\/api\/wp\/v2\/posts\/81890\/revisions\/81893"}],"wp:featuredmedia":[{"embeddable":true,"href":"https:\/\/www.praha7.cz\/api\/wp\/v2\/media\/19229"}],"wp:attachment":[{"href":"https:\/\/www.praha7.cz\/api\/wp\/v2\/media?parent=81890"}],"wp:term":[{"taxonomy":"category","embeddable":true,"href":"https:\/\/www.praha7.cz\/api\/wp\/v2\/categories?post=81890"},{"taxonomy":"post_tag","embeddable":true,"href":"https:\/\/www.praha7.cz\/api\/wp\/v2\/tags?post=81890"}],"curies":[{"name":"wp","href":"https:\/\/api.w.org\/{rel}","templated":true}]}}