    
{"id":81864,"date":"2025-01-27T12:55:51","date_gmt":"2025-01-27T11:55:51","guid":{"rendered":"https:\/\/www.praha7.cz\/?p=81864"},"modified":"2025-01-28T10:51:09","modified_gmt":"2025-01-28T09:51:09","slug":"pripominame-si-obeti-holocaustu","status":"publish","type":"post","link":"https:\/\/www.praha7.cz\/pripominame-si-obeti-holocaustu\/","title":{"rendered":"P\u0159ipom\u00edn\u00e1me si ob\u011bti holocaustu"},"content":{"rendered":"<p>[perex]<\/p>\r\n<p>27.&nbsp;leden \u2013 Mezin\u00e1rodn\u00ed den pam\u00e1tky ob\u011bt\u00ed holocaustu \u2013 jsme si v&nbsp;Praze 7 p\u0159ipomn\u011bli ve spolupr\u00e1ci s&nbsp;Velvyslanectv\u00edm St\u00e1tu Izrael. U&nbsp;kamen\u016f zmizel\u00fdch (stolperstein\u016f) ve \u0160meralov\u011b ulici 29 jsme zap\u00e1lili sv\u00edce na pam\u00e1tku \u017eivot\u016f, kter\u00e9 byly b\u011bhem v\u00e1lky n\u00e1siln\u011b ukon\u010deny. B\u011bhem dne\u0161n\u00edho dne, pond\u011bl\u00ed 27.&nbsp;ledna 2025, se m\u016f\u017eete k&nbsp;vzpom\u00ednkov\u00e9mu aktu p\u0159ipojit tak\u00e9 \u2013 zap\u00e1len\u00edm sv\u00ed\u010dky u&nbsp;<a href=\"https:\/\/stolpersteinecz.cz\/mapa\/\" target=\"_blank\" rel=\"noopener\">stolpersteinu<\/a>, p\u0159\u00edpadn\u011b sd\u00edlen\u00edm na soci\u00e1ln\u00ed s\u00edt\u011b s&nbsp;hashtagy #80svicek #nezapomeneme<\/p>\r\n<p>[\/perex]<\/p>\r\n<h3><a href=\"https:\/\/stolpersteinecz.cz\/mapa\/\" target=\"_blank\" rel=\"noopener\">Mapa stolperstein\u016f<\/a><\/h3>\r\n\r\n<figure id=\"attachment_81866\" aria-describedby=\"caption-attachment-81866\" style=\"width: 640px\" class=\"wp-caption alignnone\"><img loading=\"lazy\" src=\"https:\/\/www.praha7.cz\/wp-content\/uploads\/2025\/01\/svicka-STA-1479x1000.jpg\" alt=\"\" width=\"640\" height=\"433\" class=\"wp-image-81866 size-large\" srcset=\"https:\/\/www.praha7.cz\/wp-content\/uploads\/2025\/01\/svicka-STA-1479x1000.jpg 1479w, https:\/\/www.praha7.cz\/wp-content\/uploads\/2025\/01\/svicka-STA-592x400.jpg 592w, https:\/\/www.praha7.cz\/wp-content\/uploads\/2025\/01\/svicka-STA-768x519.jpg 768w, https:\/\/www.praha7.cz\/wp-content\/uploads\/2025\/01\/svicka-STA-1536x1039.jpg 1536w, https:\/\/www.praha7.cz\/wp-content\/uploads\/2025\/01\/svicka-STA-2048x1385.jpg 2048w\" sizes=\"(max-width: 640px) 100vw, 640px\" \/><figcaption id=\"caption-attachment-81866\" class=\"wp-caption-text\">Roni Abramson, z\u00e1stupkyn\u011b velvyslankyn\u011b St\u00e1tu Izrael, a&nbsp;Jan \u010ci\u017einsk\u00fd, starosta M\u010c Praha&nbsp;7<\/figcaption><\/figure>\r\n\r\n<p><img loading=\"lazy\" src=\"https:\/\/www.praha7.cz\/wp-content\/uploads\/2025\/01\/svicky-kameny-1500x1000.jpg\" alt=\"\" width=\"640\" height=\"427\" class=\"alignnone size-large wp-image-81867\" srcset=\"https:\/\/www.praha7.cz\/wp-content\/uploads\/2025\/01\/svicky-kameny-1500x1000.jpg 1500w, https:\/\/www.praha7.cz\/wp-content\/uploads\/2025\/01\/svicky-kameny-600x400.jpg 600w, https:\/\/www.praha7.cz\/wp-content\/uploads\/2025\/01\/svicky-kameny-768x512.jpg 768w, https:\/\/www.praha7.cz\/wp-content\/uploads\/2025\/01\/svicky-kameny-1536x1024.jpg 1536w, https:\/\/www.praha7.cz\/wp-content\/uploads\/2025\/01\/svicky-kameny-2048x1365.jpg 2048w\" sizes=\"(max-width: 640px) 100vw, 640px\" \/><\/p>","protected":false},"excerpt":{"rendered":"[perex] 27.&nbsp;leden \u2013 Mezin\u00e1rodn\u00ed den pam\u00e1tky ob\u011bt\u00ed holocaustu \u2013 jsme si v&nbsp;Praze 7 p\u0159ipomn\u011bli ve spolupr\u00e1ci s&nbsp;Velvyslanectv\u00edm St\u00e1tu Izrael. U&nbsp;kamen\u016f zmizel\u00fdch (stolperstein\u016f) ve \u0160meralov\u011b ulici 29 jsme zap\u00e1lili sv\u00edce na pam\u00e1tku \u017eivot\u016f, kter\u00e9 byly b\u011bhem v\u00e1lky n\u00e1siln\u011b ukon\u010deny. B\u011bhem dne\u0161n\u00edho dne, pond\u011bl\u00ed 27.&nbsp;ledna 2025, se m\u016f\u017eete k&nbsp;vzpom\u00ednkov\u00e9mu aktu p\u0159ipojit tak\u00e9 \u2013 zap\u00e1len\u00edm sv\u00ed\u010dky u&nbsp;stolpersteinu, p\u0159\u00edpadn\u011b [&hellip;]","protected":false},"author":251,"featured_media":81865,"comment_status":"closed","ping_status":"open","sticky":false,"template":"","format":"standard","meta":[],"categories":[34],"tags":[135],"_links":{"self":[{"href":"https:\/\/www.praha7.cz\/api\/wp\/v2\/posts\/81864"}],"collection":[{"href":"https:\/\/www.praha7.cz\/api\/wp\/v2\/posts"}],"about":[{"href":"https:\/\/www.praha7.cz\/api\/wp\/v2\/types\/post"}],"author":[{"embeddable":true,"href":"https:\/\/www.praha7.cz\/api\/wp\/v2\/users\/251"}],"replies":[{"embeddable":true,"href":"https:\/\/www.praha7.cz\/api\/wp\/v2\/comments?post=81864"}],"version-history":[{"count":4,"href":"https:\/\/www.praha7.cz\/api\/wp\/v2\/posts\/81864\/revisions"}],"predecessor-version":[{"id":81871,"href":"https:\/\/www.praha7.cz\/api\/wp\/v2\/posts\/81864\/revisions\/81871"}],"wp:featuredmedia":[{"embeddable":true,"href":"https:\/\/www.praha7.cz\/api\/wp\/v2\/media\/81865"}],"wp:attachment":[{"href":"https:\/\/www.praha7.cz\/api\/wp\/v2\/media?parent=81864"}],"wp:term":[{"taxonomy":"category","embeddable":true,"href":"https:\/\/www.praha7.cz\/api\/wp\/v2\/categories?post=81864"},{"taxonomy":"post_tag","embeddable":true,"href":"https:\/\/www.praha7.cz\/api\/wp\/v2\/tags?post=81864"}],"curies":[{"name":"wp","href":"https:\/\/api.w.org\/{rel}","templated":true}]}}