    
{"id":81814,"date":"2025-01-22T17:32:09","date_gmt":"2025-01-22T16:32:09","guid":{"rendered":"https:\/\/www.praha7.cz\/?p=81814"},"modified":"2025-01-23T14:39:23","modified_gmt":"2025-01-23T13:39:23","slug":"vystraha-chmu-na-ledovku-ve-ctvrtek-23-ledna","status":"publish","type":"post","link":"https:\/\/www.praha7.cz\/vystraha-chmu-na-ledovku-ve-ctvrtek-23-ledna\/","title":{"rendered":"V\u00fdstraha \u010cHM\u00da na ledovku: ve \u010dtvrtek 23.&nbsp;ledna"},"content":{"rendered":"<p>[perex]<\/p>\r\n<p>Ve \u010dtvrtek 23.&nbsp;ledna 2025 r\u00e1no za\u010dne p\u0159es na\u0161e \u00fazem\u00ed k&nbsp;v\u00fdchodu p\u0159ech\u00e1zet p\u00e1smo sr\u00e1\u017eek, kter\u00e9 budou i&nbsp;mrznouc\u00ed s&nbsp;tvorbou ledovky. Pro \u010cechy je v\u00fdstraha \u010cHM\u00da vyd\u00e1na s&nbsp;platnost\u00ed od 6.00 do 14.00. Sledujte pros\u00edm dopravn\u00ed zpravodajstv\u00ed a&nbsp;p\u0159i pohybu venku bu\u010fte opatrn\u00ed.<\/p>\r\n<p>[\/perex]<\/p>\r\n<h3>Jak se v&nbsp;Praze 7 udr\u017euj\u00ed v&nbsp;zim\u011b chodn\u00edky? Kde najdete n\u00e1doby na \u0161t\u011brk a&nbsp;koho v&nbsp;p\u0159\u00edpad\u011b pot\u0159eby kontaktovat? P\u0159e\u010dt\u011bte si <a href=\"https:\/\/www.praha7.cz\/temata\/uklid-v-praze-7\/zimni-udrzba\/\">zde<\/a>.<\/h3>\r\n<p>&nbsp;<\/p>\r\n<p><img loading=\"lazy\" src=\"https:\/\/www.praha7.cz\/wp-content\/uploads\/2025\/01\/ledovka_23-1.jpg\" alt=\"\" width=\"1067\" height=\"600\" class=\"alignnone size-full wp-image-81815\" srcset=\"https:\/\/www.praha7.cz\/wp-content\/uploads\/2025\/01\/ledovka_23-1.jpg 1067w, https:\/\/www.praha7.cz\/wp-content\/uploads\/2025\/01\/ledovka_23-1-600x337.jpg 600w, https:\/\/www.praha7.cz\/wp-content\/uploads\/2025\/01\/ledovka_23-1-768x432.jpg 768w\" sizes=\"(max-width: 1067px) 100vw, 1067px\" \/><\/p>\r\n<p>&nbsp;<\/p>\r\n<p>Aktu\u00e1ln\u00ed informace o&nbsp;po\u010das\u00ed najdete na <a href=\"https:\/\/www.chmi.cz\/files\/portal\/docs\/meteo\/om\/vystrahy\/index.html\" target=\"_blank\" rel=\"noopener\">webu \u010cHM\u00da<\/a>.<\/p>","protected":false},"excerpt":{"rendered":"[perex] Ve \u010dtvrtek 23.&nbsp;ledna 2025 r\u00e1no za\u010dne p\u0159es na\u0161e \u00fazem\u00ed k&nbsp;v\u00fdchodu p\u0159ech\u00e1zet p\u00e1smo sr\u00e1\u017eek, kter\u00e9 budou i&nbsp;mrznouc\u00ed s&nbsp;tvorbou ledovky. Pro \u010cechy je v\u00fdstraha \u010cHM\u00da vyd\u00e1na s&nbsp;platnost\u00ed od 6.00 do 14.00. Sledujte pros\u00edm dopravn\u00ed zpravodajstv\u00ed a&nbsp;p\u0159i pohybu venku bu\u010fte opatrn\u00ed. [\/perex] Jak se v&nbsp;Praze 7 udr\u017euj\u00ed v&nbsp;zim\u011b chodn\u00edky? Kde najdete n\u00e1doby na \u0161t\u011brk a&nbsp;koho v&nbsp;p\u0159\u00edpad\u011b pot\u0159eby [&hellip;]","protected":false},"author":251,"featured_media":72955,"comment_status":"closed","ping_status":"open","sticky":false,"template":"","format":"standard","meta":[],"categories":[34],"tags":[111,112],"_links":{"self":[{"href":"https:\/\/www.praha7.cz\/api\/wp\/v2\/posts\/81814"}],"collection":[{"href":"https:\/\/www.praha7.cz\/api\/wp\/v2\/posts"}],"about":[{"href":"https:\/\/www.praha7.cz\/api\/wp\/v2\/types\/post"}],"author":[{"embeddable":true,"href":"https:\/\/www.praha7.cz\/api\/wp\/v2\/users\/251"}],"replies":[{"embeddable":true,"href":"https:\/\/www.praha7.cz\/api\/wp\/v2\/comments?post=81814"}],"version-history":[{"count":2,"href":"https:\/\/www.praha7.cz\/api\/wp\/v2\/posts\/81814\/revisions"}],"predecessor-version":[{"id":81817,"href":"https:\/\/www.praha7.cz\/api\/wp\/v2\/posts\/81814\/revisions\/81817"}],"wp:featuredmedia":[{"embeddable":true,"href":"https:\/\/www.praha7.cz\/api\/wp\/v2\/media\/72955"}],"wp:attachment":[{"href":"https:\/\/www.praha7.cz\/api\/wp\/v2\/media?parent=81814"}],"wp:term":[{"taxonomy":"category","embeddable":true,"href":"https:\/\/www.praha7.cz\/api\/wp\/v2\/categories?post=81814"},{"taxonomy":"post_tag","embeddable":true,"href":"https:\/\/www.praha7.cz\/api\/wp\/v2\/tags?post=81814"}],"curies":[{"name":"wp","href":"https:\/\/api.w.org\/{rel}","templated":true}]}}