    
{"id":81722,"date":"2025-01-17T12:25:29","date_gmt":"2025-01-17T11:25:29","guid":{"rendered":"https:\/\/www.praha7.cz\/?p=81722"},"modified":"2025-01-17T12:25:29","modified_gmt":"2025-01-17T11:25:29","slug":"tvorive-a-jazykove-kurzy-pro-dospele-od-unora-2025","status":"publish","type":"post","link":"https:\/\/www.praha7.cz\/tvorive-a-jazykove-kurzy-pro-dospele-od-unora-2025\/","title":{"rendered":"Tvo\u0159iv\u00e9 a&nbsp;jazykov\u00e9 kurzy pro dosp\u011bl\u00e9 od \u00fanora 2025"},"content":{"rendered":"<p>[perex]<\/p>\r\n<p>Z\u0160 Strossmayerovo n\u00e1m\u011bst\u00ed ve spolupr\u00e1ci s&nbsp;na\u0161\u00ed m\u011bstskou \u010d\u00e1st\u00ed ji\u017e tradi\u010dn\u011b nab\u00edz\u00ed z\u00e1jmov\u00e9 kurzy pro dosp\u011bl\u00e9. V&nbsp;nab\u00eddce jsou tradi\u010dn\u00ed, ale i&nbsp;m\u00e9n\u011b tradi\u010dn\u00ed jazyky: angli\u010dtina, francouz\u0161tina, \u0161pan\u011bl\u0161tina, japon\u0161tina, sanskrt. Pro tvo\u0159iv\u00e9 z\u00e1jemce jsou p\u0159ipraven\u00e9 kurzy \u0161it\u00ed, keramiky, kresby a&nbsp;malby. Cena kurzu \u010din\u00ed 4&nbsp;200&nbsp;K\u010d (16 lekc\u00ed po 90 minut\u00e1ch), v\u00fduka za\u010d\u00edn\u00e1 v&nbsp;t\u00fddnu od 3.&nbsp;\u00fanora 2025. V\u00edce informac\u00ed a&nbsp;online p\u0159ihl\u00e1\u0161en\u00ed <a href=\"https:\/\/www.praha7.cz\/volny-cas-prehled\/zajmove-kurzy\/\">ZDE<\/a>.<\/p>\r\n<p>[\/perex]<\/p>","protected":false},"excerpt":{"rendered":"[perex] Z\u0160 Strossmayerovo n\u00e1m\u011bst\u00ed ve spolupr\u00e1ci s&nbsp;na\u0161\u00ed m\u011bstskou \u010d\u00e1st\u00ed ji\u017e tradi\u010dn\u011b nab\u00edz\u00ed z\u00e1jmov\u00e9 kurzy pro dosp\u011bl\u00e9. V&nbsp;nab\u00eddce jsou tradi\u010dn\u00ed, ale i&nbsp;m\u00e9n\u011b tradi\u010dn\u00ed jazyky: angli\u010dtina, francouz\u0161tina, \u0161pan\u011bl\u0161tina, japon\u0161tina, sanskrt. Pro tvo\u0159iv\u00e9 z\u00e1jemce jsou p\u0159ipraven\u00e9 kurzy \u0161it\u00ed, keramiky, kresby a&nbsp;malby. Cena kurzu \u010din\u00ed 4&nbsp;200&nbsp;K\u010d (16 lekc\u00ed po 90 minut\u00e1ch), v\u00fduka za\u010d\u00edn\u00e1 v&nbsp;t\u00fddnu od 3.&nbsp;\u00fanora 2025. V\u00edce informac\u00ed [&hellip;]","protected":false},"author":251,"featured_media":44956,"comment_status":"closed","ping_status":"open","sticky":false,"template":"","format":"standard","meta":[],"categories":[34],"tags":[91],"_links":{"self":[{"href":"https:\/\/www.praha7.cz\/api\/wp\/v2\/posts\/81722"}],"collection":[{"href":"https:\/\/www.praha7.cz\/api\/wp\/v2\/posts"}],"about":[{"href":"https:\/\/www.praha7.cz\/api\/wp\/v2\/types\/post"}],"author":[{"embeddable":true,"href":"https:\/\/www.praha7.cz\/api\/wp\/v2\/users\/251"}],"replies":[{"embeddable":true,"href":"https:\/\/www.praha7.cz\/api\/wp\/v2\/comments?post=81722"}],"version-history":[{"count":1,"href":"https:\/\/www.praha7.cz\/api\/wp\/v2\/posts\/81722\/revisions"}],"predecessor-version":[{"id":81723,"href":"https:\/\/www.praha7.cz\/api\/wp\/v2\/posts\/81722\/revisions\/81723"}],"wp:featuredmedia":[{"embeddable":true,"href":"https:\/\/www.praha7.cz\/api\/wp\/v2\/media\/44956"}],"wp:attachment":[{"href":"https:\/\/www.praha7.cz\/api\/wp\/v2\/media?parent=81722"}],"wp:term":[{"taxonomy":"category","embeddable":true,"href":"https:\/\/www.praha7.cz\/api\/wp\/v2\/categories?post=81722"},{"taxonomy":"post_tag","embeddable":true,"href":"https:\/\/www.praha7.cz\/api\/wp\/v2\/tags?post=81722"}],"curies":[{"name":"wp","href":"https:\/\/api.w.org\/{rel}","templated":true}]}}