    
{"id":81714,"date":"2025-01-17T10:46:29","date_gmt":"2025-01-17T09:46:29","guid":{"rendered":"https:\/\/www.praha7.cz\/?p=81714"},"modified":"2025-01-17T10:46:29","modified_gmt":"2025-01-17T09:46:29","slug":"praha-postavi-severni-vestibul-stanice-metra-vltavska","status":"publish","type":"post","link":"https:\/\/www.praha7.cz\/praha-postavi-severni-vestibul-stanice-metra-vltavska\/","title":{"rendered":"Praha postav\u00ed severn\u00ed vestibul stanice metra Vltavsk\u00e1"},"content":{"rendered":"<p>[perex]<\/p>\r\n<p>Rada hl. m. Prahy odsouhlasila vybudov\u00e1n\u00ed severn\u00edho vestibulu stanice metra Vltavsk\u00e1. Jedn\u00e1 se o&nbsp;dlouhodob\u00fd po\u017eadavek Prahy&nbsp;7, kter\u00fd je st\u011b\u017eejn\u00ed pro zaji\u0161t\u011bn\u00ed budouc\u00ed dopravn\u00ed obslu\u017enosti m\u011bstsk\u00e9 \u010d\u00e1sti.<\/p>\r\n<p>[\/perex]<\/p>\r\n<p>Ji\u017e p\u0159i projektov\u00e1n\u00ed stanice metra Vltavsk\u00e1 na p\u0159elomu 70.&nbsp;a&nbsp;80.&nbsp;let 20.&nbsp;stolet\u00ed byla p\u0159edb\u011b\u017en\u011b konstruk\u010dn\u011b zalo\u017eena mo\u017enost vytvo\u0159en\u00ed druh\u00e9ho vestibulu severn\u00edm sm\u011brem k&nbsp;n\u00e1dra\u017e\u00ed Praha-Bubny a&nbsp;z\u00e1stavb\u011b \u201eMal\u00fd Berl\u00edn\u201c. S&nbsp;ohledem na tehdy klesaj\u00edc\u00ed v\u00fdznam bubensk\u00e9ho n\u00e1dra\u017e\u00ed a&nbsp;na obsluhu t\u00e9to lokality tramvajovou dopravou z&nbsp;ulice Dukelsk\u00fdch hrdin\u016f ale nebyl severn\u00ed vestibul dostav\u011bn.<\/p>\r\n<p>V sou\u010dasn\u00e9 dob\u011b se v\u00a0dot\u010den\u00e9 lokalit\u011b p\u0159ipravuj\u00ed z\u00e1m\u011bry, kter\u00e9 dostavbu severn\u00edho vestibulu opodstat\u0148uj\u00ed. Zejm\u00e9na se jedn\u00e1 o&nbsp;novou \u010dtvr\u0165, kter\u00e1 vznikne v&nbsp;\u00fazem\u00ed Bubny-Z\u00e1tory. P\u00e1te\u0159n\u00edmi osami dopravn\u00ed obslu\u017enosti t\u00e9to \u010dtvrti budou pr\u00e1v\u011b trasa metra C a&nbsp;modernizovan\u00e1 \u017eelezni\u010dn\u00ed tra\u0165 spolu s&nbsp;tramvajov\u00fdmi trat\u011bmi. S&nbsp;ohledem na polohu nov\u00e9 \u010dtvrti a&nbsp;dlouh\u00e9 p\u0159\u00edstupov\u00e9 cesty ke st\u00e1vaj\u00edc\u00edmu ji\u017en\u00edmu vestibulu je proto vhodn\u00e9 postavit severn\u00ed vestibul tak, aby \u010dtvr\u0165 m\u011bla kvalitn\u00ed propojen\u00ed se stanic\u00ed metra.<\/p>\r\n<p>Pro Prahu 7 je severn\u00ed vestibul velice d\u016fle\u017eit\u00fd tak\u00e9 z\u00a0pohledu pl\u00e1novan\u00e9 v\u00fdstavby budovy Vltavsk\u00e9 filharmonie. M\u011bstsk\u00e1 \u010d\u00e1st po\u017eaduje, aby b\u011bhem stavby nedo\u0161lo k&nbsp;p\u0159eru\u0161en\u00ed provozu stanice metra Vltavsk\u00e1. Vzhledem k&nbsp;tomu, \u017ee si stavebn\u00ed pr\u00e1ce vy\u017e\u00e1daj\u00ed uzav\u0159en\u00ed ji\u017en\u00edho vestibulu, je nutn\u00e9, aby byl dobudov\u00e1n a&nbsp;zprovozn\u011bn severn\u00ed vestibul s&nbsp;dostate\u010dn\u00fdm \u010dasov\u00fdm p\u0159edstihem tak, aby stanice metra z\u016fstala po celou dobu v\u00fdstavby funk\u010dn\u00ed.<\/p>","protected":false},"excerpt":{"rendered":"[perex] Rada hl. m. Prahy odsouhlasila vybudov\u00e1n\u00ed severn\u00edho vestibulu stanice metra Vltavsk\u00e1. Jedn\u00e1 se o&nbsp;dlouhodob\u00fd po\u017eadavek Prahy&nbsp;7, kter\u00fd je st\u011b\u017eejn\u00ed pro zaji\u0161t\u011bn\u00ed budouc\u00ed dopravn\u00ed obslu\u017enosti m\u011bstsk\u00e9 \u010d\u00e1sti. [\/perex] Ji\u017e p\u0159i projektov\u00e1n\u00ed stanice metra Vltavsk\u00e1 na p\u0159elomu 70.&nbsp;a&nbsp;80.&nbsp;let 20.&nbsp;stolet\u00ed byla p\u0159edb\u011b\u017en\u011b konstruk\u010dn\u011b zalo\u017eena mo\u017enost vytvo\u0159en\u00ed druh\u00e9ho vestibulu severn\u00edm sm\u011brem k&nbsp;n\u00e1dra\u017e\u00ed Praha-Bubny a&nbsp;z\u00e1stavb\u011b \u201eMal\u00fd Berl\u00edn\u201c. S&nbsp;ohledem na [&hellip;]","protected":false},"author":5,"featured_media":81715,"comment_status":"closed","ping_status":"open","sticky":false,"template":"","format":"standard","meta":[],"categories":[34],"tags":[],"_links":{"self":[{"href":"https:\/\/www.praha7.cz\/api\/wp\/v2\/posts\/81714"}],"collection":[{"href":"https:\/\/www.praha7.cz\/api\/wp\/v2\/posts"}],"about":[{"href":"https:\/\/www.praha7.cz\/api\/wp\/v2\/types\/post"}],"author":[{"embeddable":true,"href":"https:\/\/www.praha7.cz\/api\/wp\/v2\/users\/5"}],"replies":[{"embeddable":true,"href":"https:\/\/www.praha7.cz\/api\/wp\/v2\/comments?post=81714"}],"version-history":[{"count":1,"href":"https:\/\/www.praha7.cz\/api\/wp\/v2\/posts\/81714\/revisions"}],"predecessor-version":[{"id":81716,"href":"https:\/\/www.praha7.cz\/api\/wp\/v2\/posts\/81714\/revisions\/81716"}],"wp:featuredmedia":[{"embeddable":true,"href":"https:\/\/www.praha7.cz\/api\/wp\/v2\/media\/81715"}],"wp:attachment":[{"href":"https:\/\/www.praha7.cz\/api\/wp\/v2\/media?parent=81714"}],"wp:term":[{"taxonomy":"category","embeddable":true,"href":"https:\/\/www.praha7.cz\/api\/wp\/v2\/categories?post=81714"},{"taxonomy":"post_tag","embeddable":true,"href":"https:\/\/www.praha7.cz\/api\/wp\/v2\/tags?post=81714"}],"curies":[{"name":"wp","href":"https:\/\/api.w.org\/{rel}","templated":true}]}}