    
{"id":81655,"date":"2025-01-15T11:14:03","date_gmt":"2025-01-15T10:14:03","guid":{"rendered":"https:\/\/www.praha7.cz\/?p=81655"},"modified":"2025-01-15T11:14:03","modified_gmt":"2025-01-15T10:14:03","slug":"vydej-parkovacich-opravneni-zmeny-v-roce-2025","status":"publish","type":"post","link":"https:\/\/www.praha7.cz\/vydej-parkovacich-opravneni-zmeny-v-roce-2025\/","title":{"rendered":"V\u00fddej parkovac\u00edch opr\u00e1vn\u011bn\u00ed: zm\u011bny v&nbsp;roce 2025"},"content":{"rendered":"<p>[perex]<\/p>\r\n<p>Upozor\u0148ujeme \u0159idi\u010de na zm\u011bny v\u00a0pravidlech v\u00fddeje parkovac\u00edch opr\u00e1vn\u011bn\u00ed platn\u00e9 od 1.&nbsp;ledna 2025. Zm\u011bny se t\u00fdkaj\u00ed ukon\u010den\u00ed v\u00fddeje p\u0159enosn\u00fdch parkovac\u00edch opr\u00e1vn\u011bn\u00ed a&nbsp;dopln\u011bn\u00ed p\u0159edkl\u00e1dan\u00fdch dokument\u016f u&nbsp;vyp\u016fj\u010den\u00fdch \u010di pronajat\u00fdch vozidel.<\/p>\r\n<p>[\/perex]<\/p>\r\n<p>\u00a0Od 1.&nbsp;1.&nbsp;2025 byla <strong>ukon\u010dena mo\u017enost v\u00fddeje p\u0159enosn\u00fdch parkovac\u00edch opr\u00e1vn\u011bn\u00ed<\/strong>, o&nbsp;kter\u00e9 si mohly \u017e\u00e1dat pr\u00e1vnick\u00e9 nebo fyzick\u00e9 podnikaj\u00edc\u00ed osoby nebo osoby, kter\u00e9 vlastn\u00ed nemovitost v&nbsp;p\u0159\u00edslu\u0161n\u00e9 m\u011bstsk\u00e9 \u010d\u00e1sti. Nad\u00e1le si mohou zakoupit parkovac\u00ed opr\u00e1vn\u011bn\u00ed pro abonenty s\u00a0dolo\u017een\u00edm pr\u00e1vn\u00edho vztahu k\u00a0p\u0159ihla\u0161ovan\u00e9mu vozidlu. P\u0159\u00edslu\u0161n\u00e9 dokumenty pro v\u00fddej parkovac\u00edho opr\u00e1vn\u011bn\u00ed najdete zde: \u00a0<a href=\"https:\/\/www.praha7.cz\/potrebuji-zaridit\/doprava\/parkovani\/parkovaci-karty\/prehled-potrebnych-dokladu-pro-vydej-parkovaciho-opravneni\/#_blank\">P\u0159ehled pot\u0159ebn\u00fdch doklad\u016f pro v\u00fddej parkovac\u00edho opr\u00e1vn\u011bn\u00ed | Praha&nbsp;7<\/a><\/p>\r\n<p>Od 1.&nbsp;1.&nbsp;2025 z\u00e1rove\u0148 doch\u00e1z\u00ed k\u00a0nutnosti <strong>dopln\u011bn\u00ed p\u0159edkl\u00e1dan\u00fdch dokument\u016f<\/strong> p\u0159i prokazov\u00e1n\u00ed platnosti pr\u00e1vn\u00edho vztahu k\u00a0vozidlu, kter\u00e9 \u017eadatel vyu\u017e\u00edv\u00e1 na z\u00e1klad\u011b n\u00e1jemn\u00ed smlouvy \u010di smlouvy o&nbsp;v\u00fdp\u016fj\u010dce vozidla. V\u00a0souladu s&nbsp;doporu\u010den\u00edm metodick\u00e9ho org\u00e1nu Magistr\u00e1tu hl. m. Prahy a&nbsp;platn\u00e9 Metodiky pro v\u00fddej dlouhodob\u00fdch parkovac\u00edch opr\u00e1vn\u011bn\u00ed v&nbsp;z\u00f3n\u00e1ch placen\u00e9ho st\u00e1n\u00ed v\u00a0hl. m. Praze je nyn\u00ed t\u0159eba p\u0159edlo\u017eit tak\u00e9 doklad o&nbsp;zaplacen\u00ed n\u00e1jmu \u010di v\u00a0p\u0159\u00edpad\u011b pot\u0159eby vysv\u011btlen\u00ed v\u00fd\u0161e n\u00e1jmu.<\/p>\r\n<p>Sou\u010dasn\u011b p\u0159ipom\u00edn\u00e1me, \u017ee do\u0161lo k&nbsp;<strong>prodlou\u017een\u00ed bezplatn\u00e9ho parkov\u00e1n\u00ed pro elektromobily <\/strong>do 30.&nbsp;\u010dervna 2025. V\u00edce informac\u00ed se do\u010dtete <a href=\"https:\/\/www.praha7.cz\/prodlouzeni-bezplatneho-parkovani-pro-elektromobily\/\">ZDE<\/a>.\u00a0<\/p>\r\n<p>&nbsp;<\/p>","protected":false},"excerpt":{"rendered":"[perex] Upozor\u0148ujeme \u0159idi\u010de na zm\u011bny v\u00a0pravidlech v\u00fddeje parkovac\u00edch opr\u00e1vn\u011bn\u00ed platn\u00e9 od 1.&nbsp;ledna 2025. Zm\u011bny se t\u00fdkaj\u00ed ukon\u010den\u00ed v\u00fddeje p\u0159enosn\u00fdch parkovac\u00edch opr\u00e1vn\u011bn\u00ed a&nbsp;dopln\u011bn\u00ed p\u0159edkl\u00e1dan\u00fdch dokument\u016f u&nbsp;vyp\u016fj\u010den\u00fdch \u010di pronajat\u00fdch vozidel. [\/perex] \u00a0Od 1.&nbsp;1.&nbsp;2025 byla ukon\u010dena mo\u017enost v\u00fddeje p\u0159enosn\u00fdch parkovac\u00edch opr\u00e1vn\u011bn\u00ed, o&nbsp;kter\u00e9 si mohly \u017e\u00e1dat pr\u00e1vnick\u00e9 nebo fyzick\u00e9 podnikaj\u00edc\u00ed osoby nebo osoby, kter\u00e9 vlastn\u00ed nemovitost v&nbsp;p\u0159\u00edslu\u0161n\u00e9 m\u011bstsk\u00e9 \u010d\u00e1sti. [&hellip;]","protected":false},"author":5,"featured_media":75085,"comment_status":"closed","ping_status":"open","sticky":false,"template":"","format":"standard","meta":[],"categories":[34],"tags":[82],"_links":{"self":[{"href":"https:\/\/www.praha7.cz\/api\/wp\/v2\/posts\/81655"}],"collection":[{"href":"https:\/\/www.praha7.cz\/api\/wp\/v2\/posts"}],"about":[{"href":"https:\/\/www.praha7.cz\/api\/wp\/v2\/types\/post"}],"author":[{"embeddable":true,"href":"https:\/\/www.praha7.cz\/api\/wp\/v2\/users\/5"}],"replies":[{"embeddable":true,"href":"https:\/\/www.praha7.cz\/api\/wp\/v2\/comments?post=81655"}],"version-history":[{"count":1,"href":"https:\/\/www.praha7.cz\/api\/wp\/v2\/posts\/81655\/revisions"}],"predecessor-version":[{"id":81656,"href":"https:\/\/www.praha7.cz\/api\/wp\/v2\/posts\/81655\/revisions\/81656"}],"wp:featuredmedia":[{"embeddable":true,"href":"https:\/\/www.praha7.cz\/api\/wp\/v2\/media\/75085"}],"wp:attachment":[{"href":"https:\/\/www.praha7.cz\/api\/wp\/v2\/media?parent=81655"}],"wp:term":[{"taxonomy":"category","embeddable":true,"href":"https:\/\/www.praha7.cz\/api\/wp\/v2\/categories?post=81655"},{"taxonomy":"post_tag","embeddable":true,"href":"https:\/\/www.praha7.cz\/api\/wp\/v2\/tags?post=81655"}],"curies":[{"name":"wp","href":"https:\/\/api.w.org\/{rel}","templated":true}]}}