    
{"id":81593,"date":"2025-01-14T12:02:35","date_gmt":"2025-01-14T11:02:35","guid":{"rendered":"https:\/\/www.praha7.cz\/?p=81593"},"modified":"2025-01-15T10:43:27","modified_gmt":"2025-01-15T09:43:27","slug":"vystraha-chmu-na-ledovku-do-stredy-15-ledna","status":"publish","type":"post","link":"https:\/\/www.praha7.cz\/vystraha-chmu-na-ledovku-do-stredy-15-ledna\/","title":{"rendered":"V\u00fdstraha \u010cHM\u00da na ledovku: do st\u0159edy 15.&nbsp;ledna"},"content":{"rendered":"<p>[perex]<\/p>\r\n<p>V \u00fater\u00fd ve\u010der, v&nbsp;noci na st\u0159edu (15.&nbsp;ledna 2025) a&nbsp;je\u0161t\u011b i&nbsp;ve st\u0159edu dopoledne je nejv\u011bt\u0161\u00ed pravd\u011bpodobnost mrznouc\u00edch sr\u00e1\u017eek s&nbsp;tvorbou ledovky v&nbsp;z\u00e1padn\u00ed polovin\u011b \u010cech. P\u0159i pohybu venku bu\u010fte pros\u00edm opatrn\u00ed.<\/p>\r\n<p>[\/perex]<\/p>\r\n<h3>Jak se v&nbsp;Praze 7 udr\u017euj\u00ed v&nbsp;zim\u011b chodn\u00edky? Kde najdete n\u00e1doby na \u0161t\u011brk a&nbsp;koho v&nbsp;p\u0159\u00edpad\u011b pot\u0159eby kontaktovat? P\u0159e\u010dt\u011bte si <a href=\"https:\/\/www.praha7.cz\/temata\/uklid-v-praze-7\/zimni-udrzba\/\">zde<\/a>.<\/h3>\r\n<p><img loading=\"lazy\" src=\"https:\/\/www.praha7.cz\/wp-content\/uploads\/2025\/01\/ledovka_14-1.jpg\" alt=\"\" width=\"960\" height=\"540\" class=\"alignnone size-full wp-image-81603\" srcset=\"https:\/\/www.praha7.cz\/wp-content\/uploads\/2025\/01\/ledovka_14-1.jpg 960w, https:\/\/www.praha7.cz\/wp-content\/uploads\/2025\/01\/ledovka_14-1-600x338.jpg 600w, https:\/\/www.praha7.cz\/wp-content\/uploads\/2025\/01\/ledovka_14-1-768x432.jpg 768w\" sizes=\"(max-width: 960px) 100vw, 960px\" \/><\/p>\r\n<p>&nbsp;<\/p>\r\n<p>Aktu\u00e1ln\u00ed informace o&nbsp;po\u010das\u00ed najdete na <a href=\"https:\/\/www.chmi.cz\/files\/portal\/docs\/meteo\/om\/vystrahy\/index.html\" target=\"_blank\" rel=\"noopener\">webu \u010cHM\u00da<\/a>.<\/p>","protected":false},"excerpt":{"rendered":"[perex] V&nbsp;\u00fater\u00fd ve\u010der, v&nbsp;noci na st\u0159edu (15.&nbsp;ledna 2025) a&nbsp;je\u0161t\u011b i&nbsp;ve st\u0159edu dopoledne je nejv\u011bt\u0161\u00ed pravd\u011bpodobnost mrznouc\u00edch sr\u00e1\u017eek s&nbsp;tvorbou ledovky v&nbsp;z\u00e1padn\u00ed polovin\u011b \u010cech. P\u0159i pohybu venku bu\u010fte pros\u00edm opatrn\u00ed. [\/perex] Jak se v&nbsp;Praze 7 udr\u017euj\u00ed v&nbsp;zim\u011b chodn\u00edky? Kde najdete n\u00e1doby na \u0161t\u011brk a&nbsp;koho v&nbsp;p\u0159\u00edpad\u011b pot\u0159eby kontaktovat? P\u0159e\u010dt\u011bte si zde. &nbsp; Aktu\u00e1ln\u00ed informace o&nbsp;po\u010das\u00ed najdete na [&hellip;]","protected":false},"author":251,"featured_media":72955,"comment_status":"closed","ping_status":"open","sticky":false,"template":"","format":"standard","meta":[],"categories":[34],"tags":[111,112],"_links":{"self":[{"href":"https:\/\/www.praha7.cz\/api\/wp\/v2\/posts\/81593"}],"collection":[{"href":"https:\/\/www.praha7.cz\/api\/wp\/v2\/posts"}],"about":[{"href":"https:\/\/www.praha7.cz\/api\/wp\/v2\/types\/post"}],"author":[{"embeddable":true,"href":"https:\/\/www.praha7.cz\/api\/wp\/v2\/users\/251"}],"replies":[{"embeddable":true,"href":"https:\/\/www.praha7.cz\/api\/wp\/v2\/comments?post=81593"}],"version-history":[{"count":1,"href":"https:\/\/www.praha7.cz\/api\/wp\/v2\/posts\/81593\/revisions"}],"predecessor-version":[{"id":81606,"href":"https:\/\/www.praha7.cz\/api\/wp\/v2\/posts\/81593\/revisions\/81606"}],"wp:featuredmedia":[{"embeddable":true,"href":"https:\/\/www.praha7.cz\/api\/wp\/v2\/media\/72955"}],"wp:attachment":[{"href":"https:\/\/www.praha7.cz\/api\/wp\/v2\/media?parent=81593"}],"wp:term":[{"taxonomy":"category","embeddable":true,"href":"https:\/\/www.praha7.cz\/api\/wp\/v2\/categories?post=81593"},{"taxonomy":"post_tag","embeddable":true,"href":"https:\/\/www.praha7.cz\/api\/wp\/v2\/tags?post=81593"}],"curies":[{"name":"wp","href":"https:\/\/api.w.org\/{rel}","templated":true}]}}