    
{"id":81520,"date":"2025-01-09T11:31:06","date_gmt":"2025-01-09T10:31:06","guid":{"rendered":"https:\/\/www.praha7.cz\/?p=81520"},"modified":"2025-01-09T19:13:50","modified_gmt":"2025-01-09T18:13:50","slug":"hobulet-1-25","status":"publish","type":"post","link":"https:\/\/www.praha7.cz\/hobulet-1-25\/","title":{"rendered":"Prvn\u00ed leto\u0161n\u00ed Hobulet je tu"},"content":{"rendered":"<p>[perex]<\/p>\r\n<p>D\u00e1v\u00e1te si s&nbsp;nov\u00fdm rokem p\u0159edsevzet\u00ed? Kdybyste uva\u017eovali t\u0159eba o&nbsp;d\u00e1rcovstv\u00ed krve, v&nbsp;rozhodnut\u00ed v\u00e1m m\u016f\u017ee pomoct hlavn\u00ed t\u00e9ma lednov\u00e9ho Hobuletu, kde se dozv\u00edte spoustu zaj\u00edmavost\u00ed i&nbsp;praktick\u00fdch informac\u00ed. Petr Eli\u00e1\u0161 n\u00e1m d\u00e1 v&nbsp;rozhovoru nahl\u00e9dnout do sv\u011bta statistiky, Denisa Maier do prost\u0159ed\u00ed aerobiku a&nbsp;gymnastiky. Archiv p\u0159ipom\u00edn\u00e1 140 let od zalo\u017een\u00ed sedmi\u010dkov\u00e9ho Sokola. Nechyb\u00ed kulturn\u00ed p\u0159ehled, Stalo se, Aktivn\u00ed 7 a&nbsp;str\u00e1nka pro d\u011bti.\u00a0\u00a0<\/p>\r\n<p>[\/perex]<\/p>\r\n<p>Hobuletem m\u016f\u017eete listovat tak\u00e9 <a href=\"https:\/\/zpravodaj.munipolis.cz\/praha7\/leden-2025\/\" target=\"_blank\" rel=\"noopener\">online<\/a>. Ilustracemi toto \u010d\u00edslo doprovodila Ane\u017eka Ho\u0161kov\u00e1, fotografovala Tereza Havl\u00ednkov\u00e1.<\/p>\r\n<hr \/>\r\n<p>Nedorazil v\u00e1m Hobulet do schr\u00e1nky? Napi\u0161te n\u00e1m pros\u00edm na e-mail <a href=\"mailto:lopezp@praha7.cz\">lopezp@praha7.cz<\/a>, situaci prov\u011b\u0159\u00edme u&nbsp;doru\u010dovatele.<\/p>\r\n<p>Archiv m\u011bs\u00ed\u010dn\u00edku m\u011bstsk\u00e9 \u010d\u00e1sti Praha&nbsp;7 Hobulet najdete\u00a0<a href=\"https:\/\/www.praha7.cz\/hobulet\/archiv-hobuletu\/\">zde<\/a>.<\/p>","protected":false},"excerpt":{"rendered":"[perex] D\u00e1v\u00e1te si s&nbsp;nov\u00fdm rokem p\u0159edsevzet\u00ed? Kdybyste uva\u017eovali t\u0159eba o&nbsp;d\u00e1rcovstv\u00ed krve, v&nbsp;rozhodnut\u00ed v\u00e1m m\u016f\u017ee pomoct hlavn\u00ed t\u00e9ma lednov\u00e9ho Hobuletu, kde se dozv\u00edte spoustu zaj\u00edmavost\u00ed i&nbsp;praktick\u00fdch informac\u00ed. Petr Eli\u00e1\u0161 n\u00e1m d\u00e1 v&nbsp;rozhovoru nahl\u00e9dnout do sv\u011bta statistiky, Denisa Maier do prost\u0159ed\u00ed aerobiku a&nbsp;gymnastiky. Archiv p\u0159ipom\u00edn\u00e1 140 let od zalo\u017een\u00ed sedmi\u010dkov\u00e9ho Sokola. Nechyb\u00ed kulturn\u00ed p\u0159ehled, Stalo se, Aktivn\u00ed [&hellip;]","protected":false},"author":251,"featured_media":81523,"comment_status":"closed","ping_status":"open","sticky":false,"template":"","format":"standard","meta":[],"categories":[34],"tags":[116],"_links":{"self":[{"href":"https:\/\/www.praha7.cz\/api\/wp\/v2\/posts\/81520"}],"collection":[{"href":"https:\/\/www.praha7.cz\/api\/wp\/v2\/posts"}],"about":[{"href":"https:\/\/www.praha7.cz\/api\/wp\/v2\/types\/post"}],"author":[{"embeddable":true,"href":"https:\/\/www.praha7.cz\/api\/wp\/v2\/users\/251"}],"replies":[{"embeddable":true,"href":"https:\/\/www.praha7.cz\/api\/wp\/v2\/comments?post=81520"}],"version-history":[{"count":2,"href":"https:\/\/www.praha7.cz\/api\/wp\/v2\/posts\/81520\/revisions"}],"predecessor-version":[{"id":81532,"href":"https:\/\/www.praha7.cz\/api\/wp\/v2\/posts\/81520\/revisions\/81532"}],"wp:featuredmedia":[{"embeddable":true,"href":"https:\/\/www.praha7.cz\/api\/wp\/v2\/media\/81523"}],"wp:attachment":[{"href":"https:\/\/www.praha7.cz\/api\/wp\/v2\/media?parent=81520"}],"wp:term":[{"taxonomy":"category","embeddable":true,"href":"https:\/\/www.praha7.cz\/api\/wp\/v2\/categories?post=81520"},{"taxonomy":"post_tag","embeddable":true,"href":"https:\/\/www.praha7.cz\/api\/wp\/v2\/tags?post=81520"}],"curies":[{"name":"wp","href":"https:\/\/api.w.org\/{rel}","templated":true}]}}