    
{"id":81501,"date":"2025-01-08T15:15:04","date_gmt":"2025-01-08T14:15:04","guid":{"rendered":"https:\/\/www.praha7.cz\/?p=81501"},"modified":"2025-01-08T15:15:04","modified_gmt":"2025-01-08T14:15:04","slug":"zmena-terminu-pravni-poradny-pro-seniory-3","status":"publish","type":"post","link":"https:\/\/www.praha7.cz\/zmena-terminu-pravni-poradny-pro-seniory-3\/","title":{"rendered":"Zm\u011bna term\u00ednu pr\u00e1vn\u00ed poradny pro seniory"},"content":{"rendered":"<p>[perex]<\/p>\r\n<p>Upozor\u0148ujeme na zm\u011bnu term\u00ednu pr\u00e1vn\u00ed poradny pro seniory. M\u00edsto p\u016fvodn\u011b pl\u00e1novan\u00e9ho term\u00ednu 22.&nbsp;1.&nbsp;se pr\u00e1vn\u00ed poradna uskute\u010dn\u00ed <strong>29.&nbsp;1.&nbsp;2025<\/strong>. Pr\u00e1vn\u00ed poradna se kon\u00e1 od 15 do 18 hodin v&nbsp;zasedac\u00ed m\u00edstnosti 2.09 (2.&nbsp;patro), U&nbsp;Pr\u016fhonu 1338\/38.<\/p>\r\n<p>V\u00edce informac\u00ed a\u00a0dal\u0161\u00ed term\u00edny najdete\u00a0<a href=\"https:\/\/www.praha7.cz\/temata\/pravni-poradna\/\">ZDE<\/a>.<\/p>\r\n<p>[\/perex]<\/p>","protected":false},"excerpt":{"rendered":"[perex] Upozor\u0148ujeme na zm\u011bnu term\u00ednu pr\u00e1vn\u00ed poradny pro seniory. M\u00edsto p\u016fvodn\u011b pl\u00e1novan\u00e9ho term\u00ednu 22.&nbsp;1.&nbsp;se pr\u00e1vn\u00ed poradna uskute\u010dn\u00ed 29.&nbsp;1.&nbsp;2025. Pr\u00e1vn\u00ed poradna se kon\u00e1 od 15 do 18 hodin v&nbsp;zasedac\u00ed m\u00edstnosti 2.09 (2.&nbsp;patro), U&nbsp;Pr\u016fhonu 1338\/38. V\u00edce informac\u00ed a\u00a0dal\u0161\u00ed term\u00edny najdete\u00a0ZDE. [\/perex]","protected":false},"author":5,"featured_media":19229,"comment_status":"closed","ping_status":"open","sticky":false,"template":"","format":"standard","meta":[],"categories":[34],"tags":[84,115],"_links":{"self":[{"href":"https:\/\/www.praha7.cz\/api\/wp\/v2\/posts\/81501"}],"collection":[{"href":"https:\/\/www.praha7.cz\/api\/wp\/v2\/posts"}],"about":[{"href":"https:\/\/www.praha7.cz\/api\/wp\/v2\/types\/post"}],"author":[{"embeddable":true,"href":"https:\/\/www.praha7.cz\/api\/wp\/v2\/users\/5"}],"replies":[{"embeddable":true,"href":"https:\/\/www.praha7.cz\/api\/wp\/v2\/comments?post=81501"}],"version-history":[{"count":1,"href":"https:\/\/www.praha7.cz\/api\/wp\/v2\/posts\/81501\/revisions"}],"predecessor-version":[{"id":81505,"href":"https:\/\/www.praha7.cz\/api\/wp\/v2\/posts\/81501\/revisions\/81505"}],"wp:featuredmedia":[{"embeddable":true,"href":"https:\/\/www.praha7.cz\/api\/wp\/v2\/media\/19229"}],"wp:attachment":[{"href":"https:\/\/www.praha7.cz\/api\/wp\/v2\/media?parent=81501"}],"wp:term":[{"taxonomy":"category","embeddable":true,"href":"https:\/\/www.praha7.cz\/api\/wp\/v2\/categories?post=81501"},{"taxonomy":"post_tag","embeddable":true,"href":"https:\/\/www.praha7.cz\/api\/wp\/v2\/tags?post=81501"}],"curies":[{"name":"wp","href":"https:\/\/api.w.org\/{rel}","templated":true}]}}