    
{"id":81485,"date":"2025-01-08T12:19:09","date_gmt":"2025-01-08T11:19:09","guid":{"rendered":"https:\/\/www.praha7.cz\/?p=81485"},"modified":"2025-01-08T12:19:09","modified_gmt":"2025-01-08T11:19:09","slug":"plavani-seniori-25","status":"publish","type":"post","link":"https:\/\/www.praha7.cz\/plavani-seniori-25\/","title":{"rendered":"Hur\u00e1 do baz\u00e9nu! Plav\u00e1n\u00ed pro seniory op\u011bt od \u00fanora"},"content":{"rendered":"<p>[perex]<\/p>\r\n<p>Od \u00fanora 2025 jsme pro seniory z&nbsp;Prahy&nbsp;7 op\u011bt p\u0159ipravili plav\u00e1n\u00ed s&nbsp;cvi\u010den\u00edm v&nbsp;baz\u00e9nu na V\u00fdstavi\u0161ti. Kurz vede profesion\u00e1ln\u00ed lektorka v&nbsp;term\u00ednech uveden\u00fdch n\u00ed\u017ee v\u017edy od 13 do 14 hodin. Rezervace p\u0159ij\u00edm\u00e1me (do napln\u011bn\u00ed kapacity) v&nbsp;pond\u011bl\u00ed 27.&nbsp;ledna 2025 od 9.00 do 11.00, pouze osobn\u011b, ve Vod\u00e1rensk\u00e9 v\u011b\u017ei Letn\u00e1, vstup z&nbsp;ulice Korunova\u010dn\u00ed. Rezervovat lze maxim\u00e1ln\u011b p\u011bt term\u00edn\u016f, vstupn\u00e9 20&nbsp;K\u010d se hrad\u00ed v&nbsp;pokladn\u011b baz\u00e9nu.<\/p>\r\n<p>[\/perex]<\/p>\r\n<p><strong>Term\u00edny:<\/strong><\/p>\r\n<p>\u00danor\u00a0 \u00a0 \u00a0 3., 7., 10., 14., 17., 21., 24., 28.<\/p>\r\n<p>B\u0159ezen\u00a0 \u00a03., 7., 10., 14., 17., 21., 24., 28., 31.<\/p>\r\n<p>Duben\u00a0 \u00a04., 7., 11., 14., 25., 28.<\/p>\r\n<p>Kv\u011bten\u00a0 2., 5., 9., 12., 16., 19., 23., 26., 30.<\/p>\r\n<p>&nbsp;<\/p>\r\n<p><a href=\"https:\/\/navystavisti.cz\/sport\/plavecky-bazen\/\" target=\"_blank\" rel=\"noopener\">Plaveck\u00fd baz\u00e9n na V\u00fdstavi\u0161ti<\/a>, Praha&nbsp;7<\/p>\r\n<p>&nbsp;<\/p>\r\n<p>\u010clenov\u00e9 klubu senior\u016f M\u010c Praha&nbsp;7 p\u0159edlo\u017e\u00ed p\u0159i registraci \u010dlenskou kartu.<\/p>\r\n<p>Vstupn\u00e9 20&nbsp;K\u010d se hrad\u00ed v&nbsp;pokladn\u011b baz\u00e9nu.<\/p>\r\n<p>&nbsp;<\/p>\r\n<p><strong>Informace o\u00a0tomto i\u00a0dal\u0161\u00edch pohybov\u00fdch programech najdete\u00a0<a href=\"https:\/\/www.praha7.cz\/volny-cas-prehled\/seniori\/pohybove-aktivity\/\">ZDE<\/a>.<\/strong><\/p>\r\n<p>&nbsp;<\/p>","protected":false},"excerpt":{"rendered":"[perex] Od \u00fanora 2025 jsme pro seniory z&nbsp;Prahy&nbsp;7 op\u011bt p\u0159ipravili plav\u00e1n\u00ed s&nbsp;cvi\u010den\u00edm v&nbsp;baz\u00e9nu na V\u00fdstavi\u0161ti. Kurz vede profesion\u00e1ln\u00ed lektorka v&nbsp;term\u00ednech uveden\u00fdch n\u00ed\u017ee v\u017edy od 13 do 14 hodin. Rezervace p\u0159ij\u00edm\u00e1me (do napln\u011bn\u00ed kapacity) v&nbsp;pond\u011bl\u00ed 27.&nbsp;ledna 2025 od 9.00 do 11.00, pouze osobn\u011b, ve Vod\u00e1rensk\u00e9 v\u011b\u017ei Letn\u00e1, vstup z&nbsp;ulice Korunova\u010dn\u00ed. Rezervovat lze maxim\u00e1ln\u011b p\u011bt term\u00edn\u016f, vstupn\u00e9 [&hellip;]","protected":false},"author":251,"featured_media":60353,"comment_status":"closed","ping_status":"open","sticky":false,"template":"","format":"standard","meta":[],"categories":[34],"tags":[115,122],"_links":{"self":[{"href":"https:\/\/www.praha7.cz\/api\/wp\/v2\/posts\/81485"}],"collection":[{"href":"https:\/\/www.praha7.cz\/api\/wp\/v2\/posts"}],"about":[{"href":"https:\/\/www.praha7.cz\/api\/wp\/v2\/types\/post"}],"author":[{"embeddable":true,"href":"https:\/\/www.praha7.cz\/api\/wp\/v2\/users\/251"}],"replies":[{"embeddable":true,"href":"https:\/\/www.praha7.cz\/api\/wp\/v2\/comments?post=81485"}],"version-history":[{"count":1,"href":"https:\/\/www.praha7.cz\/api\/wp\/v2\/posts\/81485\/revisions"}],"predecessor-version":[{"id":81486,"href":"https:\/\/www.praha7.cz\/api\/wp\/v2\/posts\/81485\/revisions\/81486"}],"wp:featuredmedia":[{"embeddable":true,"href":"https:\/\/www.praha7.cz\/api\/wp\/v2\/media\/60353"}],"wp:attachment":[{"href":"https:\/\/www.praha7.cz\/api\/wp\/v2\/media?parent=81485"}],"wp:term":[{"taxonomy":"category","embeddable":true,"href":"https:\/\/www.praha7.cz\/api\/wp\/v2\/categories?post=81485"},{"taxonomy":"post_tag","embeddable":true,"href":"https:\/\/www.praha7.cz\/api\/wp\/v2\/tags?post=81485"}],"curies":[{"name":"wp","href":"https:\/\/api.w.org\/{rel}","templated":true}]}}