    
{"id":81479,"date":"2025-01-08T08:20:05","date_gmt":"2025-01-08T07:20:05","guid":{"rendered":"https:\/\/www.praha7.cz\/?p=81479"},"modified":"2025-01-08T13:22:00","modified_gmt":"2025-01-08T12:22:00","slug":"havarie-vody-v-ulici-kostelni","status":"publish","type":"post","link":"https:\/\/www.praha7.cz\/havarie-vody-v-ulici-kostelni\/","title":{"rendered":"Hav\u00e1rie vody v&nbsp;ulici Kosteln\u00ed"},"content":{"rendered":"<p>[perex]<\/p>\r\n<p>Upozor\u0148ujeme na poruchu vodovodn\u00edho \u0159adu v&nbsp;Kosteln\u00ed 292\/9. Bez vody ul. Kosteln\u00ed. N\u00e1hradn\u00ed z\u00e1sobov\u00e1n\u00ed zaji\u0161t\u011bno. P\u0159edpoklad ukon\u010den\u00ed opravy ve st\u0159edu 8.&nbsp;ledna 2025 odpoledn\u00edch hodin\u00e1ch.<\/p>\r\n<p>[\/perex]<\/p>\r\n<p>Aktu\u00e1ln\u00ed informace najdete na <a href=\"https:\/\/www.pvk.cz\/aktuality\/havarie\/\" target=\"_blank\" rel=\"noopener\">webu PVK<\/a>.<\/p>","protected":false},"excerpt":{"rendered":"[perex] Upozor\u0148ujeme na poruchu vodovodn\u00edho \u0159adu v&nbsp;Kosteln\u00ed 292\/9. Bez vody ul. Kosteln\u00ed. N\u00e1hradn\u00ed z\u00e1sobov\u00e1n\u00ed zaji\u0161t\u011bno. P\u0159edpoklad ukon\u010den\u00ed opravy ve st\u0159edu 8.&nbsp;ledna 2025 odpoledn\u00edch hodin\u00e1ch. [\/perex] Aktu\u00e1ln\u00ed informace najdete na webu PVK.","protected":false},"author":251,"featured_media":76621,"comment_status":"closed","ping_status":"open","sticky":false,"template":"","format":"standard","meta":[],"categories":[34],"tags":[126],"_links":{"self":[{"href":"https:\/\/www.praha7.cz\/api\/wp\/v2\/posts\/81479"}],"collection":[{"href":"https:\/\/www.praha7.cz\/api\/wp\/v2\/posts"}],"about":[{"href":"https:\/\/www.praha7.cz\/api\/wp\/v2\/types\/post"}],"author":[{"embeddable":true,"href":"https:\/\/www.praha7.cz\/api\/wp\/v2\/users\/251"}],"replies":[{"embeddable":true,"href":"https:\/\/www.praha7.cz\/api\/wp\/v2\/comments?post=81479"}],"version-history":[{"count":2,"href":"https:\/\/www.praha7.cz\/api\/wp\/v2\/posts\/81479\/revisions"}],"predecessor-version":[{"id":81481,"href":"https:\/\/www.praha7.cz\/api\/wp\/v2\/posts\/81479\/revisions\/81481"}],"wp:featuredmedia":[{"embeddable":true,"href":"https:\/\/www.praha7.cz\/api\/wp\/v2\/media\/76621"}],"wp:attachment":[{"href":"https:\/\/www.praha7.cz\/api\/wp\/v2\/media?parent=81479"}],"wp:term":[{"taxonomy":"category","embeddable":true,"href":"https:\/\/www.praha7.cz\/api\/wp\/v2\/categories?post=81479"},{"taxonomy":"post_tag","embeddable":true,"href":"https:\/\/www.praha7.cz\/api\/wp\/v2\/tags?post=81479"}],"curies":[{"name":"wp","href":"https:\/\/api.w.org\/{rel}","templated":true}]}}