    
{"id":81424,"date":"2025-01-07T12:15:32","date_gmt":"2025-01-07T11:15:32","guid":{"rendered":"https:\/\/www.praha7.cz\/?p=81424"},"modified":"2025-01-07T12:15:32","modified_gmt":"2025-01-07T11:15:32","slug":"estetika-a-drina","status":"publish","type":"post","link":"https:\/\/www.praha7.cz\/estetika-a-drina\/","title":{"rendered":"Estetika a&nbsp;d\u0159ina"},"content":{"rendered":"<p>Ke sportu p\u0159ivedla Denisu Maier maminka u\u017e ve \u010dty\u0159ech letech. \u201eP\u016fvodn\u011b jsem m\u011bla jen cvi\u010dit a&nbsp;z\u00edskat z\u00e1kladn\u00ed pohybov\u00e9 n\u00e1vyky, ale brzy jsem se dostala do gymnastick\u00e9ho v\u00fdb\u011bru a&nbsp;za\u010dala tr\u00e9novat n\u011bkolikr\u00e1t t\u00fddn\u011b. Bylo to n\u00e1ro\u010dn\u00e9, v\u00fdkonnostn\u00ed sport nen\u00ed pro ka\u017ed\u00e9ho. Ale my jsme byli parta, kter\u00e1 si to u\u017e\u00edvala a&nbsp;vz\u00e1jemn\u011b se podporovala.\u201c I&nbsp;p\u0159es sv\u016fj talent musela Denisa kv\u016fli \u010dast\u00fdm \u00faraz\u016fm v&nbsp;15 letech s&nbsp;gymnastikou skon\u010dit. U\u017e tehdy ale v\u011bd\u011bla, \u017ee chce pracovat s&nbsp;d\u011btmi. Od ml\u00e1d\u00ed jezdila na d\u011btsk\u00e9 t\u00e1bory a&nbsp;po gymn\u00e1ziu se rozhodla pro studium pedagogiky, konkr\u00e9tn\u011b t\u011blesn\u00e9 v\u00fdchovy a&nbsp;v\u00fdchovy ke zdrav\u00ed. Na \u010das zkusila tak\u00e9 anal\u00fdzu potravin na V\u0160CHT, ale rychle zjistila, \u017ee ji pr\u00e1ce v&nbsp;laborato\u0159i nel\u00e1k\u00e1 \u2013 pot\u0159ebuje b\u00fdt mezi lidmi a\u00a0v\u00a0pohybu.<\/p>\r\n<p>U\u017e b\u011bhem studi\u00ed se j\u00ed v&nbsp;hlav\u011b rodil pl\u00e1n na zalo\u017een\u00ed vlastn\u00edho sportovn\u00edho klubu. Ten se j\u00ed poda\u0159ilo uskute\u010dnit v&nbsp;roce 2018 na Z\u0160 T. G. M., kde tak\u00e9 u\u010dila. \u201eNa pr\u00e1ci s&nbsp;d\u011btmi m\u011b bav\u00ed jejich rozmanitost \u2013 ka\u017ed\u00e9 d\u00edt\u011b je jin\u00e9 a&nbsp;vy\u017eaduje individu\u00e1ln\u00ed p\u0159\u00edstup. Nejv\u00edce si cen\u00edm t\u011bch, kter\u00e9 nemaj\u00ed p\u0159irozen\u00fd talent, ale tvrd\u011b na sob\u011b pracuj\u00ed. I&nbsp;do \u017eivota je to skv\u011bl\u00e1 vlastnost.\u201c V&nbsp;klubu dnes cvi\u010d\u00ed p\u0159es 60 d\u011bt\u00ed, a&nbsp;to jak ve sportovn\u00ed p\u0159\u00edpravce zam\u011b\u0159en\u00e9 na v\u0161estrannost, tak z\u00e1vodn\u011b ve sportovn\u00edm aerobiku. Ned\u00e1vno p\u0159idali tak\u00e9 kurz gymnastiky. V&nbsp;b\u0159eznu 2023 nav\u00edc z\u00edskali ocen\u011bn\u00ed Skokan roku od \u010cesk\u00e9ho svazu aerobiku.<\/p>\r\n<p>Denisa si zakl\u00e1d\u00e1 na tom, aby byl klub m\u00edstem, kde se mohou d\u011bti rozv\u00edjet nejen po sportovn\u00ed str\u00e1nce, ale tak\u00e9 z\u00edskat psychickou podporu. \u201eChci, aby m\u011bly pocit, \u017ee pat\u0159\u00ed do t\u00fdmu, kde se mohou spolehnout na ostatn\u00ed.\u201c Tento p\u0159\u00edstup si p\u0159inesla ze sv\u00fdch vlastn\u00edch zku\u0161enost\u00ed \u2013 v&nbsp;klubu s&nbsp;n\u00ed dnes pracuj\u00ed jej\u00ed nejlep\u0161\u00ed kamar\u00e1dka a&nbsp;sestra, se kter\u00fdmi sd\u00edl\u00ed nejen profesn\u00ed, ale i&nbsp;osobn\u00ed podporu. B\u011bhem mate\u0159stv\u00ed j\u00ed byly a&nbsp;jsou velkou oporou, stejn\u011b jako jej\u00ed rodina, bez n\u00ed\u017e by p\u00e9\u010di o&nbsp;klub nemohla skloubit s&nbsp;p\u00e9\u010d\u00ed o&nbsp;d\u00edt\u011b.<\/p>\r\n<p>Aerobik podle n\u00ed vy\u017eaduje v\u0161estrannost. \u201eJe to sport, kter\u00fd spojuje s\u00edlu, vytrvalost a&nbsp;kr\u00e1su. D\u011btem pom\u00e1h\u00e1, kdy\u017e maj\u00ed gymnastickou pr\u016fpravu a&nbsp;dokonale ovl\u00e1daj\u00ed z\u00e1kladn\u00ed pohybov\u00e9 dovednosti, proto\u017ee ty jsou kl\u00ed\u010dov\u00e9 pro zvl\u00e1dnut\u00ed slo\u017eit\u011bj\u0161\u00edch sestav. Estetick\u00e1 str\u00e1nka zase zahrnuje zdoben\u00e9 dresy, d\u016fraz na precizn\u00ed proveden\u00ed, sebejist\u00fd projev a&nbsp;p\u011bkn\u00fd v\u00fdraz u&nbsp;n\u00e1ro\u010dn\u00e9 sestavy. Roli rozhod\u010d\u00edch si ned\u00e1vno vyzkou\u0161eli i&nbsp;rodi\u010de d\u011bt\u00ed p\u0159i klubov\u00e9m z\u00e1vod\u011b nap\u0159\u00ed\u010d kategoriemi. \u201eZjistili, jak je to n\u00e1ro\u010dn\u00e9, nejen po str\u00e1nce organiza\u010dn\u00ed, ale i&nbsp;t\u00e9 hodnotic\u00ed. Uv\u011bdomila jsem si ale p\u0159itom, \u017ee na to nejsem sama, \u017ee m\u00e1m kolem sebe rodiny, kter\u00e9 pro sport tak\u00e9 \u017eij\u00ed. Dal\u0161\u00ed m\u016fj c\u00edl tak je uspo\u0159\u00e1dat z\u00e1vod, po\u0159\u00e1dan\u00fd na\u0161\u00edm klubem pod z\u00e1\u0161titou \u010desk\u00e9ho svazu aerobiku a&nbsp;fitness Fisaf.cz. Do budoucna bych tak\u00e9 r\u00e1da zajistila d\u011btem pravidelnou fyzioterapeutickou p\u00e9\u010di a&nbsp;dostala sv\u00e9 sv\u011b\u0159ence do nejvy\u0161\u0161\u00ed v\u00fdkonnostn\u00ed t\u0159\u00eddy, kter\u00e1 je na \u00farovni sportovn\u00edho a&nbsp;fitness aerobiku,\u201c \u0159\u00edk\u00e1 a&nbsp;s&nbsp;\u00fasm\u011bvem dod\u00e1v\u00e1, \u017ee za\u010d\u00e1tkem ledna bude prob\u00edhat dal\u0161\u00ed men\u0161\u00ed n\u00e1bor do jej\u00edho klubu ASK Denisy Herodesov\u00e9.<\/p>","protected":false},"excerpt":{"rendered":"Ke sportu p\u0159ivedla Denisu Maier maminka u\u017e ve \u010dty\u0159ech letech. \u201eP\u016fvodn\u011b jsem m\u011bla jen cvi\u010dit a&nbsp;z\u00edskat z\u00e1kladn\u00ed pohybov\u00e9 n\u00e1vyky, ale brzy jsem se dostala do gymnastick\u00e9ho v\u00fdb\u011bru a&nbsp;za\u010dala tr\u00e9novat n\u011bkolikr\u00e1t t\u00fddn\u011b. Bylo to n\u00e1ro\u010dn\u00e9, v\u00fdkonnostn\u00ed sport nen\u00ed pro ka\u017ed\u00e9ho. Ale my jsme byli parta, kter\u00e1 si to u\u017e\u00edvala a&nbsp;vz\u00e1jemn\u011b se podporovala.\u201c I&nbsp;p\u0159es sv\u016fj talent musela [&hellip;]","protected":false},"author":292,"featured_media":81425,"comment_status":"closed","ping_status":"open","sticky":false,"template":"","format":"standard","meta":[],"categories":[37],"tags":[],"_links":{"self":[{"href":"https:\/\/www.praha7.cz\/api\/wp\/v2\/posts\/81424"}],"collection":[{"href":"https:\/\/www.praha7.cz\/api\/wp\/v2\/posts"}],"about":[{"href":"https:\/\/www.praha7.cz\/api\/wp\/v2\/types\/post"}],"author":[{"embeddable":true,"href":"https:\/\/www.praha7.cz\/api\/wp\/v2\/users\/292"}],"replies":[{"embeddable":true,"href":"https:\/\/www.praha7.cz\/api\/wp\/v2\/comments?post=81424"}],"version-history":[{"count":1,"href":"https:\/\/www.praha7.cz\/api\/wp\/v2\/posts\/81424\/revisions"}],"predecessor-version":[{"id":81426,"href":"https:\/\/www.praha7.cz\/api\/wp\/v2\/posts\/81424\/revisions\/81426"}],"wp:featuredmedia":[{"embeddable":true,"href":"https:\/\/www.praha7.cz\/api\/wp\/v2\/media\/81425"}],"wp:attachment":[{"href":"https:\/\/www.praha7.cz\/api\/wp\/v2\/media?parent=81424"}],"wp:term":[{"taxonomy":"category","embeddable":true,"href":"https:\/\/www.praha7.cz\/api\/wp\/v2\/categories?post=81424"},{"taxonomy":"post_tag","embeddable":true,"href":"https:\/\/www.praha7.cz\/api\/wp\/v2\/tags?post=81424"}],"curies":[{"name":"wp","href":"https:\/\/api.w.org\/{rel}","templated":true}]}}