    
{"id":81391,"date":"2025-01-06T15:37:15","date_gmt":"2025-01-06T14:37:15","guid":{"rendered":"https:\/\/www.praha7.cz\/?p=81391"},"modified":"2025-01-13T11:48:41","modified_gmt":"2025-01-13T10:48:41","slug":"trikralovy-koncert-charity-praha-holesovice-12-1","status":"publish","type":"post","link":"https:\/\/www.praha7.cz\/trikralovy-koncert-charity-praha-holesovice-12-1\/","title":{"rendered":"T\u0159\u00edkr\u00e1lov\u00fd koncert Charity Praha-Hole\u0161ovice 12.&nbsp;1."},"content":{"rendered":"<p>[perex]<\/p>\r\n<p><a href=\"https:\/\/charitap7.cz\/\" target=\"_blank\" rel=\"noopener\">Charita Praha-Hole\u0161ovice<\/a> v\u00e1s srde\u010dn\u011b zve na T\u0159\u00edkr\u00e1lov\u00fd koncert, kter\u00fd se bude konat v&nbsp;ned\u011bli 12.&nbsp;ledna 2025 od 16.30 v&nbsp;kostele sv. Anton\u00edna na Strossmayerov\u011b n\u00e1m\u011bst\u00ed. Vstup voln\u00fd, v\u00fdt\u011b\u017eek bude v\u011bnov\u00e1n na pomoc lidem v&nbsp;nouzi.<\/p>\r\n<p>[\/perex]<\/p>\r\n<p>Zazn\u00ed skladby Anton\u00edna Dvo\u0159\u00e1ka, Georga F. H\u00e4ndela, Franze Schuberta a&nbsp;C\u00e9sara Francka.<\/p>\r\n<p>Vystoup\u00ed Anna Langerov\u00e1, Iveta Brukov\u00e1, Martin B\u011blohl\u00e1vek a&nbsp;Luk\u00e1\u0161 Dvo\u0159\u00e1k. \u00a0<\/p>","protected":false},"excerpt":{"rendered":"[perex] Charita Praha-Hole\u0161ovice v\u00e1s srde\u010dn\u011b zve na T\u0159\u00edkr\u00e1lov\u00fd koncert, kter\u00fd se bude konat v&nbsp;ned\u011bli 12.&nbsp;ledna 2025 od 16.30 v&nbsp;kostele sv. Anton\u00edna na Strossmayerov\u011b n\u00e1m\u011bst\u00ed. Vstup voln\u00fd, v\u00fdt\u011b\u017eek bude v\u011bnov\u00e1n na pomoc lidem v&nbsp;nouzi. [\/perex] Zazn\u00ed skladby Anton\u00edna Dvo\u0159\u00e1ka, Georga F. H\u00e4ndela, Franze Schuberta a&nbsp;C\u00e9sara Francka. Vystoup\u00ed Anna Langerov\u00e1, Iveta Brukov\u00e1, Martin B\u011blohl\u00e1vek a&nbsp;Luk\u00e1\u0161 Dvo\u0159\u00e1k. \u00a0","protected":false},"author":251,"featured_media":79388,"comment_status":"closed","ping_status":"open","sticky":false,"template":"","format":"standard","meta":[],"categories":[34],"tags":[117,106],"_links":{"self":[{"href":"https:\/\/www.praha7.cz\/api\/wp\/v2\/posts\/81391"}],"collection":[{"href":"https:\/\/www.praha7.cz\/api\/wp\/v2\/posts"}],"about":[{"href":"https:\/\/www.praha7.cz\/api\/wp\/v2\/types\/post"}],"author":[{"embeddable":true,"href":"https:\/\/www.praha7.cz\/api\/wp\/v2\/users\/251"}],"replies":[{"embeddable":true,"href":"https:\/\/www.praha7.cz\/api\/wp\/v2\/comments?post=81391"}],"version-history":[{"count":2,"href":"https:\/\/www.praha7.cz\/api\/wp\/v2\/posts\/81391\/revisions"}],"predecessor-version":[{"id":81393,"href":"https:\/\/www.praha7.cz\/api\/wp\/v2\/posts\/81391\/revisions\/81393"}],"wp:featuredmedia":[{"embeddable":true,"href":"https:\/\/www.praha7.cz\/api\/wp\/v2\/media\/79388"}],"wp:attachment":[{"href":"https:\/\/www.praha7.cz\/api\/wp\/v2\/media?parent=81391"}],"wp:term":[{"taxonomy":"category","embeddable":true,"href":"https:\/\/www.praha7.cz\/api\/wp\/v2\/categories?post=81391"},{"taxonomy":"post_tag","embeddable":true,"href":"https:\/\/www.praha7.cz\/api\/wp\/v2\/tags?post=81391"}],"curies":[{"name":"wp","href":"https:\/\/api.w.org\/{rel}","templated":true}]}}