    
{"id":8134,"date":"2017-10-17T15:34:16","date_gmt":"2017-10-17T13:34:16","guid":{"rendered":"https:\/\/praha7.cz\/?p=8134"},"modified":"2017-10-17T15:34:16","modified_gmt":"2017-10-17T13:34:16","slug":"zacina-prvni-faze-rekonstrukce-vltavske","status":"publish","type":"post","link":"https:\/\/www.praha7.cz\/zacina-prvni-faze-rekonstrukce-vltavske\/","title":{"rendered":"Za\u010d\u00edn\u00e1 prvn\u00ed f\u00e1ze rekonstrukce Vltavsk\u00e9"},"content":{"rendered":"<p>[perex]<\/p>Okol\u00ed stanice MHD Vltavsk\u00e1 \u010dekaj\u00ed zm\u011bny. Dopravn\u00ed podnik hl. m. Prahy zde v&nbsp;\u00fater\u00fd 17.&nbsp;\u0159\u00edjna zah\u00e1jil rekonstrukci schodi\u0161t\u011b vedle hlavn\u00edho vchodu do vestibulu metra. Zhruba od poloviny listopadu pak za\u010dne odstran\u011bn\u00ed nevyu\u017e\u00edvan\u00e9 l\u00e1vky pro p\u011b\u0161\u00ed.<p>[\/perex]<\/p><p>Rekonstrukce schodi\u0161t\u011b na pochoz\u00ed st\u0159echu nadzemn\u00ed \u010d\u00e1sti stanice bude prob\u00edhat od 17.&nbsp;10.&nbsp;do 22.&nbsp;11. Je\u0161t\u011b v\u00a0pr\u016fb\u011bhu t\u011bchto prac\u00ed nav\u00e1\u017ee druh\u00e1 f\u00e1ze \u00faprav, kdy bude odstran\u011bna l\u00e1vka pro p\u011b\u0161\u00ed a&nbsp;upraveny dot\u010den\u00e9 konstrukce. Tato f\u00e1ze bude prob\u00edhat od 13.&nbsp;11.&nbsp;do 8.&nbsp;12.<\/p>\r\n<p>V\u00a0pr\u016fb\u011bhu druh\u00e9 f\u00e1ze prac\u00ed bude uzav\u0159en hlavn\u00ed v\u00fdchod z\u00a0nadzemn\u00ed \u010d\u00e1sti stanice sm\u011brem k\u00a0zast\u00e1vk\u00e1m tramvaje a&nbsp;bude \u010d\u00e1ste\u010dn\u011b omezen pohyb cestuj\u00edc\u00edch v\u00a0okol\u00ed stanice. Cestuj\u00edc\u00ed budou sm\u011b\u0159ov\u00e1ni do podchodu vedouc\u00edmu k\u00a0jednotliv\u00fdm v\u00fdstup\u016fm. Po celou dobu realizace z\u016fstane otev\u0159en\u00fd severn\u00ed v\u00fdstup z\u00a0nadzemn\u00ed \u010d\u00e1sti stanice, kter\u00fd byl zprovozn\u011bn na \u017e\u00e1dost Prahy&nbsp;7 z\u00a0d\u016fvodu z\u0159\u00edzen\u00ed provizorn\u00ed vlakov\u00e9 zast\u00e1vky Praha \u2013 Bubny.<\/p>\r\n<p>P\u0159ed zah\u00e1jen\u00edm 2.&nbsp;f\u00e1ze rekonstrukce zajist\u00ed Dopravn\u00ed podnik informa\u010dn\u00ed zna\u010den\u00ed pro cestuj\u00edc\u00ed.<\/p>","protected":false},"excerpt":{"rendered":"[perex]Okol\u00ed stanice MHD Vltavsk\u00e1 \u010dekaj\u00ed zm\u011bny. Dopravn\u00ed podnik hl. m. Prahy zde v&nbsp;\u00fater\u00fd 17.&nbsp;\u0159\u00edjna zah\u00e1jil rekonstrukci schodi\u0161t\u011b vedle hlavn\u00edho vchodu do vestibulu metra. Zhruba od poloviny listopadu pak za\u010dne odstran\u011bn\u00ed nevyu\u017e\u00edvan\u00e9 l\u00e1vky pro p\u011b\u0161\u00ed.[\/perex]Rekonstrukce schodi\u0161t\u011b na pochoz\u00ed st\u0159echu nadzemn\u00ed \u010d\u00e1sti stanice bude prob\u00edhat od 17.&nbsp;10.&nbsp;do 22.&nbsp;11. Je\u0161t\u011b v\u00a0pr\u016fb\u011bhu t\u011bchto prac\u00ed nav\u00e1\u017ee druh\u00e1 f\u00e1ze \u00faprav, kdy [&hellip;]","protected":false},"author":4,"featured_media":8135,"comment_status":"open","ping_status":"open","sticky":false,"template":"","format":"standard","meta":[],"categories":[34],"tags":[57],"_links":{"self":[{"href":"https:\/\/www.praha7.cz\/api\/wp\/v2\/posts\/8134"}],"collection":[{"href":"https:\/\/www.praha7.cz\/api\/wp\/v2\/posts"}],"about":[{"href":"https:\/\/www.praha7.cz\/api\/wp\/v2\/types\/post"}],"author":[{"embeddable":true,"href":"https:\/\/www.praha7.cz\/api\/wp\/v2\/users\/4"}],"replies":[{"embeddable":true,"href":"https:\/\/www.praha7.cz\/api\/wp\/v2\/comments?post=8134"}],"version-history":[{"count":1,"href":"https:\/\/www.praha7.cz\/api\/wp\/v2\/posts\/8134\/revisions"}],"predecessor-version":[{"id":8136,"href":"https:\/\/www.praha7.cz\/api\/wp\/v2\/posts\/8134\/revisions\/8136"}],"wp:featuredmedia":[{"embeddable":true,"href":"https:\/\/www.praha7.cz\/api\/wp\/v2\/media\/8135"}],"wp:attachment":[{"href":"https:\/\/www.praha7.cz\/api\/wp\/v2\/media?parent=8134"}],"wp:term":[{"taxonomy":"category","embeddable":true,"href":"https:\/\/www.praha7.cz\/api\/wp\/v2\/categories?post=8134"},{"taxonomy":"post_tag","embeddable":true,"href":"https:\/\/www.praha7.cz\/api\/wp\/v2\/tags?post=8134"}],"curies":[{"name":"wp","href":"https:\/\/api.w.org\/{rel}","templated":true}]}}