    
{"id":81285,"date":"2024-12-30T15:10:06","date_gmt":"2024-12-30T14:10:06","guid":{"rendered":"https:\/\/www.praha7.cz\/?p=81285"},"modified":"2025-01-08T12:20:25","modified_gmt":"2025-01-08T11:20:25","slug":"zmena-trasy-linky-x25-a-x94-v-oblasti-palmovky","status":"publish","type":"post","link":"https:\/\/www.praha7.cz\/zmena-trasy-linky-x25-a-x94-v-oblasti-palmovky\/","title":{"rendered":"Zm\u011bna trasy linky X25 a&nbsp;X94 v&nbsp;oblasti Palmovky"},"content":{"rendered":"<p>[perex]<\/p>\r\n<p>V oblasti Palmovky dojde od 31.&nbsp;prosince 2024 ke zm\u011bn\u011b trasy n\u00e1hradn\u00ed autobusov\u00e9 dopravy p\u0159es Libe\u0148sk\u00fd most.<br \/>\r\nLinky \u010d\u00edslo X25 a&nbsp;X94 nepojedou mezi zast\u00e1vkami Palmovka a&nbsp;Libe\u0148sk\u00fd most ulic\u00ed Voct\u00e1\u0159ova p\u0159es zast\u00e1vku Libe\u0148sk\u00e9 doky, ale nov\u011b p\u0159es zast\u00e1vku Schorova.<\/p>\r\n<p>[\/perex]<\/p>\r\n<p>Autobusy u\u017e nepojedou Voct\u00e1\u0159ovou ulic\u00ed, kde \u010dasto uv\u00e1zly v&nbsp;kolon\u011b, ale d\u00edky nov\u00e9 spojce kolem rozestav\u011bn\u00e9ho administrativn\u00edho centra dojedou p\u0159\u00edmo na horn\u00ed Palmovku.<\/p>\r\n<p>Ob\u011b linky tak ji\u017e nebudou obsluhovat zast\u00e1vky Libe\u0148sk\u00e9 doky a&nbsp;\u0160torchova, ale pojedou p\u0159es novou zast\u00e1vku Schorova z&nbsp;bo\u010dn\u00ed strany obchodn\u00edho domu. Druhou zm\u011bnou je p\u0159esunut\u00ed zast\u00e1vky Palmovka sm\u011br D\u011blnick\u00e1 do tramvajov\u00e9 zast\u00e1vky sm\u011br Krejc\u00e1rek (n\u00e1stupi\u0161t\u011b A).<\/p>\r\n<p><a href=\"https:\/\/www.praha7.cz\/wp-content\/uploads\/2024\/12\/libensky-most_zmena.jpg\"><img loading=\"lazy\" src=\"https:\/\/www.praha7.cz\/wp-content\/uploads\/2024\/12\/libensky-most_zmena.jpg\" alt=\"\" width=\"1268\" height=\"881\" class=\"alignnone size-full wp-image-81286\" srcset=\"https:\/\/www.praha7.cz\/wp-content\/uploads\/2024\/12\/libensky-most_zmena.jpg 1268w, https:\/\/www.praha7.cz\/wp-content\/uploads\/2024\/12\/libensky-most_zmena-576x400.jpg 576w, https:\/\/www.praha7.cz\/wp-content\/uploads\/2024\/12\/libensky-most_zmena-768x534.jpg 768w\" sizes=\"(max-width: 1268px) 100vw, 1268px\" \/><\/a><\/p>\r\n<p>Detaily naleznete <a href=\"https:\/\/www.dpp.cz\/omezeni-a-mimoradne-udalosti\/detail\/25257\" target=\"_blank\" rel=\"noopener\">zde<\/a>.\u00a0<\/p>","protected":false},"excerpt":{"rendered":"[perex] V&nbsp;oblasti Palmovky dojde od 31.&nbsp;prosince 2024 ke zm\u011bn\u011b trasy n\u00e1hradn\u00ed autobusov\u00e9 dopravy p\u0159es Libe\u0148sk\u00fd most. Linky \u010d\u00edslo X25 a&nbsp;X94 nepojedou mezi zast\u00e1vkami Palmovka a&nbsp;Libe\u0148sk\u00fd most ulic\u00ed Voct\u00e1\u0159ova p\u0159es zast\u00e1vku Libe\u0148sk\u00e9 doky, ale nov\u011b p\u0159es zast\u00e1vku Schorova. [\/perex] Autobusy u\u017e nepojedou Voct\u00e1\u0159ovou ulic\u00ed, kde \u010dasto uv\u00e1zly v&nbsp;kolon\u011b, ale d\u00edky nov\u00e9 spojce kolem rozestav\u011bn\u00e9ho administrativn\u00edho [&hellip;]","protected":false},"author":251,"featured_media":81294,"comment_status":"closed","ping_status":"open","sticky":false,"template":"","format":"standard","meta":[],"categories":[34],"tags":[57],"_links":{"self":[{"href":"https:\/\/www.praha7.cz\/api\/wp\/v2\/posts\/81285"}],"collection":[{"href":"https:\/\/www.praha7.cz\/api\/wp\/v2\/posts"}],"about":[{"href":"https:\/\/www.praha7.cz\/api\/wp\/v2\/types\/post"}],"author":[{"embeddable":true,"href":"https:\/\/www.praha7.cz\/api\/wp\/v2\/users\/251"}],"replies":[{"embeddable":true,"href":"https:\/\/www.praha7.cz\/api\/wp\/v2\/comments?post=81285"}],"version-history":[{"count":3,"href":"https:\/\/www.praha7.cz\/api\/wp\/v2\/posts\/81285\/revisions"}],"predecessor-version":[{"id":81322,"href":"https:\/\/www.praha7.cz\/api\/wp\/v2\/posts\/81285\/revisions\/81322"}],"wp:featuredmedia":[{"embeddable":true,"href":"https:\/\/www.praha7.cz\/api\/wp\/v2\/media\/81294"}],"wp:attachment":[{"href":"https:\/\/www.praha7.cz\/api\/wp\/v2\/media?parent=81285"}],"wp:term":[{"taxonomy":"category","embeddable":true,"href":"https:\/\/www.praha7.cz\/api\/wp\/v2\/categories?post=81285"},{"taxonomy":"post_tag","embeddable":true,"href":"https:\/\/www.praha7.cz\/api\/wp\/v2\/tags?post=81285"}],"curies":[{"name":"wp","href":"https:\/\/api.w.org\/{rel}","templated":true}]}}