    
{"id":81219,"date":"2024-12-19T14:51:36","date_gmt":"2024-12-19T13:51:36","guid":{"rendered":"https:\/\/www.praha7.cz\/?p=81219"},"modified":"2024-12-25T08:20:27","modified_gmt":"2024-12-25T07:20:27","slug":"betlemske-svetlo-v-praze-7","status":"publish","type":"post","link":"https:\/\/www.praha7.cz\/betlemske-svetlo-v-praze-7\/","title":{"rendered":"Betl\u00e9msk\u00e9 sv\u011btlo v&nbsp;Praze 7"},"content":{"rendered":"<p>[perex]<\/p>\r\n<p>Pro Betl\u00e9msk\u00e9 sv\u011btlo si m\u016f\u017eete p\u0159ij\u00edt do husitsk\u00e9ho kostela v&nbsp;ulici Farsk\u00e9ho 1386\/3 nedaleko Strossmayerova n\u00e1m\u011bst\u00ed. Sv\u011bt\u00fdlko budou p\u0159ed\u00e1vat skauti z&nbsp;39.&nbsp;skautsk\u00e9ho st\u0159ediska Vatra v&nbsp;t\u011bchto term\u00ednech: ned\u011ble 22.&nbsp;prosince 2024 od 10.00 do 12.00, pond\u011bl\u00ed\u00a023.&nbsp;prosince 2024 od 16.00 do 18.00.<\/p>\r\n<p>[\/perex]<\/p>\r\n<p>P\u0159ehled v\u0161ech m\u00edst, kde lze sv\u011btlo z&nbsp;Betl\u00e9ma z\u00edskat, najdete na skautsk\u00fdch str\u00e1nk\u00e1ch <a href=\"https:\/\/www.betlemskesvetlo.cz\/\" target=\"_blank\" rel=\"noopener\">betlemskesvetlo.cz<\/a>. Zav\u00edtat m\u016f\u017eete nap\u0159\u00edklad na Mari\u00e1nsk\u00e9 n\u00e1m\u011bst\u00ed p\u0159ed hlavn\u00ed vchod do Nov\u00e9 radnice, zde si m\u016f\u017eete zap\u00e1lit svou sv\u00ed\u010dku v&nbsp;term\u00ednu 21.\u201329.&nbsp;prosince 2024 od 8.00 do 17.00. Dal\u0161\u00ed mo\u017enost\u00ed jsou <a href=\"https:\/\/www.dpp.cz\/spolecnost\/aktuality\/detail\/66_2871-historicka-tramvaj-rozveze-betlemske-svetlo\" target=\"_blank\" rel=\"noopener\">dv\u011b trasy historick\u00e9 tramvaje<\/a> v&nbsp;sobotu 21.&nbsp;prosince 2024.<\/p>\r\n<p>&nbsp;<\/p>","protected":false},"excerpt":{"rendered":"[perex] Pro Betl\u00e9msk\u00e9 sv\u011btlo si m\u016f\u017eete p\u0159ij\u00edt do husitsk\u00e9ho kostela v&nbsp;ulici Farsk\u00e9ho 1386\/3 nedaleko Strossmayerova n\u00e1m\u011bst\u00ed. Sv\u011bt\u00fdlko budou p\u0159ed\u00e1vat skauti z&nbsp;39.&nbsp;skautsk\u00e9ho st\u0159ediska Vatra v&nbsp;t\u011bchto term\u00ednech: ned\u011ble 22.&nbsp;prosince 2024 od 10.00 do 12.00, pond\u011bl\u00ed\u00a023.&nbsp;prosince 2024 od 16.00 do 18.00. [\/perex] P\u0159ehled v\u0161ech m\u00edst, kde lze sv\u011btlo z&nbsp;Betl\u00e9ma z\u00edskat, najdete na skautsk\u00fdch str\u00e1nk\u00e1ch betlemskesvetlo.cz. Zav\u00edtat m\u016f\u017eete nap\u0159\u00edklad [&hellip;]","protected":false},"author":251,"featured_media":81220,"comment_status":"closed","ping_status":"open","sticky":false,"template":"","format":"standard","meta":[],"categories":[34],"tags":[110],"_links":{"self":[{"href":"https:\/\/www.praha7.cz\/api\/wp\/v2\/posts\/81219"}],"collection":[{"href":"https:\/\/www.praha7.cz\/api\/wp\/v2\/posts"}],"about":[{"href":"https:\/\/www.praha7.cz\/api\/wp\/v2\/types\/post"}],"author":[{"embeddable":true,"href":"https:\/\/www.praha7.cz\/api\/wp\/v2\/users\/251"}],"replies":[{"embeddable":true,"href":"https:\/\/www.praha7.cz\/api\/wp\/v2\/comments?post=81219"}],"version-history":[{"count":3,"href":"https:\/\/www.praha7.cz\/api\/wp\/v2\/posts\/81219\/revisions"}],"predecessor-version":[{"id":81228,"href":"https:\/\/www.praha7.cz\/api\/wp\/v2\/posts\/81219\/revisions\/81228"}],"wp:featuredmedia":[{"embeddable":true,"href":"https:\/\/www.praha7.cz\/api\/wp\/v2\/media\/81220"}],"wp:attachment":[{"href":"https:\/\/www.praha7.cz\/api\/wp\/v2\/media?parent=81219"}],"wp:term":[{"taxonomy":"category","embeddable":true,"href":"https:\/\/www.praha7.cz\/api\/wp\/v2\/categories?post=81219"},{"taxonomy":"post_tag","embeddable":true,"href":"https:\/\/www.praha7.cz\/api\/wp\/v2\/tags?post=81219"}],"curies":[{"name":"wp","href":"https:\/\/api.w.org\/{rel}","templated":true}]}}