    
{"id":81125,"date":"2024-12-17T11:29:34","date_gmt":"2024-12-17T10:29:34","guid":{"rendered":"https:\/\/www.praha7.cz\/?p=81125"},"modified":"2024-12-19T08:49:18","modified_gmt":"2024-12-19T07:49:18","slug":"cteni-z-havla-v-alfredu-ve-dvore-2","status":"publish","type":"post","link":"https:\/\/www.praha7.cz\/cteni-z-havla-v-alfredu-ve-dvore-2\/","title":{"rendered":"\u010cten\u00ed z&nbsp;Havla v&nbsp;Alfredu ve dvo\u0159e"},"content":{"rendered":"<p>[perex]<\/p>\r\n<p>Divadlo Alfred ve dvo\u0159e i&nbsp;letos zve na vzpom\u00edn\u00e1n\u00ed na V\u00e1clava Havla a&nbsp;\u010dten\u00ed z&nbsp;jeho v\u00fdjime\u010dn\u00fdch text\u016f.\u00a0Ve st\u0159edu 18.&nbsp;prosince 2024 to bude ji\u017e t\u0159in\u00e1ct let, co V\u00e1clav Havel zem\u0159el, a&nbsp;Alfred ve dvo\u0159e op\u011bt po\u0159\u00e1d\u00e1 <a href=\"https:\/\/www.alfredvedvore.cz\/cs\/program\/cteni-z-havla-323\/\" target=\"_blank\" rel=\"noopener\">\u010cten\u00ed z&nbsp;Havla<\/a>.\u00a0<\/p>\r\n<p>[\/perex]<\/p>\r\n<p>P\u0159ij\u010fte posed\u011bt v&nbsp;intimn\u00ed atmosf\u00e9\u0159e divadla <a href=\"https:\/\/www.alfredvedvore.cz\/\" target=\"_blank\" rel=\"noopener\">Alfred ve dvo\u0159e<\/a>\u00a0(Franti\u0161ka K\u0159\u00ed\u017eka 36), oddechnout si v&nbsp;z\u00e1v\u011bru p\u0159edv\u00e1no\u010dn\u00edho shonu nebo si p\u0159e\u010d\u00edst a&nbsp;poslechnout \u00faryvky text\u016f tohoto v\u00fdznamn\u00e9ho \u010dlov\u011bka, disidenta, dramatika, esejisty a&nbsp;politika. Za\u010d\u00e1tek v&nbsp;19 hodin, vstup zdarma, ob\u010derstven\u00ed bude.<\/p>\r\n<p>Na vid\u011bnou v&nbsp;divadle!<\/p>","protected":false},"excerpt":{"rendered":"[perex] Divadlo Alfred ve dvo\u0159e i&nbsp;letos zve na vzpom\u00edn\u00e1n\u00ed na V\u00e1clava Havla a&nbsp;\u010dten\u00ed z&nbsp;jeho v\u00fdjime\u010dn\u00fdch text\u016f.\u00a0Ve st\u0159edu 18.&nbsp;prosince 2024 to bude ji\u017e t\u0159in\u00e1ct let, co V\u00e1clav Havel zem\u0159el, a&nbsp;Alfred ve dvo\u0159e op\u011bt po\u0159\u00e1d\u00e1 \u010cten\u00ed z&nbsp;Havla.\u00a0 [\/perex] P\u0159ij\u010fte posed\u011bt v&nbsp;intimn\u00ed atmosf\u00e9\u0159e divadla Alfred ve dvo\u0159e\u00a0(Franti\u0161ka K\u0159\u00ed\u017eka 36), oddechnout si v&nbsp;z\u00e1v\u011bru p\u0159edv\u00e1no\u010dn\u00edho shonu nebo si p\u0159e\u010d\u00edst a&nbsp;poslechnout [&hellip;]","protected":false},"author":251,"featured_media":81126,"comment_status":"closed","ping_status":"open","sticky":false,"template":"","format":"standard","meta":[],"categories":[34],"tags":[106,110],"_links":{"self":[{"href":"https:\/\/www.praha7.cz\/api\/wp\/v2\/posts\/81125"}],"collection":[{"href":"https:\/\/www.praha7.cz\/api\/wp\/v2\/posts"}],"about":[{"href":"https:\/\/www.praha7.cz\/api\/wp\/v2\/types\/post"}],"author":[{"embeddable":true,"href":"https:\/\/www.praha7.cz\/api\/wp\/v2\/users\/251"}],"replies":[{"embeddable":true,"href":"https:\/\/www.praha7.cz\/api\/wp\/v2\/comments?post=81125"}],"version-history":[{"count":1,"href":"https:\/\/www.praha7.cz\/api\/wp\/v2\/posts\/81125\/revisions"}],"predecessor-version":[{"id":81127,"href":"https:\/\/www.praha7.cz\/api\/wp\/v2\/posts\/81125\/revisions\/81127"}],"wp:featuredmedia":[{"embeddable":true,"href":"https:\/\/www.praha7.cz\/api\/wp\/v2\/media\/81126"}],"wp:attachment":[{"href":"https:\/\/www.praha7.cz\/api\/wp\/v2\/media?parent=81125"}],"wp:term":[{"taxonomy":"category","embeddable":true,"href":"https:\/\/www.praha7.cz\/api\/wp\/v2\/categories?post=81125"},{"taxonomy":"post_tag","embeddable":true,"href":"https:\/\/www.praha7.cz\/api\/wp\/v2\/tags?post=81125"}],"curies":[{"name":"wp","href":"https:\/\/api.w.org\/{rel}","templated":true}]}}