    
{"id":81123,"date":"2024-12-17T11:45:07","date_gmt":"2024-12-17T10:45:07","guid":{"rendered":"https:\/\/www.praha7.cz\/?p=81123"},"modified":"2024-12-23T08:16:34","modified_gmt":"2024-12-23T07:16:34","slug":"adventni-tvoreni-v-papirne-v-sobotu-21-12","status":"publish","type":"post","link":"https:\/\/www.praha7.cz\/adventni-tvoreni-v-papirne-v-sobotu-21-12\/","title":{"rendered":"Adventn\u00ed tvo\u0159en\u00ed v&nbsp;Pap\u00edrn\u011b v&nbsp;sobotu 21.&nbsp;12."},"content":{"rendered":"<p>[perex]<\/p>\r\n<p><a href=\"https:\/\/www.papirna.cz\/\" target=\"_blank\" rel=\"noopener\">Pap\u00edrna<\/a> zve v\u0161echny mal\u00e9 i&nbsp;velk\u00e9 milovn\u00edky pap\u00edru v&nbsp;sobotu 21.&nbsp;prosince 2024 od 13 do 18 hodin do sv\u00e9 prodejny-pap\u00edrnictv\u00ed v&nbsp;p\u00e1t\u00e9m pat\u0159e Drut\u011bvy (D\u011blnick\u00e1 1020, p\u0159\u00edmo u&nbsp;zast\u00e1vky Maniny). Co v\u00e1s \u010dek\u00e1?\u00a0 Vyrob\u00edte si spanil\u00e9 pap\u00edrov\u00e9 and\u011bly, vyzkou\u0161\u00edte si scrapbooking a&nbsp;tisk\u00e1n\u00ed raz\u00edtky, prohl\u00e9dnete si temn\u011b modr\u00e9 pap\u00edrensk\u00e9 novinky pro rok 2025. Nebude chyb\u011bt ochutn\u00e1vka v\u00fdborn\u00fdch pern\u00ed\u010dk\u016f, k\u00e1va a&nbsp;roztomil\u00e9 ob\u010derstven\u00ed. A&nbsp;mo\u017en\u00e1 p\u0159ijde i&nbsp;kosmick\u00fd in\u017een\u00fdr Jan Luka\u010devi\u010d, autor p\u0159edmluvy <a href=\"https:\/\/www.papirna.cz\/diare-2025-green\/\" target=\"_blank\" rel=\"noopener\">v di\u00e1\u0159i na nov\u00fd rok<\/a>. Vstup zdarma.<\/p>\r\n<p>[\/perex]<\/p>\r\n<p><a href=\"https:\/\/www.facebook.com\/events\/951478956890029\/\" target=\"_blank\" rel=\"noopener\">Ud\u00e1lost na facebooku<\/a><\/p>","protected":false},"excerpt":{"rendered":"[perex] Pap\u00edrna zve v\u0161echny mal\u00e9 i&nbsp;velk\u00e9 milovn\u00edky pap\u00edru v&nbsp;sobotu 21.&nbsp;prosince 2024 od 13 do 18 hodin do sv\u00e9 prodejny-pap\u00edrnictv\u00ed v&nbsp;p\u00e1t\u00e9m pat\u0159e Drut\u011bvy (D\u011blnick\u00e1 1020, p\u0159\u00edmo u&nbsp;zast\u00e1vky Maniny). Co v\u00e1s \u010dek\u00e1?\u00a0 Vyrob\u00edte si spanil\u00e9 pap\u00edrov\u00e9 and\u011bly, vyzkou\u0161\u00edte si scrapbooking a&nbsp;tisk\u00e1n\u00ed raz\u00edtky, prohl\u00e9dnete si temn\u011b modr\u00e9 pap\u00edrensk\u00e9 novinky pro rok 2025. Nebude chyb\u011bt ochutn\u00e1vka v\u00fdborn\u00fdch pern\u00ed\u010dk\u016f, k\u00e1va [&hellip;]","protected":false},"author":251,"featured_media":81139,"comment_status":"closed","ping_status":"open","sticky":false,"template":"","format":"standard","meta":[],"categories":[34],"tags":[123,91,110],"_links":{"self":[{"href":"https:\/\/www.praha7.cz\/api\/wp\/v2\/posts\/81123"}],"collection":[{"href":"https:\/\/www.praha7.cz\/api\/wp\/v2\/posts"}],"about":[{"href":"https:\/\/www.praha7.cz\/api\/wp\/v2\/types\/post"}],"author":[{"embeddable":true,"href":"https:\/\/www.praha7.cz\/api\/wp\/v2\/users\/251"}],"replies":[{"embeddable":true,"href":"https:\/\/www.praha7.cz\/api\/wp\/v2\/comments?post=81123"}],"version-history":[{"count":3,"href":"https:\/\/www.praha7.cz\/api\/wp\/v2\/posts\/81123\/revisions"}],"predecessor-version":[{"id":81141,"href":"https:\/\/www.praha7.cz\/api\/wp\/v2\/posts\/81123\/revisions\/81141"}],"wp:featuredmedia":[{"embeddable":true,"href":"https:\/\/www.praha7.cz\/api\/wp\/v2\/media\/81139"}],"wp:attachment":[{"href":"https:\/\/www.praha7.cz\/api\/wp\/v2\/media?parent=81123"}],"wp:term":[{"taxonomy":"category","embeddable":true,"href":"https:\/\/www.praha7.cz\/api\/wp\/v2\/categories?post=81123"},{"taxonomy":"post_tag","embeddable":true,"href":"https:\/\/www.praha7.cz\/api\/wp\/v2\/tags?post=81123"}],"curies":[{"name":"wp","href":"https:\/\/api.w.org\/{rel}","templated":true}]}}