    
{"id":81098,"date":"2024-12-16T18:05:35","date_gmt":"2024-12-16T17:05:35","guid":{"rendered":"https:\/\/www.praha7.cz\/?p=81098"},"modified":"2025-01-07T10:58:39","modified_gmt":"2025-01-07T09:58:39","slug":"rozpocet-2025","status":"publish","type":"post","link":"https:\/\/www.praha7.cz\/rozpocet-2025\/","title":{"rendered":"Praha&nbsp;7 schv\u00e1lila rozpo\u010det na rok 2025"},"content":{"rendered":"<p>[perex]<\/p>\r\n<p>Zastupitelstvo M\u010c Praha&nbsp;7 schv\u00e1lilo v&nbsp;pond\u011bl\u00ed 16.&nbsp;prosince rozpo\u010det na rok 2025. Pl\u00e1n hospoda\u0159en\u00ed m\u011bstsk\u00e9 \u010d\u00e1sti po\u010d\u00edt\u00e1 s&nbsp;d\u016fle\u017eit\u00fdmi investicemi do oprav a&nbsp;roz\u0161i\u0159ov\u00e1n\u00ed kapacit \u0161kol a&nbsp;\u0161kolek, bytov\u00e9 infrastruktury \u010di ve\u0159ejn\u00e9ho prostoru. Mezi nejv\u011bt\u0161\u00ed pl\u00e1novan\u00e9 investice pat\u0159\u00ed rekonstrukce Bia Oko, \u00fapravy okol\u00ed FZ\u0160 Um\u011bleck\u00e1 s&nbsp;propojen\u00edm do Stromovky a&nbsp;na novou vlakovou zast\u00e1vku Praha-V\u00fdstavi\u0161t\u011b, modernizace domu a&nbsp;roz\u0161\u00ed\u0159en\u00ed bytov\u00e9ho fondu U&nbsp;Stud\u00e1nky 29 \u010di rekonstrukce st\u0159echy v\u00a0Z\u0160 Letohradsk\u00e1. <br \/>\r\n[\/perex]<\/p>\r\n<p><em>\u201eRok 2024 se nesl v\u00a0duchu 140.&nbsp;v\u00fdro\u010d\u00ed Prahy&nbsp;7. Krom\u011b \u0159ady akc\u00ed a&nbsp;p\u0159\u00edjemn\u00fdch setk\u00e1n\u00ed dostala m\u011bstsk\u00e1 \u010d\u00e1st k\u00a0narozenin\u00e1m i&nbsp;n\u011bkolik d\u00e1rk\u016f, kter\u00e9 p\u0159etrvaj\u00ed, jako je nov\u00fd park U&nbsp;Vody \u010di ulice Nicholase Wintona propojuj\u00edc\u00ed dlouh\u00e9 roky odd\u011blen\u00e9 \u010d\u00e1sti na\u0161\u00ed \u010dtvrti. \u017divot v\u00a0Praze 7 v\u0161ak letos v\u00fdrazn\u011b ovliv\u0148ovaly tak\u00e9 rekonstrukce ulic a&nbsp;pr\u00e1ce na modernizaci \u017eeleznice. Tyto velk\u00e9 stavebn\u00ed akce a&nbsp;s\u00a0nimi spojen\u00e9 v\u00fdluky a&nbsp;omezen\u00ed znamenaly pro Prahu 7 a&nbsp;jej\u00ed ob\u010dany zna\u010dnou z\u00e1t\u011b\u017e a&nbsp;zejm\u00e9na v\u00a0oblasti kolem V\u00fdstavi\u0161t\u011b se bude pracovat i&nbsp;v\u00a0roce 2025. V\u00fdsledn\u00e9 \u00fapravy v\u0161ak Praze 7 velmi pomohou. M\u011bstsk\u00e1 \u010d\u00e1st se bude v\u00a0p\u0159\u00ed\u0161t\u00edm roce pod\u00edlet na n\u011bkolika n\u00e1vazn\u00fdch projektech, jako je revitalizace okol\u00ed FZ\u0160 Um\u011bleck\u00e1 s&nbsp;nov\u00fdmi p\u011b\u0161\u00edmi vazbami do Stromovky \u010di \u00fapravy ve\u0159ejn\u00e9ho prostoru kolem estak\u00e1dy a&nbsp;nov\u00e9 vlakov\u00e9 zast\u00e1vky na V\u00fdstavi\u0161ti. V\u011bnovat se budeme tak\u00e9 dal\u0161\u00edm ve\u0159ejn\u00fdm m\u00edst\u016fm. Prob\u011bhnou \u00fapravy \u010d\u00e1sti Ortenova n\u00e1m\u011bst\u00ed, v\u010detn\u011b nov\u00e9ho vodn\u00edho prvku a&nbsp;zelen\u011b, dokon\u010dena bude rozs\u00e1hl\u00e1 revitalizace vnitrobloku U&nbsp;Uranie a&nbsp;pokra\u010dovat budeme ve v\u00fdsadb\u011b strom\u016f v\u00a0ulic\u00edch,\u201c<\/em> uvedl <em><strong>starosta Prahy&nbsp;7 Jan \u010ci\u017einsk\u00fd<\/strong><\/em>.\u00a0\u00a0<\/p>\r\n<p><strong>Rozpo\u010det Prahy&nbsp;7 na rok 2025 \u010din\u00ed 664,4 milionu K\u010d.<\/strong> Mezi nejv\u00fdznamn\u011bj\u0161\u00ed polo\u017eky pat\u0159\u00ed p\u0159\u00edsp\u011bvek na provoz mate\u0159sk\u00fdch a&nbsp;z\u00e1kladn\u00edch \u0161kol, zaji\u0161t\u011bn\u00ed soci\u00e1ln\u00ed p\u00e9\u010de pro seniory \u010di finance na \u00fadr\u017ebu a&nbsp;\u00faklid chodn\u00edk\u016f a&nbsp;park\u016f.<\/p>\r\n<p><strong>Pl\u00e1novan\u00e9 investi\u010dn\u00ed akce m\u011bstskou \u010d\u00e1st v\u00a0p\u0159\u00ed\u0161t\u00edm roce vyjdou na 207,9 milionu K\u010d.<\/strong> Nejv\u011bt\u0161\u00ed \u010d\u00e1stka 82,2 mil. K\u010d p\u016fjde do oblasti spr\u00e1vy majetku na roz\u0161i\u0159ov\u00e1n\u00ed bytov\u00e9ho fondu a&nbsp;rekonstrukce nemovitost\u00ed pro bydlen\u00ed a&nbsp;slu\u017eby. Na rekonstrukce \u0161koln\u00edch budov a&nbsp;roz\u0161\u00ed\u0159en\u00ed jejich kapacit po\u010d\u00edt\u00e1 rozpo\u010det s\u00a0\u010d\u00e1stkou 58,3 mil. K\u010d. Do oblasti \u017eivotn\u00edho prost\u0159ed\u00ed, rozvoje a&nbsp;p\u00e9\u010de o&nbsp;ve\u0159ejn\u00fd prostor pl\u00e1nuje Praha&nbsp;7 v\u00a0p\u0159\u00ed\u0161t\u00edm roce rozpo\u010dtov\u00e9 v\u00fddaje ve v\u00fd\u0161i 49,1 mil. K\u010d.<\/p>\r\n<p><em>\u201eNejv\u011bt\u0161\u00ed investic\u00ed p\u0159\u00ed\u0161t\u00edho roku je rekonstrukce Bia Oko. Obl\u00edben\u00e9 letensk\u00e9 kino \u010dekaj\u00ed od jara \u00fapravy s\u00e1lu, p\u0159eds\u00e1l\u00ed, prom\u00edtac\u00ed kabiny i&nbsp;toalet. C\u00edlem rekonstrukce je p\u0159ibl\u00ed\u017eit kino sou\u010dasn\u00fdm standard\u016fm komfortu a&nbsp;kvality projekce a&nbsp;z\u00e1rove\u0148 zachovat \u010di je\u0161t\u011b umocnit jeho jedine\u010dnou atmosf\u00e9ru. Chyst\u00e1me se tak\u00e9 na stavebn\u00ed \u00fapravy objektu Ortenovo n\u00e1m\u011bst\u00ed 36, kter\u00fd m\u011bstsk\u00e1 \u010d\u00e1st zakoupila v\u00a0minul\u00e9m roce. V\u00a0\u010d\u00e1sti objektu vybudujeme administrativn\u00ed z\u00e1zem\u00ed pro na\u0161e pe\u010dovatelsk\u00e9 centrum a&nbsp;v\u00a0dal\u0161\u00ed \u010d\u00e1sti bude d\u011btsk\u00e1 skupina. V\u00fdznamnou investic\u00ed je i&nbsp;modernizace bytov\u00e9ho domu U&nbsp;Stud\u00e1nky 29, v\u010detn\u011b vybudov\u00e1n\u00ed nov\u00fdch byt\u016f v\u00a0p\u016fdn\u00ed vestavb\u011b,\u201c<\/em> \u0159ekl <em><strong>m\u00edstostarosta Kamil Vav\u0159inec Mare\u0161<\/strong><\/em>, mezi jeho\u017e kompetence pat\u0159\u00ed spr\u00e1va majetku m\u011bstsk\u00e9 \u010d\u00e1sti.<\/p>\r\n<p><em>\u201eSna\u017e\u00edme se co nejv\u00edce uleh\u010dovat sv\u00e9mu rozpo\u010dtu t\u00edm, \u017ee na p\u0159ipravovan\u00e9 projekty \u017e\u00e1d\u00e1me o&nbsp;dotace z\u00a0Prahy, \u010cR \u010di Evropsk\u00e9 unie. T\u011b\u0161\u00ed m\u011b, \u017ee se n\u00e1m v\u00a0t\u00e9to oblasti da\u0159\u00ed. V\u00a0leto\u0161n\u00edm roce jsme z\u00edskali dotace ve v\u00fd\u0161i t\u00e9m\u011b\u0159 46 milion\u016f korun, kup\u0159\u00edkladu na vybudov\u00e1n\u00ed d\u011btsk\u00e9 skupiny \u010di zv\u00fd\u0161en\u00ed kybernetick\u00e9 bezpe\u010dnosti \u00fa\u0159adu. Aktu\u00e1ln\u011b \u017e\u00e1d\u00e1me o&nbsp;dal\u0161\u00ed finance ve v\u00fd\u0161i n\u011bkolika des\u00edtek milion\u016f korun, p\u0159ed schv\u00e1len\u00edm je dotace za 30 milion\u016f na vybudov\u00e1n\u00ed z\u00e1zem\u00ed pro pe\u010dovatelsk\u00e9 centrum,\u201c<\/em> uvedl <strong><em>radn\u00ed Martin Tom\u00e1nek<\/em><\/strong>, kter\u00fd m\u00e1 na starosti finance a&nbsp;rozpo\u010det.<\/p>\r\n<p><em>\u201eIntenzivn\u011b podporujeme na\u0161e \u0161koly a&nbsp;\u0161kolky, jejich\u017e podfinancov\u00e1n\u00ed ze strany st\u00e1tu se st\u00e1le prohlubuje. Abychom \u0161koln\u00edm za\u0159\u00edzen\u00edm pomohli s&nbsp;nar\u016fstaj\u00edc\u00edmi provozn\u00edmi n\u00e1klady, zv\u00fd\u0161ili jsme loni p\u0159\u00edsp\u011bvek na \u017e\u00e1ka o&nbsp;560 korun a&nbsp;letos o&nbsp;dal\u0161\u00edch 120 korun na sou\u010dasn\u00fdch 12&nbsp;120 korun. Pom\u00e1hat budeme nad\u00e1le tak\u00e9 s&nbsp;financov\u00e1n\u00edm plat\u016f kup\u0159\u00edkladu u&nbsp;soci\u00e1ln\u00edch pedagog\u016f, asistent\u016f, pracovn\u00edk\u016f d\u011btsk\u00fdch skupin a&nbsp;dal\u0161\u00edch pot\u0159ebn\u00fdch pozic. Ve \u0161kol\u00e1ch se z\u00e1rove\u0148 pod\u00edl\u00edme na podp\u016frn\u00fdch programech, jako je dou\u010dov\u00e1n\u00ed d\u011bt\u00ed \u010di p\u0159\u00edprava dev\u00e1\u0165\u00e1k\u016f na p\u0159ij\u00edmac\u00ed zkou\u0161ky,\u201c<\/em> doplnila <em><strong>m\u00edstostarostka Prahy&nbsp;7 Hana \u0160i\u0161kov\u00e1<\/strong><\/em>, do jej\u00ed\u017e gesce pat\u0159\u00ed \u0161kolstv\u00ed a&nbsp;vzd\u011bl\u00e1v\u00e1n\u00ed.<\/p>\r\n<p>Jako ka\u017ed\u00fd rok Praha&nbsp;7 chyst\u00e1 \u0159adu rekonstrukc\u00ed a&nbsp;oprav \u0161koln\u00edch budov. Pokra\u010duj\u00ed pr\u00e1ce na v\u00fdm\u011bn\u00e1ch elektrorozvod\u016f \u2013 dal\u0161\u00ed etapy prob\u011bhnou ve FZ\u0160 Um\u011bleck\u00e1 a&nbsp;Z\u0160 Tusarova a&nbsp;p\u0159id\u00e1 se tak\u00e9 Z\u0160 Fr. Plam\u00ednkov\u00e9. Chyst\u00e1 se rekonstrukce st\u0159echy v\u00a0Z\u0160 Letohradsk\u00e1 a&nbsp;v\u00fddejny gastro provozu v\u00a0Z\u0160 U&nbsp;Uranie. M\u011bstsk\u00e1 \u010d\u00e1st pokra\u010duje v&nbsp;p\u0159\u00edprav\u011b v\u00fdstavby Z\u00e1kladn\u00ed \u0161koly Jana Vod\u0148ansk\u00e9ho a&nbsp;po \u00fasp\u011bchu prvn\u00ed m\u011bstsk\u00e9 lesn\u00ed \u0161kolky v\u00a0Praze Sedmi\u010dka p\u0159\u00ed\u0161t\u00ed rok otev\u0159e dal\u0161\u00ed podobn\u00e9 p\u0159ed\u0161koln\u00ed za\u0159\u00edzen\u00ed v\u00a0p\u0159\u00edrod\u011b.<\/p>\r\n<h3><\/h3>\r\n<h3><a href=\"https:\/\/usneseni.praha7.cz\/usneseni\/usneseni\/3136\">Rozpo\u010det M\u010c Praha&nbsp;7 na rok 2025 najdete zde.<\/a><\/h3>","protected":false},"excerpt":{"rendered":"[perex] Zastupitelstvo M\u010c Praha&nbsp;7 schv\u00e1lilo v&nbsp;pond\u011bl\u00ed 16.&nbsp;prosince rozpo\u010det na rok 2025. Pl\u00e1n hospoda\u0159en\u00ed m\u011bstsk\u00e9 \u010d\u00e1sti po\u010d\u00edt\u00e1 s&nbsp;d\u016fle\u017eit\u00fdmi investicemi do oprav a&nbsp;roz\u0161i\u0159ov\u00e1n\u00ed kapacit \u0161kol a&nbsp;\u0161kolek, bytov\u00e9 infrastruktury \u010di ve\u0159ejn\u00e9ho prostoru. Mezi nejv\u011bt\u0161\u00ed pl\u00e1novan\u00e9 investice pat\u0159\u00ed rekonstrukce Bia Oko, \u00fapravy okol\u00ed FZ\u0160 Um\u011bleck\u00e1 s&nbsp;propojen\u00edm do Stromovky a&nbsp;na novou vlakovou zast\u00e1vku Praha-V\u00fdstavi\u0161t\u011b, modernizace domu a&nbsp;roz\u0161\u00ed\u0159en\u00ed bytov\u00e9ho fondu U&nbsp;Stud\u00e1nky [&hellip;]","protected":false},"author":5,"featured_media":32069,"comment_status":"closed","ping_status":"open","sticky":false,"template":"","format":"standard","meta":[],"categories":[36,74],"tags":[84],"_links":{"self":[{"href":"https:\/\/www.praha7.cz\/api\/wp\/v2\/posts\/81098"}],"collection":[{"href":"https:\/\/www.praha7.cz\/api\/wp\/v2\/posts"}],"about":[{"href":"https:\/\/www.praha7.cz\/api\/wp\/v2\/types\/post"}],"author":[{"embeddable":true,"href":"https:\/\/www.praha7.cz\/api\/wp\/v2\/users\/5"}],"replies":[{"embeddable":true,"href":"https:\/\/www.praha7.cz\/api\/wp\/v2\/comments?post=81098"}],"version-history":[{"count":2,"href":"https:\/\/www.praha7.cz\/api\/wp\/v2\/posts\/81098\/revisions"}],"predecessor-version":[{"id":81410,"href":"https:\/\/www.praha7.cz\/api\/wp\/v2\/posts\/81098\/revisions\/81410"}],"wp:featuredmedia":[{"embeddable":true,"href":"https:\/\/www.praha7.cz\/api\/wp\/v2\/media\/32069"}],"wp:attachment":[{"href":"https:\/\/www.praha7.cz\/api\/wp\/v2\/media?parent=81098"}],"wp:term":[{"taxonomy":"category","embeddable":true,"href":"https:\/\/www.praha7.cz\/api\/wp\/v2\/categories?post=81098"},{"taxonomy":"post_tag","embeddable":true,"href":"https:\/\/www.praha7.cz\/api\/wp\/v2\/tags?post=81098"}],"curies":[{"name":"wp","href":"https:\/\/api.w.org\/{rel}","templated":true}]}}