    
{"id":81097,"date":"2024-12-16T18:01:47","date_gmt":"2024-12-16T17:01:47","guid":{"rendered":"https:\/\/www.praha7.cz\/?p=81097"},"modified":"2025-01-14T17:40:50","modified_gmt":"2025-01-14T16:40:50","slug":"prodlouzeni-bezplatneho-parkovani-pro-elektromobily","status":"publish","type":"post","link":"https:\/\/www.praha7.cz\/prodlouzeni-bezplatneho-parkovani-pro-elektromobily\/","title":{"rendered":"Prodlou\u017een\u00ed bezplatn\u00e9ho parkov\u00e1n\u00ed pro elektromobily"},"content":{"rendered":"<p>[perex]<\/p>\r\n<p>Rada hlavn\u00edho m\u011bsta Prahy v&nbsp;pond\u011bl\u00ed\u00a0 16.&nbsp;prosince 2024 rozhodla, \u017ee v\u00fdjimka, kter\u00e1 umo\u017e\u0148uje <strong>parkov\u00e1n\u00ed elektromobil\u016f v&nbsp;z\u00f3n\u00e1ch placen\u00e9ho st\u00e1tn\u00ed zdarma<\/strong>, bude prodlou\u017eena <strong>do 30.&nbsp;\u010dervna 2025<\/strong>.\u00a0<\/p>\r\n<p>[\/perex]<\/p>\r\n<h3>Ve\u0161ker\u00e9 podrobnosti se do\u010dtete na str\u00e1nk\u00e1ch <a href=\"https:\/\/parking.praha.eu\/cs\/prodlouzeni-bezplatneho-parkovani-pro-elektromobily\/\" target=\"_blank\" rel=\"noopener\">parking.praha.eu<\/a>.<\/h3>\r\n<p><em>\u201eVzhledem k&nbsp;tomu, \u017ee dosud nedo\u0161lo ke koali\u010dn\u00ed shod\u011b na nov\u00e9 podob\u011b zv\u00fdhodn\u011bn\u00ed pro dal\u0161\u00ed obdob\u00ed, p\u0159esto\u017ee kompletn\u00ed n\u00e1vrh zm\u011bn v&nbsp;oblasti parkov\u00e1n\u00ed je z&nbsp;m\u00e9 strany p\u0159ipraven, prodlu\u017euje se v\u00fdjimka pro parkov\u00e1n\u00ed elektromobil\u016f o&nbsp;\u0161est m\u011bs\u00edc\u016f,\u201c<\/em> vysv\u011btluje n\u00e1m\u011bstek prim\u00e1tora pro oblast dopravy Zden\u011bk H\u0159ib a&nbsp;zd\u016fraz\u0148uje:<em> \u201eElektromobil zab\u00edr\u00e1 na ulici prostorov\u011b stejn\u00e9 m\u00edsto jako auto se spalovac\u00edm motorem a&nbsp;s&nbsp;ohledem na jejich o\u010dek\u00e1van\u00fd n\u00e1r\u016fst tedy nen\u00ed dlouhodob\u011b udr\u017eiteln\u00e9 jejich jednostrann\u00e9 zv\u00fdhodn\u011bn\u00ed s&nbsp;parkov\u00e1n\u00edm zdarma na m\u00edstech rezident\u016f. Proto tak\u00e9 navrhuji zv\u00fdhodn\u011bn\u00ed \u010dist\u00fdch elektromobil\u016f formou 50% slevy na n\u00e1v\u0161t\u011bvnick\u00e9 parkov\u00e1n\u00ed pouze ve fialov\u00fdch a&nbsp;oran\u017eov\u00fdch z\u00f3n\u00e1ch.\u201c<\/em><\/p>\r\n<p>P\u0159esto\u017ee zv\u00fdhodn\u011bn\u00ed n\u00edzkoemisn\u00edch vozidel je pot\u0159ebn\u00e9 s&nbsp;ohledem na jejich p\u0159\u00edzniv\u00fd dopad na \u017eivotn\u00ed prost\u0159ed\u00ed, je t\u0159eba zvolit tu spr\u00e1vnou formu, aby takov\u00fdm zv\u00fdhodn\u011bn\u00edm nedoch\u00e1zelo k&nbsp;omezen\u00ed parkovac\u00edch m\u00edst pro rezidenty.<\/p>\r\n<p><em>\u201eModr\u00e9 z\u00f3ny jsou prim\u00e1rn\u011b ur\u010deny rezident\u016fm. Naopak fialov\u00e9 jsou pro vozy n\u00e1v\u0161t\u011bvn\u00edk\u016f, tedy t\u011bch, kte\u0159\u00ed se po m\u011bst\u011b pohybuj\u00ed nepom\u011brn\u011b v\u00edce. U&nbsp;t\u011bch d\u00e1v\u00e1 smysl zv\u00fdhodnit elektromobily. U&nbsp;aut, kter\u00e1 v\u011bt\u0161inu \u010dasu stoj\u00ed na m\u00edst\u011b, je toti\u017e vcelku jedno, jak\u00fd maj\u00ed pohon, zat\u00edmco u&nbsp;t\u011bch, kter\u00e1 se ve m\u011bst\u011b hodn\u011b pohybuj\u00ed, d\u00e1v\u00e1 naopak smysl bezemisn\u00ed pohon zv\u00fdhodnit,\u201c<\/em> dod\u00e1v\u00e1 Zden\u011bk H\u0159ib.<\/p>\r\n<p>Praha bude d\u00e1le podporovat elektromobilitu i&nbsp;dal\u0161\u00edmi cestami, a&nbsp;to zejm\u00e9na prost\u0159ednictv\u00edm investic do rozvoje dob\u00edjec\u00ed infrastruktury. C\u00edlem je toti\u017e jej\u00ed zp\u0159\u00edstupn\u011bn\u00ed v\u0161em, aby nez\u016fstala pouze v\u00fdsadou pro lidi s&nbsp;vlastn\u00ed gar\u00e1\u017e\u00ed. Hlavn\u00ed m\u011bsto tak\u00e9 aktu\u00e1ln\u011b z\u00edskalo dotaci z&nbsp;Evropsk\u00e9 unie na projekt v\u00fdstavby a\u017e 1&nbsp;500 dob\u00edjec\u00edch stanic ve ve\u0159ejn\u00e9m prostoru. V&nbsp;p\u0159ipravovan\u00e9 reform\u011b z\u00f3n placen\u00e9ho st\u00e1tn\u00ed by pak tak\u00e9 m\u011bly m\u00edt elektromobily vyhrazen\u00e1 m\u00edsta se zvl\u00e1\u0161tn\u00edm re\u017eimem u&nbsp;elektronab\u00edje\u010dek.<\/p>","protected":false},"excerpt":{"rendered":"[perex] Rada hlavn\u00edho m\u011bsta Prahy v&nbsp;pond\u011bl\u00ed\u00a0 16.&nbsp;prosince 2024 rozhodla, \u017ee v\u00fdjimka, kter\u00e1 umo\u017e\u0148uje parkov\u00e1n\u00ed elektromobil\u016f v&nbsp;z\u00f3n\u00e1ch placen\u00e9ho st\u00e1tn\u00ed zdarma, bude prodlou\u017eena do 30.&nbsp;\u010dervna 2025.\u00a0 [\/perex] Ve\u0161ker\u00e9 podrobnosti se do\u010dtete na str\u00e1nk\u00e1ch parking.praha.eu. \u201eVzhledem k&nbsp;tomu, \u017ee dosud nedo\u0161lo ke koali\u010dn\u00ed shod\u011b na nov\u00e9 podob\u011b zv\u00fdhodn\u011bn\u00ed pro dal\u0161\u00ed obdob\u00ed, p\u0159esto\u017ee kompletn\u00ed n\u00e1vrh zm\u011bn v&nbsp;oblasti parkov\u00e1n\u00ed je z&nbsp;m\u00e9 [&hellip;]","protected":false},"author":251,"featured_media":81099,"comment_status":"closed","ping_status":"open","sticky":false,"template":"","format":"standard","meta":[],"categories":[34],"tags":[57,82],"_links":{"self":[{"href":"https:\/\/www.praha7.cz\/api\/wp\/v2\/posts\/81097"}],"collection":[{"href":"https:\/\/www.praha7.cz\/api\/wp\/v2\/posts"}],"about":[{"href":"https:\/\/www.praha7.cz\/api\/wp\/v2\/types\/post"}],"author":[{"embeddable":true,"href":"https:\/\/www.praha7.cz\/api\/wp\/v2\/users\/251"}],"replies":[{"embeddable":true,"href":"https:\/\/www.praha7.cz\/api\/wp\/v2\/comments?post=81097"}],"version-history":[{"count":3,"href":"https:\/\/www.praha7.cz\/api\/wp\/v2\/posts\/81097\/revisions"}],"predecessor-version":[{"id":81634,"href":"https:\/\/www.praha7.cz\/api\/wp\/v2\/posts\/81097\/revisions\/81634"}],"wp:featuredmedia":[{"embeddable":true,"href":"https:\/\/www.praha7.cz\/api\/wp\/v2\/media\/81099"}],"wp:attachment":[{"href":"https:\/\/www.praha7.cz\/api\/wp\/v2\/media?parent=81097"}],"wp:term":[{"taxonomy":"category","embeddable":true,"href":"https:\/\/www.praha7.cz\/api\/wp\/v2\/categories?post=81097"},{"taxonomy":"post_tag","embeddable":true,"href":"https:\/\/www.praha7.cz\/api\/wp\/v2\/tags?post=81097"}],"curies":[{"name":"wp","href":"https:\/\/api.w.org\/{rel}","templated":true}]}}