    
{"id":81094,"date":"2024-12-16T17:40:01","date_gmt":"2024-12-16T16:40:01","guid":{"rendered":"https:\/\/www.praha7.cz\/?p=81094"},"modified":"2024-12-16T17:40:01","modified_gmt":"2024-12-16T16:40:01","slug":"stedrovecerni-vecere-pro-osamocene-seniory-a-lidi-bez-domova-2","status":"publish","type":"post","link":"https:\/\/www.praha7.cz\/stedrovecerni-vecere-pro-osamocene-seniory-a-lidi-bez-domova-2\/","title":{"rendered":"\u0160t\u011bdrove\u010dern\u00ed ve\u010de\u0159e pro osamocen\u00e9 seniory a&nbsp;lidi bez domova"},"content":{"rendered":"<p>[perex]<\/p>\r\n<p><a href=\"https:\/\/www.agora7.cz\/\" target=\"_blank\" rel=\"noopener\">Nada\u010dn\u00ed fond Agora 7<\/a> ji\u017e po\u0161est\u00e9 p\u0159ipravuje kouzeln\u00fd \u0160t\u011bdr\u00fd ve\u010der pro ty, kte\u0159\u00ed ho nejv\u00edce pot\u0159ebuj\u00ed. D\u00edky va\u0161\u00ed finan\u010dn\u00ed pomoci na n\u011b \u010dek\u00e1 tepl\u00e9 j\u00eddlo a&nbsp;pocit, \u017ee na n\u011b n\u011bkdo mysl\u00ed. Bude se pod\u00e1vat pol\u00e9vka, \u0159\u00edzek s&nbsp;bramborov\u00fdm sal\u00e1tem a&nbsp;bal\u00ed\u010dek dom\u00e1c\u00edho cukrov\u00ed. Pro n\u011bkoho samoz\u0159ejmost, pro jin\u00e9 vzpom\u00ednka na lep\u0161\u00ed \u010dasy. Pomozme 318 klient\u016fm Charity Praha&nbsp;7 a&nbsp;Azylov\u00e9ho domu pro mu\u017ee a&nbsp;\u017eeny v&nbsp;Tusarov\u011b ulici vr\u00e1tit pocit d\u016fstojnosti a&nbsp;radosti.<br \/>\r\n[\/perex]<\/p>\r\n<h3>Jak m\u016f\u017eete pomoci?<\/h3>\r\n<p>Klikn\u011bte <a href=\"https:\/\/www.darujme.cz\/projekt\/1210553\" target=\"_blank\" rel=\"noopener\">zde<\/a> a&nbsp;zvolte \u010d\u00e1stku, kterou si p\u0159ejete nebo m\u016f\u017eete darovat. D\u011bkujeme za va\u0161i pomoc.<\/p>","protected":false},"excerpt":{"rendered":"[perex] Nada\u010dn\u00ed fond Agora 7 ji\u017e po\u0161est\u00e9 p\u0159ipravuje kouzeln\u00fd \u0160t\u011bdr\u00fd ve\u010der pro ty, kte\u0159\u00ed ho nejv\u00edce pot\u0159ebuj\u00ed. D\u00edky va\u0161\u00ed finan\u010dn\u00ed pomoci na n\u011b \u010dek\u00e1 tepl\u00e9 j\u00eddlo a&nbsp;pocit, \u017ee na n\u011b n\u011bkdo mysl\u00ed. Bude se pod\u00e1vat pol\u00e9vka, \u0159\u00edzek s&nbsp;bramborov\u00fdm sal\u00e1tem a&nbsp;bal\u00ed\u010dek dom\u00e1c\u00edho cukrov\u00ed. Pro n\u011bkoho samoz\u0159ejmost, pro jin\u00e9 vzpom\u00ednka na lep\u0161\u00ed \u010dasy. Pomozme 318 klient\u016fm Charity [&hellip;]","protected":false},"author":251,"featured_media":81095,"comment_status":"closed","ping_status":"open","sticky":false,"template":"","format":"standard","meta":[],"categories":[34],"tags":[117],"_links":{"self":[{"href":"https:\/\/www.praha7.cz\/api\/wp\/v2\/posts\/81094"}],"collection":[{"href":"https:\/\/www.praha7.cz\/api\/wp\/v2\/posts"}],"about":[{"href":"https:\/\/www.praha7.cz\/api\/wp\/v2\/types\/post"}],"author":[{"embeddable":true,"href":"https:\/\/www.praha7.cz\/api\/wp\/v2\/users\/251"}],"replies":[{"embeddable":true,"href":"https:\/\/www.praha7.cz\/api\/wp\/v2\/comments?post=81094"}],"version-history":[{"count":1,"href":"https:\/\/www.praha7.cz\/api\/wp\/v2\/posts\/81094\/revisions"}],"predecessor-version":[{"id":81096,"href":"https:\/\/www.praha7.cz\/api\/wp\/v2\/posts\/81094\/revisions\/81096"}],"wp:featuredmedia":[{"embeddable":true,"href":"https:\/\/www.praha7.cz\/api\/wp\/v2\/media\/81095"}],"wp:attachment":[{"href":"https:\/\/www.praha7.cz\/api\/wp\/v2\/media?parent=81094"}],"wp:term":[{"taxonomy":"category","embeddable":true,"href":"https:\/\/www.praha7.cz\/api\/wp\/v2\/categories?post=81094"},{"taxonomy":"post_tag","embeddable":true,"href":"https:\/\/www.praha7.cz\/api\/wp\/v2\/tags?post=81094"}],"curies":[{"name":"wp","href":"https:\/\/api.w.org\/{rel}","templated":true}]}}