    
{"id":81074,"date":"2024-12-13T12:19:27","date_gmt":"2024-12-13T11:19:27","guid":{"rendered":"https:\/\/www.praha7.cz\/?p=81074"},"modified":"2024-12-13T12:19:27","modified_gmt":"2024-12-13T11:19:27","slug":"vysel-prosincovy-hobulet-2","status":"publish","type":"post","link":"https:\/\/www.praha7.cz\/vysel-prosincovy-hobulet-2\/","title":{"rendered":"Vy\u0161el prosincov\u00fd Hobulet"},"content":{"rendered":"<p>[perex]<\/p>\r\n<p>\u201eKrom\u011b Star\u00e9ho M\u011bsta pra\u017esk\u00e9ho nen\u00ed \u017e\u00e1dn\u00e1 jin\u00e1 \u010dtvr\u0165, kterou by Vltava obt\u00e9kala v&nbsp;tak \u0161irok\u00e9m oblouku jako pr\u00e1v\u011b Hole\u0161ovice. Ten hole\u0161ovick\u00fd meandr je vlastn\u011b takov\u00fd mal\u00fd Manhattan,\u201c \u0159\u00edk\u00e1 Josef Pleskot, architekt, kter\u00fd se letos stal \u010destn\u00fdm ob\u010danem Prahy&nbsp;7. Rozhovor s&nbsp;n\u00edm \u010dt\u011bte v&nbsp;prosincov\u00e9m Hobuletu, kter\u00fd v\u00e1s sezn\u00e1m\u00ed i&nbsp;s&nbsp;ostatn\u00edmi ocen\u011bn\u00fdmi ob\u010dany na\u0161eho sedm\u00e9ho obvodu, s&nbsp;fenom\u00e9nem hospodsk\u00fdch kv\u00edz\u016f, tov\u00e1rnou na barvy, laky a&nbsp;ferme\u017ee F. J. Materny nebo s&nbsp;Monikou Nov\u00e1kovou, majitelkou bistra Lovely Day. Nechyb\u011bj\u00ed tradi\u010dn\u00ed rubriky Aktivn\u00ed 7, Stalo se, str\u00e1nka pro d\u011bti \u010di kulturn\u00ed p\u0159ehled.\u00a0<\/p>\r\n<p>[\/perex]<\/p>\r\n<p>Hobuletem m\u016f\u017eete listovat tak\u00e9 <a href=\"https:\/\/zpravodaj.munipolis.cz\/praha7\/prosinec-2024\/\" target=\"_blank\" rel=\"noopener\">online<\/a>. Ilustracemi toto \u010d\u00edslo doprovodil Fef\u00edk, fotografovala Valent\u00fdna Jan\u016f.<\/p>\r\n<hr \/>\r\n<p>Nedorazil v\u00e1m Hobulet do schr\u00e1nky? Napi\u0161te n\u00e1m pros\u00edm na e-mail <a href=\"mailto:lopezp@praha7.cz\">lopezp@praha7.cz<\/a>, situaci prov\u011b\u0159\u00edme u&nbsp;doru\u010dovatele.<\/p>\r\n<p>Archiv m\u011bs\u00ed\u010dn\u00edku m\u011bstsk\u00e9 \u010d\u00e1sti Praha&nbsp;7 Hobulet najdete\u00a0<a href=\"https:\/\/www.praha7.cz\/hobulet\/archiv-hobuletu\/\">zde<\/a>.<\/p>","protected":false},"excerpt":{"rendered":"[perex] \u201eKrom\u011b Star\u00e9ho M\u011bsta pra\u017esk\u00e9ho nen\u00ed \u017e\u00e1dn\u00e1 jin\u00e1 \u010dtvr\u0165, kterou by Vltava obt\u00e9kala v&nbsp;tak \u0161irok\u00e9m oblouku jako pr\u00e1v\u011b Hole\u0161ovice. Ten hole\u0161ovick\u00fd meandr je vlastn\u011b takov\u00fd mal\u00fd Manhattan,\u201c \u0159\u00edk\u00e1 Josef Pleskot, architekt, kter\u00fd se letos stal \u010destn\u00fdm ob\u010danem Prahy&nbsp;7. Rozhovor s&nbsp;n\u00edm \u010dt\u011bte v&nbsp;prosincov\u00e9m Hobuletu, kter\u00fd v\u00e1s sezn\u00e1m\u00ed i&nbsp;s&nbsp;ostatn\u00edmi ocen\u011bn\u00fdmi ob\u010dany na\u0161eho sedm\u00e9ho obvodu, s&nbsp;fenom\u00e9nem hospodsk\u00fdch kv\u00edz\u016f, [&hellip;]","protected":false},"author":251,"featured_media":81075,"comment_status":"closed","ping_status":"open","sticky":false,"template":"","format":"standard","meta":[],"categories":[34],"tags":[116,110],"_links":{"self":[{"href":"https:\/\/www.praha7.cz\/api\/wp\/v2\/posts\/81074"}],"collection":[{"href":"https:\/\/www.praha7.cz\/api\/wp\/v2\/posts"}],"about":[{"href":"https:\/\/www.praha7.cz\/api\/wp\/v2\/types\/post"}],"author":[{"embeddable":true,"href":"https:\/\/www.praha7.cz\/api\/wp\/v2\/users\/251"}],"replies":[{"embeddable":true,"href":"https:\/\/www.praha7.cz\/api\/wp\/v2\/comments?post=81074"}],"version-history":[{"count":1,"href":"https:\/\/www.praha7.cz\/api\/wp\/v2\/posts\/81074\/revisions"}],"predecessor-version":[{"id":81076,"href":"https:\/\/www.praha7.cz\/api\/wp\/v2\/posts\/81074\/revisions\/81076"}],"wp:featuredmedia":[{"embeddable":true,"href":"https:\/\/www.praha7.cz\/api\/wp\/v2\/media\/81075"}],"wp:attachment":[{"href":"https:\/\/www.praha7.cz\/api\/wp\/v2\/media?parent=81074"}],"wp:term":[{"taxonomy":"category","embeddable":true,"href":"https:\/\/www.praha7.cz\/api\/wp\/v2\/categories?post=81074"},{"taxonomy":"post_tag","embeddable":true,"href":"https:\/\/www.praha7.cz\/api\/wp\/v2\/tags?post=81074"}],"curies":[{"name":"wp","href":"https:\/\/api.w.org\/{rel}","templated":true}]}}